{"id":29785,"date":"2014-07-14T00:00:00","date_gmt":"2014-07-14T03:00:00","guid":{"rendered":"https:\/\/www.cnbb.org.br\/comissao-sugere-reflexoes-e-celebracoes-para-mes-vocacional\/"},"modified":"2020-03-11T17:16:05","modified_gmt":"2020-03-11T20:16:05","slug":"comissao-sugere-reflexoes-e-celebracoes-para-mes-vocacional","status":"publish","type":"post","link":"https:\/\/www.cnbb.org.br\/comissao-sugere-reflexoes-e-celebracoes-para-mes-vocacional\/","title":{"rendered":"Comiss\u00e3o sugere reflex\u00f5es e celebra\u00e7\u00f5es para M\u00eas Vocacional"},"content":{"rendered":"<p style=\"text-align: justify\"><span style=\"line-height: 1.3em\">Agosto \u00e9 o M\u00eas Vocacional. Como subs\u00eddio para viv\u00eancia deste momento, a Comiss\u00e3o Episcopal Pastoral para os Minist\u00e9rios Ordenados e a Vida Consagrada da Confer\u00eancia Nacional dos Bispos do Brasil (CNBB) elaborou materiais para colaborar na din\u00e2mica de experi\u00eancia vocacional com o tema \u201cVoca\u00e7\u00f5es para uma grande miss\u00e3o\u201d e o lema \u201cIde e anunciai\u201d (Mt 11, 4b).<\/span><\/p>\n<p><!--more--><\/p>\n<p style=\"text-align: justify\"><span style=\"line-height: 1.3em\">O m\u00eas das voca\u00e7\u00f5es \u00e9 um momento em que a Igreja no Brasil celebra e faz reflex\u00f5es sobre as voca\u00e7\u00f5es a cada semana, \u00a0rezando por cada uma. As voca\u00e7\u00f5es dos sacerdotes, dos pais, das fam\u00edlias e dos catequistas s\u00e3o lembradas nesse per\u00edodo.<\/span><\/p>\n<p style=\"text-align: justify\">Foram elaborados um cartaz e dois livros. O primeiro volume, \u201cCelebra\u00e7\u00f5es vocacionais\u201d, prop\u00f5e momentos de reflex\u00e3o e ora\u00e7\u00e3o para vocacionados e coordenadores. O livreto \u201cViver a voca\u00e7\u00e3o\u201d \u00e9 destinado aos jovens e adolescentes e foi produzido pela Comiss\u00e3o Episcopal paras os Minist\u00e9rios Ordenados e a Vida Consagrada, em parceria com a Pastoral Vocacional, o Servi\u00e7o de Anima\u00e7\u00e3o Vocacional e a Pastoral Juvenil.<\/p>\n<p style=\"text-align: justify\">Os materiais para o M\u00eas Vocacional podem ser adquiridos pelo site <a href=\"http:\/\/www.edicoescnbb.com.br\" target=\"_blank\" rel=\"noopener\">www.edicoescnbb.com.br<\/a> ou pelo telefone (61) 2193-3019.<\/p>\n","protected":false},"excerpt":{"rendered":"<p>Agosto \u00e9 o M\u00eas Vocacional. Como subs\u00eddio para viv\u00eancia deste momento, a Comiss\u00e3o Episcopal Pastoral para os Minist\u00e9rios Ordenados e a Vida Consagrada da Confer\u00eancia Nacional dos Bispos do Brasil (CNBB) elaborou materiais para colaborar na din\u00e2mica de experi\u00eancia vocacional com o tema \u201cVoca\u00e7\u00f5es para uma grande miss\u00e3o\u201d e o lema \u201cIde e anunciai\u201d (Mt &hellip;<\/p>\n<p class=\"read-more\"> <a class=\"\" href=\"https:\/\/www.cnbb.org.br\/comissao-sugere-reflexoes-e-celebracoes-para-mes-vocacional\/\"> <span class=\"screen-reader-text\">Comiss\u00e3o sugere reflex\u00f5es e celebra\u00e7\u00f5es para M\u00eas Vocacional<\/span> Leia mais &raquo;<\/a><\/p>\n","protected":false},"author":83,"featured_media":29786,"comment_status":"open","ping_status":"open","sticky":false,"template":"","format":"standard","meta":{"site-sidebar-layout":"default","site-content-layout":"default","ast-global-header-display":"","ast-banner-title-visibility":"","ast-main-header-display":"","ast-hfb-above-header-display":"","ast-hfb-below-header-display":"","ast-hfb-mobile-header-display":"","site-post-title":"","ast-breadcrumbs-content":"","ast-featured-img":"","footer-sml-layout":"","theme-transparent-header-meta":"","adv-header-id-meta":"","stick-header-meta":"","header-above-stick-meta":"","header-main-stick-meta":"","header-below-stick-meta":""},"categories":[1],"tags":[],"acf":[],"_links":{"self":[{"href":"https:\/\/www.cnbb.org.br\/cnbb-app\/wp\/v2\/posts\/29785"}],"collection":[{"href":"https:\/\/www.cnbb.org.br\/cnbb-app\/wp\/v2\/posts"}],"about":[{"href":"https:\/\/www.cnbb.org.br\/cnbb-app\/wp\/v2\/types\/post"}],"author":[{"embeddable":true,"href":"https:\/\/www.cnbb.org.br\/cnbb-app\/wp\/v2\/users\/83"}],"replies":[{"embeddable":true,"href":"https:\/\/www.cnbb.org.br\/cnbb-app\/wp\/v2\/comments?post=29785"}],"version-history":[{"count":0,"href":"https:\/\/www.cnbb.org.br\/cnbb-app\/wp\/v2\/posts\/29785\/revisions"}],"wp:featuredmedia":[{"embeddable":true,"href":"https:\/\/www.cnbb.org.br\/cnbb-app\/wp\/v2\/media\/29786"}],"wp:attachment":[{"href":"https:\/\/www.cnbb.org.br\/cnbb-app\/wp\/v2\/media?parent=29785"}],"wp:term":[{"taxonomy":"category","embeddable":true,"href":"https:\/\/www.cnbb.org.br\/cnbb-app\/wp\/v2\/categories?post=29785"},{"taxonomy":"post_tag","embeddable":true,"href":"https:\/\/www.cnbb.org.br\/cnbb-app\/wp\/v2\/tags?post=29785"}],"curies":[{"name":"wp","href":"https:\/\/api.w.org\/{rel}","templated":true}]}}