{"id":29794,"date":"2015-12-07T00:00:00","date_gmt":"2015-12-07T02:00:00","guid":{"rendered":"https:\/\/www.cnbb.org.br\/a-igreja-mae-de-vocacoes-e-o-tema-da-mensagem-do-papa-francisco\/"},"modified":"2020-03-11T17:16:03","modified_gmt":"2020-03-11T20:16:03","slug":"a-igreja-mae-de-vocacoes-e-o-tema-da-mensagem-do-papa-francisco","status":"publish","type":"post","link":"https:\/\/www.cnbb.org.br\/a-igreja-mae-de-vocacoes-e-o-tema-da-mensagem-do-papa-francisco\/","title":{"rendered":"&#8220;A Igreja, m\u00e3e de voca\u00e7\u00f5es&#8221; \u00e9 o tema da mensagem do papa Francisco"},"content":{"rendered":"<p style=\"text-align: justify\">Vaticano divulga mensagem do papa Francisco para o Dia Mundial de Ora\u00e7\u00e3o pelas Voca\u00e7\u00f5es<\/p>\n<p><!--more--><\/p>\n<p>&nbsp;<\/p>\n<p style=\"text-align: justify\">No dia 17 de abril de 2016 a Igreja celebrar\u00e1 o 53\u00ba Dia Mundial de Ora\u00e7\u00e3o pelas Voca\u00e7\u00f5es. Nesta segunda-feira, dia 07, o Vaticano divulgou a mensagem do papa Francisco para a ocasi\u00e3o. O pont\u00edfice inicia seu texto manifestando o desejo de que &#8220;<span style=\"font-size: 12.16px;line-height: 15.808px\">todos os batizados pudessem, no decurso do Jubileu Extraordin\u00e1rio da Miseric\u00f3rdia, experimentar a alegria de pertencer \u00e0 Igreja! E pudessem redescobrir que a voca\u00e7\u00e3o crist\u00e3, bem como as voca\u00e7\u00f5es particulares, nascem no meio do povo de Deus e s\u00e3o dons da miseric\u00f3rdia divina&#8221;. O tema deste ano \u00e9 &#8220;A Igreja, m\u00e3e de voca\u00e7\u00f5es&#8221;<\/span><\/p>\n<p style=\"text-align: justify\">O papa convida os fi\u00e9is a contemplarem a\u00a0&#8220;comunidade apost\u00f3lica e a dar gra\u00e7as pela fun\u00e7\u00e3o da comunidade no caminho vocacional de cada um&#8221;.<\/p>\n<p style=\"text-align: justify\">No sentido do tema apresentado, Francisco sustenta que &#8220;a maternidade da Igreja exprime-se atrav\u00e9s da ora\u00e7\u00e3o perseverante pelas voca\u00e7\u00f5es e da a\u00e7\u00e3o educativa e de acompanhamento daqueles que sentem a chamada de Deus&#8221;.<\/p>\n<p style=\"text-align: justify\">Leia o texto na \u00edntegra:<\/p>\n<p style=\"text-align: justify\">\n<h4 style=\"text-align: center\">Mensagem do Papa para o 53\u00ba Dia Mundial de Ora\u00e7\u00e3o pelas Voca\u00e7\u00f5es (17 de abril de 2016)<\/h4>\n<h1 style=\"text-align: center\">A Igreja, m\u00e3e de voca\u00e7\u00f5es<\/h1>\n<h1 style=\"text-align: justify\"><\/h1>\n<p style=\"text-align: justify\">Amados irm\u00e3os e irm\u00e3s!<\/p>\n<p style=\"text-align: justify\">Como gostaria que todos os batizados pudessem, no decurso do Jubileu Extraordin\u00e1rio da Miseric\u00f3rdia, experimentar a alegria de pertencer \u00e0 Igreja! E pudessem redescobrir que a voca\u00e7\u00e3o crist\u00e3, bem como as voca\u00e7\u00f5es particulares, nascem no meio do povo de Deus e s\u00e3o dons da miseric\u00f3rdia divina! A Igreja \u00e9 a casa da miseric\u00f3rdia e tamb\u00e9m a \u00abterra\u00bb onde a voca\u00e7\u00e3o germina, cresce e d\u00e1 fruto.<\/p>\n<p style=\"text-align: justify\">Por este motivo, dirijo-me a todos v\u00f3s, por ocasi\u00e3o deste 53\u00ba Dia Mundial de Ora\u00e7\u00e3o pelas Voca\u00e7\u00f5es, convidando-vos a contemplar a comunidade apost\u00f3lica e a dar gra\u00e7as pela fun\u00e7\u00e3o da comunidade no caminho vocacional de cada um. Na Bula de proclama\u00e7\u00e3o do Jubileu Extraordin\u00e1rio da Miseric\u00f3rdia, recordei as palavras de S\u00e3o Beda, o Vener\u00e1vel, a prop\u00f3sito da voca\u00e7\u00e3o de S\u00e3o Mateus: \u00abMiserando atque eligendo\u00bb (Misericordiae Vultus, 8). A a\u00e7\u00e3o misericordiosa do Senhor perdoa os nossos pecados e abre-nos a uma vida nova que se concretiza na chamada ao discipulado e \u00e0 miss\u00e3o. Toda a voca\u00e7\u00e3o na Igreja tem a sua origem no olhar compassivo de Jesus. A convers\u00e3o e a voca\u00e7\u00e3o s\u00e3o como que duas faces da mesma medalha, interdependentes continuamente em toda a vida do disc\u00edpulo mission\u00e1rio.<\/p>\n<p style=\"text-align: justify\">O Beato Paulo VI, na Exorta\u00e7\u00e3o Apost\u00f3lica Evangelii nuntiandi, descreveu os passos do processo da evangeliza\u00e7\u00e3o. Um deles \u00e9 a ades\u00e3o \u00e0 comunidade crist\u00e3 (cf. n. 23), da qual se recebeu o testemunho da f\u00e9 e a proclama\u00e7\u00e3o expl\u00edcita da miseric\u00f3rdia do Senhor. Esta incorpora\u00e7\u00e3o comunit\u00e1ria compreende toda a riqueza da vida eclesial, particularmente os Sacramentos. A Igreja n\u00e3o \u00e9 s\u00f3 um lugar onde se cr\u00ea, mas tamb\u00e9m objeto da nossa f\u00e9; por isso, dizemos no Credo: \u00abCreio na Igreja\u00bb.<\/p>\n<p style=\"text-align: justify\">A chamada de Deus acontece atrav\u00e9s da media\u00e7\u00e3o comunit\u00e1ria. Deus chama-nos a fazer parte da Igreja e, depois dum certo amadurecimento nela, d\u00e1-nos uma voca\u00e7\u00e3o espec\u00edfica. O caminho vocacional \u00e9 feito juntamente com os irm\u00e3os e as irm\u00e3s que o Senhor nos d\u00e1: \u00e9 uma con-voca\u00e7\u00e3o. O dinamismo eclesial da voca\u00e7\u00e3o \u00e9 um ant\u00eddoto contra a indiferen\u00e7a e o individualismo. Estabelece aquela comunh\u00e3o onde a indiferen\u00e7a foi vencida pelo amor, porque exige que saiamos de n\u00f3s mesmos, colocando a nossa exist\u00eancia ao servi\u00e7o do des\u00edgnio de Deus e assumindo a situa\u00e7\u00e3o hist\u00f3rica do seu povo santo.<\/p>\n<p style=\"text-align: justify\">Neste Dia dedicado \u00e0 ora\u00e7\u00e3o pelas voca\u00e7\u00f5es, desejo exortar todos os fi\u00e9is a assumirem as suas responsabilidades no cuidado e discernimento vocacionais. Quando os Ap\u00f3stolos procuravam algu\u00e9m para ocupar o lugar de Judas Iscariotes, S\u00e3o Pedro reuniu cento e vinte irm\u00e3os (cf. At 1, 15); e, para a escolha dos sete di\u00e1conos, foi convocado o grupo dos disc\u00edpulos (cf. At 6, 2). S\u00e3o Paulo d\u00e1 a Tito crit\u00e9rios espec\u00edficos para a escolha dos presb\u00edteros (cf. Tt 1, 5-9). Tamb\u00e9m hoje, a comunidade crist\u00e3 n\u00e3o cessa de estar presente na germina\u00e7\u00e3o das voca\u00e7\u00f5es, na sua forma\u00e7\u00e3o e na sua perseveran\u00e7a (cf. Exort. ap. Evangelii gaudium, 107).<\/p>\n<p style=\"text-align: justify\">A voca\u00e7\u00e3o nasce na Igreja. Desde o despertar duma voca\u00e7\u00e3o, \u00e9 necess\u00e1rio um justo \u00absentido\u00bb de Igreja. Ningu\u00e9m \u00e9 chamado exclusivamente para uma determinada regi\u00e3o, nem para um grupo ou movimento eclesial, mas para a Igreja e para o mundo. \u00abUm sinal claro da autenticidade dum carisma \u00e9 a sua eclesialidade, a sua capacidade de se integrar harmonicamente na vida do povo santo de Deus para o bem de todos\u00bb (Ibid., 130). Respondendo \u00e0 chamada de Deus, o jovem v\u00ea alargar-se o pr\u00f3prio horizonte eclesial, pode considerar os m\u00faltiplos carismas e realizar assim um discernimento mais objetivo. Deste modo, a comunidade torna-se a casa e a fam\u00edlia onde nasce a voca\u00e7\u00e3o. O candidato contempla, agradecido, esta media\u00e7\u00e3o comunit\u00e1ria como elemento imprescind\u00edvel para o seu futuro. Aprende a conhecer e a amar os irm\u00e3os e irm\u00e3s que percorrem caminhos diferentes do seu; e estes v\u00ednculos refor\u00e7am a comunh\u00e3o em todos.<\/p>\n<p style=\"text-align: justify\">A voca\u00e7\u00e3o cresce na Igreja. Durante o processo de forma\u00e7\u00e3o, os candidatos \u00e0s diversas voca\u00e7\u00f5es precisam de conhecer cada vez melhor a comunidade eclesial, superando a vis\u00e3o limitada que todos temos inicialmente. Com tal finalidade, \u00e9 oportuno fazer alguma experi\u00eancia apost\u00f3lica juntamente com outros membros da comunidade, como, por exemplo, comunicar a mensagem crist\u00e3 ao lado dum bom catequista; experimentar a evangeliza\u00e7\u00e3o nas periferias juntamente com uma comunidade religiosa; descobrir o tesouro da contempla\u00e7\u00e3o, partilhando a vida de clausura; conhecer melhor a miss\u00e3o ad gentes em contato com os mission\u00e1rios; e, com os sacerdotes diocesanos, aprofundar a experi\u00eancia da pastoral na par\u00f3quia e na diocese. Para aqueles que j\u00e1 est\u00e3o em forma\u00e7\u00e3o, a comunidade eclesial permanece sempre o espa\u00e7o educativo fundamental, pelo qual se sente gratid\u00e3o.<\/p>\n<p style=\"text-align: justify\">A voca\u00e7\u00e3o \u00e9 sustentada pela Igreja. Depois do compromisso definitivo, o caminho vocacional na Igreja n\u00e3o termina, mas continua na disponibilidade para o servi\u00e7o, na perseveran\u00e7a e na forma\u00e7\u00e3o permanente. Quem consagrou a pr\u00f3pria vida ao Senhor, est\u00e1 pronto a servir a Igreja onde esta tiver necessidade. A miss\u00e3o de Paulo e Barnab\u00e9 \u00e9 um exemplo desta disponibilidade eclesial. Enviados em miss\u00e3o pelo Esp\u00edrito Santo e pela comunidade de Antioquia (cf. At 13, 1-4), regressaram depois \u00e0 mesma comunidade e narraram aquilo que o Senhor fizera por meio deles (cf. At 14, 27). Os mission\u00e1rios s\u00e3o acompanhados e sustentados pela comunidade crist\u00e3, que permanece uma refer\u00eancia vital, como a p\u00e1tria vis\u00edvel onde encontram seguran\u00e7a aqueles que realizam a peregrina\u00e7\u00e3o para a vida eterna.<\/p>\n<p style=\"text-align: justify\">Dentre os agentes pastorais, revestem-se de particular relev\u00e2ncia os sacerdotes. Por meio do seu minist\u00e9rio, torna-se presente a palavra de Jesus que disse: \u00abEu sou a porta das ovelhas (\u2026). Eu sou o bom pastor\u00bb (Jo 10, 7.11). O cuidado pastoral das voca\u00e7\u00f5es \u00e9 uma parte fundamental do seu minist\u00e9rio. Os sacerdotes acompanham tanto aqueles que andam \u00e0 procura da pr\u00f3pria voca\u00e7\u00e3o, como os que j\u00e1 ofereceram a vida ao servi\u00e7o de Deus e da comunidade.<\/p>\n<p style=\"text-align: justify\">Todos os fi\u00e9is s\u00e3o chamados a consciencializar-se do dinamismo eclesial da voca\u00e7\u00e3o, para que as comunidades de f\u00e9 possam tornar-se, a exemplo da Virgem Maria, seio materno que acolhe o dom do Esp\u00edrito Santo (cf. Lc 1, 35-38). A maternidade da Igreja exprime-se atrav\u00e9s da ora\u00e7\u00e3o perseverante pelas voca\u00e7\u00f5es e da a\u00e7\u00e3o educativa e de acompanhamento daqueles que sentem a chamada de Deus. F\u00e1-lo tamb\u00e9m mediante uma cuidadosa sele\u00e7\u00e3o dos candidatos ao minist\u00e9rio ordenado e \u00e0 vida consagrada. Enfim, \u00e9 m\u00e3e das voca\u00e7\u00f5es pelo cont\u00ednuo apoio daqueles que consagraram a vida ao servi\u00e7o dos outros.<\/p>\n<p style=\"text-align: justify\">Pe\u00e7amos ao Senhor que conceda, a todas as pessoas que est\u00e3o a realizar um caminho vocacional, uma profunda ades\u00e3o \u00e0 Igreja; e que o Esp\u00edrito Santo reforce, nos Pastores e em todos os fi\u00e9is, a comunh\u00e3o, o discernimento e a paternidade ou maternidade espiritual.<\/p>\n<p style=\"text-align: justify\">Pai de miseric\u00f3rdia, que destes o vosso Filho pela nossa salva\u00e7\u00e3o e sempre nos sustentais com os dons do vosso Esp\u00edrito, concedei-nos comunidades crist\u00e3s vivas, fervorosas e felizes, que sejam fontes de vida fraterna e suscitem nos jovens o desejo de se consagrarem a V\u00f3s e \u00e0 evangeliza\u00e7\u00e3o. Sustentai-as no seu compromisso de propor uma adequada catequese vocacional e caminhos de especial consagra\u00e7\u00e3o. Dai sabedoria para o necess\u00e1rio discernimento vocacional, de modo que, em tudo, resplande\u00e7a a grandeza do vosso amor misericordioso. Maria, M\u00e3e e educadora de Jesus, interceda por cada comunidade crist\u00e3, para que, tornada fecunda pelo Esp\u00edrito Santo, seja fonte de voca\u00e7\u00f5es aut\u00eanticas para o servi\u00e7o do povo santo de Deus.<\/p>\n<p style=\"text-align: justify\">Cidade do Vaticano, 29 de Novembro \u2013 I Domingo do Advento \u2013 de 2015.<\/p>\n<address style=\"text-align: justify\">FRANCISCUS<\/address>\n<p style=\"text-align: justify\">\n","protected":false},"excerpt":{"rendered":"<p>Vaticano divulga mensagem do papa Francisco para o Dia Mundial de Ora\u00e7\u00e3o pelas Voca\u00e7\u00f5es<\/p>\n","protected":false},"author":83,"featured_media":29795,"comment_status":"open","ping_status":"open","sticky":false,"template":"","format":"standard","meta":{"site-sidebar-layout":"default","site-content-layout":"default","ast-global-header-display":"","ast-banner-title-visibility":"","ast-main-header-display":"","ast-hfb-above-header-display":"","ast-hfb-below-header-display":"","ast-hfb-mobile-header-display":"","site-post-title":"","ast-breadcrumbs-content":"","ast-featured-img":"","footer-sml-layout":"","theme-transparent-header-meta":"","adv-header-id-meta":"","stick-header-meta":"","header-above-stick-meta":"","header-main-stick-meta":"","header-below-stick-meta":""},"categories":[1],"tags":[],"acf":[],"_links":{"self":[{"href":"https:\/\/www.cnbb.org.br\/cnbb-app\/wp\/v2\/posts\/29794"}],"collection":[{"href":"https:\/\/www.cnbb.org.br\/cnbb-app\/wp\/v2\/posts"}],"about":[{"href":"https:\/\/www.cnbb.org.br\/cnbb-app\/wp\/v2\/types\/post"}],"author":[{"embeddable":true,"href":"https:\/\/www.cnbb.org.br\/cnbb-app\/wp\/v2\/users\/83"}],"replies":[{"embeddable":true,"href":"https:\/\/www.cnbb.org.br\/cnbb-app\/wp\/v2\/comments?post=29794"}],"version-history":[{"count":0,"href":"https:\/\/www.cnbb.org.br\/cnbb-app\/wp\/v2\/posts\/29794\/revisions"}],"wp:featuredmedia":[{"embeddable":true,"href":"https:\/\/www.cnbb.org.br\/cnbb-app\/wp\/v2\/media\/29795"}],"wp:attachment":[{"href":"https:\/\/www.cnbb.org.br\/cnbb-app\/wp\/v2\/media?parent=29794"}],"wp:term":[{"taxonomy":"category","embeddable":true,"href":"https:\/\/www.cnbb.org.br\/cnbb-app\/wp\/v2\/categories?post=29794"},{"taxonomy":"post_tag","embeddable":true,"href":"https:\/\/www.cnbb.org.br\/cnbb-app\/wp\/v2\/tags?post=29794"}],"curies":[{"name":"wp","href":"https:\/\/api.w.org\/{rel}","templated":true}]}}