{"id":29798,"date":"2017-04-04T00:00:00","date_gmt":"2017-04-04T03:00:00","guid":{"rendered":"https:\/\/www.cnbb.org.br\/morre-o-arcebispo-emerito-de-juiz-de-fora-mg\/"},"modified":"2020-03-11T17:16:02","modified_gmt":"2020-03-11T20:16:02","slug":"morre-o-arcebispo-emerito-de-juiz-de-fora-mg","status":"publish","type":"post","link":"https:\/\/www.cnbb.org.br\/morre-o-arcebispo-emerito-de-juiz-de-fora-mg\/","title":{"rendered":"Morre o arcebispo em\u00e9rito de Juiz de Fora (MG)"},"content":{"rendered":"<p style=\"text-align: justify\">Dom Cl\u00f3vis Frainer tinha 86 anos e morava em Caxias do Sul (RS)<\/p>\n<p><!--more--><\/p>\n<p style=\"text-align: justify\">Faleceu na tarde desta ter\u00e7a-feira, 04 de abril, o arcebispo em\u00e9rito de Juiz de Fora (MG), dom Cl\u00f3vis Frainer. Segundo informa\u00e7\u00f5es da Prov\u00edncia dos Capuchinhos do Rio Grande do Sul, o bispo faleceu em consequ\u00eancia de complica\u00e7\u00f5es pulmonares e fal\u00eancia de outros \u00f3rg\u00e3os.<\/p>\n<p style=\"text-align: justify\">Em nota, divulgada no site da arquidiocese, o atual arcebispo de Juiz de Fora, dom Gil Ant\u00f4nio Moreira, expressou que a Igreja\u00a0Particular &#8220;deve muitos obs\u00e9quios a este extraordin\u00e1rio Pastor, que deu a sua vida pela Igreja e pela evangeliza\u00e7\u00e3o de nossa gente. Como bom franciscano, deu testemunho de desapego das coisas materiais e de qualquer honraria humana&#8221;.<\/p>\n<p style=\"text-align: justify\">Em nome da Prov\u00edncia Eclesi\u00e1stica de Juiz de Fora, dom Gil\u00a0solidarizou-se com a\u00a0fam\u00edlia franciscana capuchinha &#8220;na dor desta aus\u00eancia e na f\u00e9 firme na ressurrei\u00e7\u00e3o dos mortos&#8221;. &#8220;A p\u00e1scoa definitiva de Dom Clovis seja luz para a P\u00e1scoa que estamos para celebrar em toda a Igreja&#8221;, escreveu o arcebispo.<\/p>\n<h3 style=\"text-align: justify\">Trajet\u00f3ria<\/h3>\n<p style=\"text-align: justify\">Em 1978, dom Cl\u00f3vis, foi eleito primeiro bispo da rec\u00e9m-criada Prelazia de Coxim (MS), onde tomou posse no dia 14 de maio. Em 05 de janeiro de 1985 foi transferido para Manaus (AM) como arcebispo metropolitano, nomeado pelo papa Jo\u00e3o Paulo II, onde tomou posse no dia 31 de mar\u00e7o.\u00a0Em 22 de maio de 1991, foi nomeado arcebispo de Juiz de Fora (MG) com a tomada de posse em 15 de agosto. Atuou na arquidiocese at\u00e9 28 de novembro de 2001, quando da publica\u00e7\u00e3o oficial da ren\u00fancia. Ap\u00f3s 24 anos de m\u00fanus episcopal, tornou-se arcebispo em\u00e9rito.<\/p>\n<p style=\"text-align: justify\">O arcebispo de Manaus, dom\u00a0S\u00e9rgio Eduardo Castriani, publicou nota de pesar e lembrou que era comum escutar em seu discurso a gratid\u00e3o pelo \u201cdom de Deus\u201d. &#8220;Assim guardamos a passagem de Dom Cl\u00f3vis em nossa caminhada eclesial&#8221;, afirma o arcebispo. Na arquidiocese do Amazonas, dom Cl\u00f3vis foi respons\u00e1vel pela reorganiza\u00e7\u00e3o administrativa, dinamizou a coordena\u00e7\u00e3o de Pastoral e coordenou duas Assembleias Arquidiocesanas de Pastoral. &#8220;Foi um grande incentivador das voca\u00e7\u00f5es para o clero local e reestruturou o Semin\u00e1rio Arquidiocesano S\u00e3o Jos\u00e9 proporcionando novas instala\u00e7\u00f5es e consist\u00eancia no processo formativo. Organizou a Igreja de Manaus em regi\u00f5es episcopais e fortaleceu a vida das Par\u00f3quias por meio das visitas pastorais. Homem de respostas imediatas e pr\u00e1ticas suscitou a admira\u00e7\u00e3o e reconhecimento, sua passagem pelo meio de n\u00f3s foi um &#8216;dom de Deus!'&#8221;, contou dom S\u00e9rgio.<\/p>\n<p style=\"text-align: justify\">\n<h3 style=\"text-align: justify\">Vel\u00f3rio e sepultamento<\/h3>\n<p style=\"text-align: justify\">O corpo de dom Cl\u00f3vis est\u00e1 sendo velado na tarde desta ter\u00e7a-feira, na Capela da Casa S\u00e3o Frei Pio, junto ao Convento dos Capuchinhos, em Caxias do Sul (RS). A missa e ora\u00e7\u00f5es de despedida ter\u00e3o lugar na Matriz Imaculada Concei\u00e7\u00e3o, na quarta-feira, 05, \u00e0s 16h. O sepultamento acontecer\u00e1 no Memorial dos Capuchinhos de Caxias do Sul, junto ao Convento dos Capuchinhos.<\/p>\n<h5 style=\"text-align: justify\"><strong>Com informa\u00e7\u00f5es da Prov\u00edncia dos Capuchinhos do Rio Grande do Sul<\/strong><\/h5>\n<p style=\"font-size: 12.16px\">\n","protected":false},"excerpt":{"rendered":"<p>Dom Cl\u00f3vis Frainer tinha 86 anos e morava em Caxias do Sul (RS)<\/p>\n","protected":false},"author":83,"featured_media":29799,"comment_status":"open","ping_status":"open","sticky":false,"template":"","format":"standard","meta":{"site-sidebar-layout":"default","site-content-layout":"default","ast-global-header-display":"","ast-banner-title-visibility":"","ast-main-header-display":"","ast-hfb-above-header-display":"","ast-hfb-below-header-display":"","ast-hfb-mobile-header-display":"","site-post-title":"","ast-breadcrumbs-content":"","ast-featured-img":"","footer-sml-layout":"","theme-transparent-header-meta":"","adv-header-id-meta":"","stick-header-meta":"","header-above-stick-meta":"","header-main-stick-meta":"","header-below-stick-meta":""},"categories":[1],"tags":[],"acf":[],"_links":{"self":[{"href":"https:\/\/www.cnbb.org.br\/cnbb-app\/wp\/v2\/posts\/29798"}],"collection":[{"href":"https:\/\/www.cnbb.org.br\/cnbb-app\/wp\/v2\/posts"}],"about":[{"href":"https:\/\/www.cnbb.org.br\/cnbb-app\/wp\/v2\/types\/post"}],"author":[{"embeddable":true,"href":"https:\/\/www.cnbb.org.br\/cnbb-app\/wp\/v2\/users\/83"}],"replies":[{"embeddable":true,"href":"https:\/\/www.cnbb.org.br\/cnbb-app\/wp\/v2\/comments?post=29798"}],"version-history":[{"count":0,"href":"https:\/\/www.cnbb.org.br\/cnbb-app\/wp\/v2\/posts\/29798\/revisions"}],"wp:featuredmedia":[{"embeddable":true,"href":"https:\/\/www.cnbb.org.br\/cnbb-app\/wp\/v2\/media\/29799"}],"wp:attachment":[{"href":"https:\/\/www.cnbb.org.br\/cnbb-app\/wp\/v2\/media?parent=29798"}],"wp:term":[{"taxonomy":"category","embeddable":true,"href":"https:\/\/www.cnbb.org.br\/cnbb-app\/wp\/v2\/categories?post=29798"},{"taxonomy":"post_tag","embeddable":true,"href":"https:\/\/www.cnbb.org.br\/cnbb-app\/wp\/v2\/tags?post=29798"}],"curies":[{"name":"wp","href":"https:\/\/api.w.org\/{rel}","templated":true}]}}