{"id":29890,"date":"2018-04-16T00:00:00","date_gmt":"2018-04-16T03:00:00","guid":{"rendered":"https:\/\/www.cnbb.org.br\/romaria-dos-comunicadores-foi-realizada-em-celebracao-da-eucaristia-no-santuario-nacional\/"},"modified":"2018-04-16T00:00:00","modified_gmt":"2018-04-16T03:00:00","slug":"romaria-dos-comunicadores-foi-realizada-em-celebracao-da-eucaristia-no-santuario-nacional","status":"publish","type":"post","link":"https:\/\/www.cnbb.org.br\/romaria-dos-comunicadores-foi-realizada-em-celebracao-da-eucaristia-no-santuario-nacional\/","title":{"rendered":"Romaria dos Comunicadores foi realizada durante missa no domingo, 15 de abril"},"content":{"rendered":"<p style=\"text-align: justify\"><a href=\"https:\/\/www.cnbb.org.br\/romaria-dos-comunicadores-foi-realizada-em-celebracao-da-eucaristia-no-santuario-nacional\/darci3\/\" rel=\"attachment wp-att-186812\"><img decoding=\"async\" loading=\"lazy\" class=\"size-medium wp-image-186812 alignleft\" src=\"https:\/\/www.cnbb.org.br\/wp-content\/uploads\/2020\/03\/darci3-300x200.jpg\" alt=\"\" width=\"300\" height=\"200\" \/><\/a>Na celebra\u00e7\u00e3o da Eucaristia, \u00e0s 18hs, deste domingo, 15 de abril, Comiss\u00e3o Episcopal Pastoral para a Comunica\u00e7\u00e3o da CNBB lan\u00e7ou no Brasil, oficialmente, o 52\u00ba Dia Mundial das Comunica\u00e7\u00f5es (DMC) que ser\u00e1 celebrado no dia 13 de maio de 2018. Estiveram presentes para concelebrar, os bispos que s\u00e3o respons\u00e1veis pela comunica\u00e7\u00e3o nos 18 regionais da Confer\u00eancia. Al\u00e9m deles, participaram os membros da Comiss\u00e3o.<\/p>\n<p>&nbsp;<\/p>\n<p style=\"text-align: justify\"><strong>A Mensagem<\/strong><\/p>\n<p style=\"text-align: justify\">Papa Francisco escreveu uma Mensagem especial para a data. O tema foi tirado de uma passagem do Evangelho de S\u00e3o Jo\u00e3o: &#8220;A verdade vos tornar\u00e1 livres\u201d. E o assunto tratado pelo Papa \u00e9 atual e urgente: \u201cFake news e jornalismo de paz\u201d. Francisco lembra, no texto, que \u201c<em>No projeto de Deus, a comunica\u00e7\u00e3o humana \u00e9 uma modalidade essencial para viver a comunh\u00e3o. Imagem e semelhan\u00e7a do Criador, o ser humano \u00e9 capaz de expressar e compartilhar o verdadeiro, o bom e o belo. \u00c9 capaz de narrar a sua pr\u00f3pria experi\u00eancia e o mundo, construindo assim a mem\u00f3ria e a compreens\u00e3o dos acontecimentos. Mas, se orgulhosamente seguir o seu ego\u00edsmo, o homem pode usar de modo distorcido a pr\u00f3pria faculdade de comunicar, como o atestam, j\u00e1 nos prim\u00f3rdios, os epis\u00f3dios b\u00edblicos dos irm\u00e3os Caim e Abel e da Torre de Babel (cf. Gn 4, 1-16; 11, 1-9)\u201d.<\/em><\/p>\n<p style=\"text-align: justify\">E o caso das not\u00edcias falsas que hoje em dia se espalham com grande velocidade, uma vez que est\u00e3o amparadas por tecnologias novas de comunica\u00e7\u00e3o \u00e9 tratado pelo Papa: \u201c<em>Sintoma t\u00edpico de tal distor\u00e7\u00e3o \u00e9 a altera\u00e7\u00e3o da verdade, tanto no plano individual como no coletivo. Se, pelo contr\u00e1rio, se mantiver fiel ao projeto de Deus, a comunica\u00e7\u00e3o torna-se lugar para exprimir a pr\u00f3pria responsabilidade na busca da verdade e na constru\u00e7\u00e3o do bem. Hoje, no contexto duma comunica\u00e7\u00e3o cada vez mais r\u00e1pida e dentro dum sistema digital, assistimos ao fen\u00f3meno das \u00abnot\u00edcias falsas\u00bb, as chamadas fake news: isto convida-nos a refletir, sugerindo-me dedicar esta Mensagem ao tema da verdade, como ali\u00e1s j\u00e1 mais vezes o fizeram os meus predecessores a come\u00e7ar por Paulo VI. Gostaria, assim, de contribuir para o esfor\u00e7o comum de prevenir a difus\u00e3o das not\u00edcias falsas e para redescobrir o valor da profiss\u00e3o jornal\u00edstica e a responsabilidade pessoal de cada um na comunica\u00e7\u00e3o da verdade\u201d<\/em>.<\/p>\n<p style=\"text-align: justify\">Para reconhecer essas not\u00edcias falsas, o Papa aconselha: \u201c<em>Nenhum de n\u00f3s se pode eximir da responsabilidade de contrastar estas falsidades. N\u00e3o \u00e9 tarefa f\u00e1cil, porque a desinforma\u00e7\u00e3o se baseia muitas vezes sobre discursos variegados, deliberadamente evasivos e subtilmente enganadores, valendo-se por vezes de mecanismos refinados. Por isso, s\u00e3o louv\u00e1veis as iniciativas educativas que permitem apreender como ler e avaliar o contexto comunicativo, ensinando a n\u00e3o ser divulgadores inconscientes de desinforma\u00e7\u00e3o, mas atores do seu desvendamento. Igualmente louv\u00e1veis s\u00e3o as iniciativas institucionais e jur\u00eddicas empenhadas na defini\u00e7\u00e3o de normativas que visam circunscrever o fen\u00f3meno, e ainda iniciativas, como as empreendidas pelas tech e media company, id\u00f3neas para definir novos crit\u00e9rios capazes de verificar as identidades pessoais que se escondem por detr\u00e1s de milh\u00f5es de perfis digitais<\/em>\u201d.<\/p>\n<p style=\"text-align: justify\"><strong>Homilia<\/strong><\/p>\n<p style=\"text-align: justify\">Presidindo a Celebra\u00e7\u00e3o no Terceiro Domingo da P\u00e1scoa, tendo como pano de fundo a Mensagem do Papa, dom Darci Jos\u00e9 Nicioli, arcebispo de Dimantina (MG) e presidente da Comiss\u00e3o Episcopal Pastoral para a Comunica\u00e7\u00e3o da CNBB, falou que \u201c<em>Precisamos ter como objetivo primeiramente como Comunicadores cat\u00f3licos anunciar Jesus ressuscitado. Anunciar que Jesus ressuscitou e assumiu um compromisso com a vida. Com a dignidade da pessoa humana<\/em>\u201d.<\/p>\n<p style=\"text-align: justify\">E encaminhou a reflex\u00e3o do dia: \u201c<em>Deixo um apelo aos profissionais da\u00a0 comunica\u00e7\u00e3o e que seja levado pelas bispos aos diversos agentes da Pascom de suas par\u00f3quias. Comuniquemos aquele que \u00e9 caminho verdade \u00e9 vida. Esse \u00e9 o nosso grande desafio num mundo indiferente a Deus e aos valores do evangelho. Passar da mentira das armas e da viol\u00eancia para a verdade de vida do Deus que n\u00e3o tira. Mas d\u00e1 a sua vida. A vida e sua defesa inegoci\u00e1vel<\/em>\u201d.<\/p>\n<p>&nbsp;<\/p>\n<p style=\"text-align: justify\"><strong><a href=\"https:\/\/www.cnbb.org.br\/romaria-dos-comunicadores-foi-realizada-em-celebracao-da-eucaristia-no-santuario-nacional\/bispos2\/\" rel=\"attachment wp-att-186813\"><img decoding=\"async\" loading=\"lazy\" class=\"size-medium wp-image-186813 alignleft\" src=\"https:\/\/www.cnbb.org.br\/wp-content\/uploads\/2020\/03\/bispos2-300x200.jpg\" alt=\"\" width=\"300\" height=\"200\" \/><\/a>Bispos referenciais<\/strong><\/p>\n<p style=\"text-align: justify\"><em>Comiss\u00e3o Episcopal Pastoral para a Comunica\u00e7\u00e3o<\/em><\/p>\n<p style=\"text-align: justify\"><strong>Dom Darci Jos\u00e9 Nicioli<\/strong>, presidente.<\/p>\n<p style=\"text-align: justify\"><strong>Dom Devair Ara\u00fajo da Fonseca<\/strong>, bispo auxiliar de S\u00e3o Paulo (SP)<\/p>\n<p style=\"text-align: justify\"><strong>Dom Roque de Souza<\/strong>, bispo auxiliar do Rio de Janeiro (SP)<\/p>\n<p>&nbsp;<\/p>\n<p style=\"text-align: justify\"><em>Referenciais de Comunica\u00e7\u00e3o dos regionais da CNBB<\/em><\/p>\n<p style=\"text-align: justify\"><strong>Cardeal Orani Jo\u00e3o Tempesta<\/strong>, arcebispo do Rio de Janeiro (RJ), referencial do Leste 1.<\/p>\n<p style=\"text-align: justify\"><strong>Dom Gil Ant\u00f4nio Moreira<\/strong>, arcebispo de Juiz de Fora (MG), referencial do Leste 2.<\/p>\n<p style=\"text-align: justify\"><strong>Dom Manoel Delson Pedreira da Cruz<\/strong>, arcebispo do Para\u00edba (PB), referencial do Nordeste 2.<\/p>\n<p style=\"text-align: justify\"><strong>Dom Sergio Castriani<\/strong>, arcebispo de Manaus (AM), referencial do Norte 1.<\/p>\n<p style=\"text-align: justify\"><strong>Dom Dimas Lara Barbosa<\/strong>, arcebispo de Campo Grande (MS), referencial do Oeste 1.<\/p>\n<p style=\"text-align: justify\"><strong>Dom Messias dos Reis Silveira<\/strong>, bispo de Urua\u00e7u (GO), referencial do Centro Oeste.<\/p>\n<p style=\"text-align: justify\">D<strong>om Jos\u00e9 Luiz Gomes de Vasconcelos<\/strong>, bispo de Sobral (CE), referencial do Nordeste 1.<\/p>\n<p style=\"text-align: justify\"><strong>Dom Edilson Nobre<\/strong>, bispo de Oeiras (PI), referencial do Nordeste 4.<\/p>\n<p style=\"text-align: justify\"><strong>Dom Francisco Carlos Bach<\/strong>, bispo de Joinville (SC), referencial do Sul 4.<\/p>\n<p style=\"text-align: justify\"><strong>Dom Carlos Romulo Gon\u00e7alves e Silva<\/strong>, bispo de Montenegro (RS), referencial do Sul 3.<\/p>\n<p style=\"text-align: justify\"><strong>Dom Romualdo Matias<\/strong>, bispo de Porto Nacional (TO), referencial do Norte 3.<\/p>\n<p style=\"text-align: justify\"><strong>Dom Josaf\u00e1 Menezes<\/strong>, bispo de Barreiras (BA), referencial do Nordeste 3.<\/p>\n<p style=\"text-align: justify\"><strong>Dom Jos\u00e9 Belis\u00e1rio da\u00a0 Silva<\/strong>, arcebispo de S\u00e3o Lu\u00eds (MA), referencial do Nordeste 5.<\/p>\n<p style=\"text-align: justify\"><strong>Dom Vilson Dias de Oliveira<\/strong>, bispo de Limeira (SP), referencial do Sul 1.<\/p>\n<p style=\"text-align: justify\"><strong>Dom Ant\u00f4nio Wagner da Silva<\/strong>, bispo de Guarapuava (PR), referencial do Sul 2.<\/p>\n<p style=\"text-align: justify\"><strong>Dom Milton Ant\u00f4nio dos Santos<\/strong>, arcebispo de Cuiab\u00e1 (MT), referencial do Oeste 2<\/p>\n<p style=\"text-align: justify\"><strong>Dom Francisco Merkel<\/strong>, bispo de Humait\u00e1 (AM), referencial do Noroeste.<\/p>\n<p style=\"text-align: justify\"><strong>Dom Alberto Taveira<\/strong>, arcebispo de Bel\u00e9m do Par\u00e1 (PA), referencial do Norte 2.<\/p>\n<p style=\"text-align: justify\">\n","protected":false},"excerpt":{"rendered":"<p>Dom Darci Nicioli, presidente da Comiss\u00e3o de Comunica\u00e7\u00e3o da CNBB, presidiu a Eucaristia concelebrada pelos referenciais dos regionais<\/p>\n","protected":false},"author":83,"featured_media":29892,"comment_status":"closed","ping_status":"open","sticky":false,"template":"","format":"standard","meta":{"site-sidebar-layout":"default","site-content-layout":"default","ast-global-header-display":"","ast-banner-title-visibility":"","ast-main-header-display":"","ast-hfb-above-header-display":"","ast-hfb-below-header-display":"","ast-hfb-mobile-header-display":"","site-post-title":"","ast-breadcrumbs-content":"","ast-featured-img":"","footer-sml-layout":"","theme-transparent-header-meta":"","adv-header-id-meta":"","stick-header-meta":"","header-above-stick-meta":"","header-main-stick-meta":"","header-below-stick-meta":""},"categories":[879,745,744],"tags":[],"acf":[],"_links":{"self":[{"href":"https:\/\/www.cnbb.org.br\/cnbb-app\/wp\/v2\/posts\/29890"}],"collection":[{"href":"https:\/\/www.cnbb.org.br\/cnbb-app\/wp\/v2\/posts"}],"about":[{"href":"https:\/\/www.cnbb.org.br\/cnbb-app\/wp\/v2\/types\/post"}],"author":[{"embeddable":true,"href":"https:\/\/www.cnbb.org.br\/cnbb-app\/wp\/v2\/users\/83"}],"replies":[{"embeddable":true,"href":"https:\/\/www.cnbb.org.br\/cnbb-app\/wp\/v2\/comments?post=29890"}],"version-history":[{"count":0,"href":"https:\/\/www.cnbb.org.br\/cnbb-app\/wp\/v2\/posts\/29890\/revisions"}],"wp:featuredmedia":[{"embeddable":true,"href":"https:\/\/www.cnbb.org.br\/cnbb-app\/wp\/v2\/media\/29892"}],"wp:attachment":[{"href":"https:\/\/www.cnbb.org.br\/cnbb-app\/wp\/v2\/media?parent=29890"}],"wp:term":[{"taxonomy":"category","embeddable":true,"href":"https:\/\/www.cnbb.org.br\/cnbb-app\/wp\/v2\/categories?post=29890"},{"taxonomy":"post_tag","embeddable":true,"href":"https:\/\/www.cnbb.org.br\/cnbb-app\/wp\/v2\/tags?post=29890"}],"curies":[{"name":"wp","href":"https:\/\/api.w.org\/{rel}","templated":true}]}}