{"id":29907,"date":"2018-04-17T00:00:00","date_gmt":"2018-04-17T03:00:00","guid":{"rendered":"https:\/\/www.cnbb.org.br\/lancado-livro-sobre-o-perfil-episcopal-da-igreja-no-brasil-desde-o-tempo-colonial-ate-os-dias-atuais\/"},"modified":"2018-04-17T00:00:00","modified_gmt":"2018-04-17T03:00:00","slug":"lancado-livro-sobre-o-perfil-episcopal-da-igreja-no-brasil-desde-o-tempo-colonial-ate-os-dias-atuais","status":"publish","type":"post","link":"https:\/\/www.cnbb.org.br\/lancado-livro-sobre-o-perfil-episcopal-da-igreja-no-brasil-desde-o-tempo-colonial-ate-os-dias-atuais\/","title":{"rendered":"Lan\u00e7ado livro sobre o perfil episcopal da Igreja no Brasil desde o tempo colonial at\u00e9 os dias atuais"},"content":{"rendered":"<p style=\"text-align: justify\">Professor Fernando Altemeyer Jr,\u00a0Chefe do departamento de Ci\u00eancia da Religi\u00e3o, na Faculdade de Ci\u00eancias Sociais da Pontif\u00edcia Universidade Cat\u00f3lica de S\u00e3o Paulo, \u00e9 autor do livro &#8220;Perfil episcopal da Igreja da Igreja Cat\u00f3lica no Brasil &#8211; 1551 &#8211; 2018&#8221;, pela editora Paulus. Dom Ang\u00e9lico S\u00e2ndalo Bernardino, bispo em\u00e9rito de Blumenau (SC), apresenta o volume do seguinte modo: &#8220;<em>Ao percorrer as p\u00e1ginas deste livro com nomes, datas e informa\u00e7\u00f5es preciosas sobre o Episcopado Cat\u00f3lico Brasileiro, fa\u00e7o um pedido franciscano: rezem por n\u00f3s! Saibam que somos humanos e fr\u00e1geis, mas saibam tamb\u00e9m que a miseric\u00f3rdia de Deus nos faz homens da esperan\u00e7a<\/em>&#8220;.<\/p>\n<p><strong>Estrutura<\/strong><\/p>\n<p style=\"text-align: justify\">Na primeira parte, o livro traz um brev\u00edssimo texto sobre o Brasil, lugar onde a Igreja realiza a sua miss\u00e3o e, em seguida, apresenta uma sucess\u00e3o de textos selecionados, tamb\u00e9m muito breves, a respeito da identidade e da miss\u00e3o dos bispos na Igreja. Partindo da cita\u00e7\u00e3o dos Atos dos Ap\u00f3stolos: &#8220;<em>De Mileto, mandou a \u00c9feso chamar os anci\u00e3os da Igreja<\/em>&#8221; (20,17) at\u00e9 dom Pedro Casald\u00e1liga, prelado em\u00e9rito de S\u00e3o F\u00e9lix do Araguaia (MT): &#8220;<em>nada possuir, nada carregar, nada pedir, nada calar e, sobretudo, nada matar<\/em>&#8220;.<\/p>\n<p style=\"text-align: justify\">Em seguida, apresenta uma lista de 1.153 bispos, considerando desde a Col\u00f4nia at\u00e9 os dias atuais: &#8220;<em>um abade-bispo, 22 cardeais-arcebispos, 209 arcebispos, 802 bispos, 95 prelados, 3 prefeitos, 11 administradores apost\u00f3licos, dois exarcas e oito eparcas. S\u00e3o 478 bispos vivos e 675 bispos falecidos<\/em>&#8220;.<\/p>\n<p style=\"text-align: justify\">Na parte final, o livro traz onze ap\u00eandices com particularidades sobre o quadro geral do episcopado nesses cinco s\u00e9culos.<\/p>\n<p><strong>Destaque<\/strong><\/p>\n<p style=\"text-align: justify\">Entre os ap\u00eandices, est\u00e1 a letra &#8220;G&#8221; que traz uma lista completa da origem de todos os bispos que j\u00e1 trabalharam no Brasil desde o s\u00e9culo XVI. Eis os 10 maiores n\u00fameros: <em>167 paulistas, 153 mineiros, 104 ga\u00fachos, 99 italianos, 87 portugueses, 54 catarinenses, 47 cariocas, 46 baianos, 44 pernambucanos e 37 cearenses<\/em>.<\/p>\n<p>O livro est\u00e1 dispon\u00edvel nas livrarias cat\u00f3licas.<\/p>\n","protected":false},"excerpt":{"rendered":"<p>O volume \u00e9 fruto de um trabalho realizado durante 24 anos pelo Prof. Fernando Altemeyer Jr, \u00a0Chefe do departamento de Ci\u00eancia da Religi\u00e3o<\/p>\n","protected":false},"author":83,"featured_media":0,"comment_status":"closed","ping_status":"open","sticky":false,"template":"","format":"standard","meta":{"site-sidebar-layout":"default","site-content-layout":"default","ast-global-header-display":"","ast-banner-title-visibility":"","ast-main-header-display":"","ast-hfb-above-header-display":"","ast-hfb-below-header-display":"","ast-hfb-mobile-header-display":"","site-post-title":"","ast-breadcrumbs-content":"","ast-featured-img":"","footer-sml-layout":"","theme-transparent-header-meta":"","adv-header-id-meta":"","stick-header-meta":"","header-above-stick-meta":"","header-main-stick-meta":"","header-below-stick-meta":""},"categories":[841],"tags":[],"acf":[],"_links":{"self":[{"href":"https:\/\/www.cnbb.org.br\/cnbb-app\/wp\/v2\/posts\/29907"}],"collection":[{"href":"https:\/\/www.cnbb.org.br\/cnbb-app\/wp\/v2\/posts"}],"about":[{"href":"https:\/\/www.cnbb.org.br\/cnbb-app\/wp\/v2\/types\/post"}],"author":[{"embeddable":true,"href":"https:\/\/www.cnbb.org.br\/cnbb-app\/wp\/v2\/users\/83"}],"replies":[{"embeddable":true,"href":"https:\/\/www.cnbb.org.br\/cnbb-app\/wp\/v2\/comments?post=29907"}],"version-history":[{"count":0,"href":"https:\/\/www.cnbb.org.br\/cnbb-app\/wp\/v2\/posts\/29907\/revisions"}],"wp:attachment":[{"href":"https:\/\/www.cnbb.org.br\/cnbb-app\/wp\/v2\/media?parent=29907"}],"wp:term":[{"taxonomy":"category","embeddable":true,"href":"https:\/\/www.cnbb.org.br\/cnbb-app\/wp\/v2\/categories?post=29907"},{"taxonomy":"post_tag","embeddable":true,"href":"https:\/\/www.cnbb.org.br\/cnbb-app\/wp\/v2\/tags?post=29907"}],"curies":[{"name":"wp","href":"https:\/\/api.w.org\/{rel}","templated":true}]}}