{"id":30109,"date":"2018-04-27T00:00:00","date_gmt":"2018-04-27T03:00:00","guid":{"rendered":"https:\/\/www.cnbb.org.br\/trabalho-saiba-como-o-tema-foi-abordado-durante-a-56a-ag-cnbb\/"},"modified":"2018-04-27T00:00:00","modified_gmt":"2018-04-27T03:00:00","slug":"trabalho-saiba-como-o-tema-foi-abordado-durante-a-56a-ag-cnbb","status":"publish","type":"post","link":"https:\/\/www.cnbb.org.br\/trabalho-saiba-como-o-tema-foi-abordado-durante-a-56a-ag-cnbb\/","title":{"rendered":"Trabalho: saiba como o tema foi abordado durante a 56\u00aa AG CNBB em Aparecida (SP)"},"content":{"rendered":"<p style=\"text-align: justify\">Rec\u00e9m-chegado da 56\u00aa Assembleia Geral da Confer\u00eancia Nacional dos Bispos do Brasil (CNBB), ocorrida de 11 a 20 de abril, em Aparecida (SP), o bispo de Jales e referencial da Pastoral Oper\u00e1ria Nacional, dom Reginaldo Andrietta concedeu entrevista sobre sua participa\u00e7\u00e3o no evento e falou sobre como o mundo do trabalho foi pautado, mesmo que indiretamente, no evento anual que reuniu o episcopado brasileiro.<\/p>\n<p style=\"text-align: justify\">Dom Reginaldo disse que ao tratarem do tema central \u201cDiretrizes para a Forma\u00e7\u00e3o dos Presb\u00edteros da Igreja no Brasil\u201d na Assembleia, informalmente muitos bispos expressaram dificuldades com presb\u00edteros, que n\u00e3o tendo vivido a experi\u00eancia do trabalho profissional, entendem que a Igreja deve lhes providenciar tudo que necessitam sem valorizar seus esfor\u00e7os pessoais. \u201cEssa deforma\u00e7\u00e3o \u00e9 um grande desafio a ser convenientemente tratado na forma\u00e7\u00e3o de novos presb\u00edteros\u201d, afirmou.<\/p>\n<p style=\"text-align: justify\">O bispo fez quest\u00e3o de enfatizar que o mundo do trabalho esteve presente, tamb\u00e9m, na proposta apresentada por ele, em plen\u00e1ria, a respeito do pr\u00f3ximo S\u00ednodo dos Bispos sobre \u201cOs Jovens, a F\u00e9 e o Discernimento Vocacional\u201d. \u201cFalei sobre a import\u00e2ncia de considerar o trabalho como um eixo tem\u00e1tico no S\u00ednodo, em torno do projeto de vida de adolescentes e jovens\u201d, comentou.<\/p>\n<blockquote>\n<p style=\"text-align: justify\"><strong><span style=\"color: #800000\">&#8220;O trabalho \u00e9 um aspecto fundamental no projeto de vida de uma pessoa, desde a sua adolesc\u00eancia, quando esta se preocupa em conseguir emprego e decidir sua carreira profissional (&#8230;)&#8221;.<\/span><\/strong><\/p>\n<\/blockquote>\n<p style=\"text-align: justify\">Na entrevista, dom Andrietta afirma ainda que a tem\u00e1tica do trabalho se mostrou presente na Assembleia por meio das realidades apresentadas por diversos organismos e pastorais, de modo especial, pela Pastoral do Menor, bem como na mensagem da <a href=\"https:\/\/www.cnbb.org.br\/eleicoes-2018-compromisso-e-esperanca\/\">CNBB para as Elei\u00e7\u00f5es 2018<\/a>.<\/p>\n<p style=\"text-align: justify\"><span style=\"color: #800000\"><strong>Olhar da Igreja<\/strong><\/span><\/p>\n<p style=\"text-align: justify\">Questionado sobre o olhar da Igreja em rela\u00e7\u00e3o \u00e0 tem\u00e1tica do trabalho, dom Reginaldo argumenta que esse assunto \u00e9 bem considerado pela CNBB. \u201cEla se manifesta sempre muito atenta ao que est\u00e1 se passando no mundo do trabalho, de modo especial na maneira como o poder p\u00fablico trata essa realidade\u201d, diz. Prova disso, segundo o bispo s\u00e3o os documentos e as constantes mensagens da CNBB, que fazem eco de enc\u00edclicas, exorta\u00e7\u00f5es apost\u00f3licas e pronunciamentos papais, como\u00a0<em>a Laborem Exercens<\/em>\u00a0(Trabalho Humano),\u00a0<em>Sollicitudo Rei Socialis <\/em>(Preocupa\u00e7\u00f5es Sociais) e a\u00a0<em>Centesimus Annus<\/em>\u00a0(Cent\u00e9simo Ano) do papa Jo\u00e3o Paulo II.<\/p>\n<p style=\"text-align: justify\">Para ele, a espiritualidade do trabalho n\u00e3o \u00e9 um tema vencido na Igreja, e que o pr\u00f3prio papa Francisco refor\u00e7ou em mensagem dirigida aos participantes de um Encontro Internacional de Entidades Sindicais no Vaticano, em 2017, que o \u201ctrabalho n\u00e3o pode ser considerado uma mercadoria ou um mero instrumento na cadeia produtiva de bens e servi\u00e7os, mas, sendo primordial para o desenvolvimento, tem prefer\u00eancia em rela\u00e7\u00e3o a qualquer outro fator de produ\u00e7\u00e3o, incluindo o capital\u201d.<\/p>\n<p style=\"text-align: justify\">Por fim, o bispo disse que a 56\u00aa Assembleia Geral demonstrou, como sempre, preocupa\u00e7\u00e3o com temas sociais no geral, de modo muito intenso em sua an\u00e1lise de conjuntura, na qual de acordo com ele, se fez um recorrido hist\u00f3rico sobre as pol\u00edticas econ\u00f4micas adotadas por distintos governos, culminando no atual governo.<\/p>\n<p>Confira a entrevista completa realizada pela <a href=\"http:\/\/www.pastoraloperaria.org.br\/SITE_Conteudo.aspx?Acao=QB_a66d30b657\" target=\"_blank\" rel=\"noopener\">Pastoral Oper\u00e1ria Nacional<\/a>.<\/p>\n","protected":false},"excerpt":{"rendered":"<p>Rec\u00e9m-chegado da 56\u00aa Assembleia Geral da Confer\u00eancia Nacional dos Bispos do Brasil (CNBB), ocorrida de 11 a 20 de abril, em Aparecida (SP), o bispo de Jales e referencial da Pastoral Oper\u00e1ria Nacional, dom Reginaldo Andrietta falou sobre como o mundo do trabalho foi pautado no evento anual que reuniu o episcopado brasileiro<\/p>\n","protected":false},"author":83,"featured_media":30110,"comment_status":"closed","ping_status":"open","sticky":false,"template":"","format":"standard","meta":{"site-sidebar-layout":"default","site-content-layout":"default","ast-global-header-display":"","ast-banner-title-visibility":"","ast-main-header-display":"","ast-hfb-above-header-display":"","ast-hfb-below-header-display":"","ast-hfb-mobile-header-display":"","site-post-title":"","ast-breadcrumbs-content":"","ast-featured-img":"","footer-sml-layout":"","theme-transparent-header-meta":"","adv-header-id-meta":"","stick-header-meta":"","header-above-stick-meta":"","header-main-stick-meta":"","header-below-stick-meta":""},"categories":[841],"tags":[],"acf":[],"_links":{"self":[{"href":"https:\/\/www.cnbb.org.br\/cnbb-app\/wp\/v2\/posts\/30109"}],"collection":[{"href":"https:\/\/www.cnbb.org.br\/cnbb-app\/wp\/v2\/posts"}],"about":[{"href":"https:\/\/www.cnbb.org.br\/cnbb-app\/wp\/v2\/types\/post"}],"author":[{"embeddable":true,"href":"https:\/\/www.cnbb.org.br\/cnbb-app\/wp\/v2\/users\/83"}],"replies":[{"embeddable":true,"href":"https:\/\/www.cnbb.org.br\/cnbb-app\/wp\/v2\/comments?post=30109"}],"version-history":[{"count":0,"href":"https:\/\/www.cnbb.org.br\/cnbb-app\/wp\/v2\/posts\/30109\/revisions"}],"wp:featuredmedia":[{"embeddable":true,"href":"https:\/\/www.cnbb.org.br\/cnbb-app\/wp\/v2\/media\/30110"}],"wp:attachment":[{"href":"https:\/\/www.cnbb.org.br\/cnbb-app\/wp\/v2\/media?parent=30109"}],"wp:term":[{"taxonomy":"category","embeddable":true,"href":"https:\/\/www.cnbb.org.br\/cnbb-app\/wp\/v2\/categories?post=30109"},{"taxonomy":"post_tag","embeddable":true,"href":"https:\/\/www.cnbb.org.br\/cnbb-app\/wp\/v2\/tags?post=30109"}],"curies":[{"name":"wp","href":"https:\/\/api.w.org\/{rel}","templated":true}]}}