{"id":30159,"date":"2018-05-03T00:00:00","date_gmt":"2018-05-03T03:00:00","guid":{"rendered":"https:\/\/www.cnbb.org.br\/declaracao-de-vila-de-leyva-xiv-simposio-do-celam-de-bispos-e-empresarios\/"},"modified":"2018-05-03T00:00:00","modified_gmt":"2018-05-03T03:00:00","slug":"declaracao-de-vila-de-leyva-xiv-simposio-do-celam-de-bispos-e-empresarios","status":"publish","type":"post","link":"https:\/\/www.cnbb.org.br\/declaracao-de-vila-de-leyva-xiv-simposio-do-celam-de-bispos-e-empresarios\/","title":{"rendered":"Declara\u00e7\u00e3o de Vila de Leyva, XIV Simp\u00f3sio do Celam de Bispos e Empres\u00e1rios"},"content":{"rendered":"<p style=\"text-align: right\"><strong>Dom Roberto Francisco Ferreria Paz<br \/>\n<\/strong><strong>Bispo\u00a0 de Campos (RJ)<\/strong><\/p>\n<p style=\"text-align: justify\">\n<p style=\"text-align: justify\">Em Vila de Leyva, Col\u00f4mbia, aconteceu o XIV Simp\u00f3sio do CELAM de Bispos e Empres\u00e1rios. Recebemos a mensagem do Papa, para a ocasi\u00e3o, lembrando que a Economia n\u00e3o pode incentivar apenas a rentabilidade, reduzindo o mercado de trabalho e gerando assim novos exclu\u00eddos. Termina fazendo um chamado aos respons\u00e1veis pela Economia, para que tamb\u00e9m promovam a defesa e dignidade da pessoa humana, garantindo novas fontes de trabalho decente.<\/p>\n<p style=\"text-align: justify\">Analisando a realidade, constatou-se que a Am\u00e9rica Latina \u00e9 uma regi\u00e3o que possui uma grande riqueza cultural, uma variada e plena biodiversidade, al\u00e9m de uma profunda tradi\u00e7\u00e3o crist\u00e3. No entanto, advertem-se perigosos sinais de amea\u00e7a: uma arraigada desigualdade, uma crescente e letal cultura de viol\u00eancia e uma pol\u00edtica fisiol\u00f3gica atrelada muitas vezes \u00e0 corrup\u00e7\u00e3o.<\/p>\n<p style=\"text-align: justify\">No discernimento dos desafios do cen\u00e1rio, verificou-se um interesse genu\u00edno de Bispos e Empres\u00e1rios trabalharem juntos, em especial na promo\u00e7\u00e3o dos empobrecidos. Uma consci\u00eancia do grande Dom que significa a Cria\u00e7\u00e3o, de onde surge a necessidade premente de cuidar da Casa Comum. Desejo sincero de mudar os paradigmas econ\u00f4micos que contribuem para a exclus\u00e3o. Priorizando a convers\u00e3o espiritual, intelectual e ecol\u00f3gica.<\/p>\n<p style=\"text-align: justify\">A partir do di\u00e1logo aberto e franco, gerado no encontro, identificamos os paradigmas que devemos mudar de forma radical: a auto-sufici\u00eancia e a arrog\u00e2ncia que prescinde da ajuda de Deus; a cren\u00e7a que a transforma\u00e7\u00e3o social \u00e9 algo de acess\u00f3rio e secund\u00e1rio ao Evangelho; o crescimento, como a \u00fanica raz\u00e3o de ser da empresa; a obten\u00e7\u00e3o do retorno m\u00e1ximo como a finalidade \u00faltima da atividade empresarial; a inova\u00e7\u00e3o para a cria\u00e7\u00e3o de bens vend\u00e1veis, mas desnecess\u00e1rios e in\u00fateis; a qualidade de vida, entendida como o consumo m\u00e1ximo de bens materiais; a atitude de cumplicidade interessada e falta de posi\u00e7\u00e3o critica face ao Estado e ao poder.<\/p>\n<p style=\"text-align: justify\">Como empenhos e compromissos, firmamos a decis\u00e3o de ser Bispos e Empres\u00e1rios numa Igreja em sa\u00edda; encontrar a forma de aplicar o conceito de sal\u00e1rio justo tal como ele \u00e9 refletido na doutrina social da Igreja; trabalhar conjunto que entre na elabora\u00e7\u00e3o de propostas orientadas \u00e0 prote\u00e7\u00e3o da dignidade da pessoa humana e \u00e0 realiza\u00e7\u00e3o do bem comum; forma\u00e7\u00e3o sistem\u00e1tica e aprofundada sobre a Doutrina Social da Igreja, partindo de uma verdadeira inicia\u00e7\u00e3o \u00e0 vida crist\u00e3.<\/p>\n<p style=\"text-align: justify\">Como vimos, este Simp\u00f3sio rendeu, e com a sinergia de Lideran\u00e7as eclesiais e empresariais, conseguiremos visibilizar os sinais de presen\u00e7a do Reino de Deus na nossa hist\u00f3ria. Deus seja louvado!<\/p>\n","protected":false},"excerpt":{"rendered":"<p>Dom Roberto Francisco Ferreria Paz Bispo\u00a0 de Campos (RJ) Em Vila de Leyva, Col\u00f4mbia, aconteceu o XIV Simp\u00f3sio do CELAM de Bispos e Empres\u00e1rios. Recebemos a mensagem do Papa, para a ocasi\u00e3o, lembrando que a Economia n\u00e3o pode incentivar apenas a rentabilidade, reduzindo o mercado de trabalho e gerando assim novos exclu\u00eddos. Termina fazendo um &hellip;<\/p>\n<p class=\"read-more\"> <a class=\"\" href=\"https:\/\/www.cnbb.org.br\/declaracao-de-vila-de-leyva-xiv-simposio-do-celam-de-bispos-e-empresarios\/\"> <span class=\"screen-reader-text\">Declara\u00e7\u00e3o de Vila de Leyva, XIV Simp\u00f3sio do Celam de Bispos e Empres\u00e1rios<\/span> Leia mais &raquo;<\/a><\/p>\n","protected":false},"author":23,"featured_media":0,"comment_status":"closed","ping_status":"open","sticky":false,"template":"","format":"standard","meta":{"site-sidebar-layout":"default","site-content-layout":"default","ast-global-header-display":"","ast-banner-title-visibility":"","ast-main-header-display":"","ast-hfb-above-header-display":"","ast-hfb-below-header-display":"","ast-hfb-mobile-header-display":"","site-post-title":"","ast-breadcrumbs-content":"","ast-featured-img":"","footer-sml-layout":"","theme-transparent-header-meta":"","adv-header-id-meta":"","stick-header-meta":"","header-above-stick-meta":"","header-main-stick-meta":"","header-below-stick-meta":""},"categories":[758],"tags":[],"acf":[],"_links":{"self":[{"href":"https:\/\/www.cnbb.org.br\/cnbb-app\/wp\/v2\/posts\/30159"}],"collection":[{"href":"https:\/\/www.cnbb.org.br\/cnbb-app\/wp\/v2\/posts"}],"about":[{"href":"https:\/\/www.cnbb.org.br\/cnbb-app\/wp\/v2\/types\/post"}],"author":[{"embeddable":true,"href":"https:\/\/www.cnbb.org.br\/cnbb-app\/wp\/v2\/users\/23"}],"replies":[{"embeddable":true,"href":"https:\/\/www.cnbb.org.br\/cnbb-app\/wp\/v2\/comments?post=30159"}],"version-history":[{"count":0,"href":"https:\/\/www.cnbb.org.br\/cnbb-app\/wp\/v2\/posts\/30159\/revisions"}],"wp:attachment":[{"href":"https:\/\/www.cnbb.org.br\/cnbb-app\/wp\/v2\/media?parent=30159"}],"wp:term":[{"taxonomy":"category","embeddable":true,"href":"https:\/\/www.cnbb.org.br\/cnbb-app\/wp\/v2\/categories?post=30159"},{"taxonomy":"post_tag","embeddable":true,"href":"https:\/\/www.cnbb.org.br\/cnbb-app\/wp\/v2\/tags?post=30159"}],"curies":[{"name":"wp","href":"https:\/\/api.w.org\/{rel}","templated":true}]}}