{"id":30244,"date":"2018-05-11T00:00:00","date_gmt":"2018-05-11T03:00:00","guid":{"rendered":"https:\/\/www.cnbb.org.br\/gt-da-mineracao-da-cnbb-busca-conhecer-melhor-os-impactos-da-mineracao-no-brasil\/"},"modified":"2020-03-11T17:09:48","modified_gmt":"2020-03-11T20:09:48","slug":"gt-da-mineracao-da-cnbb-busca-conhecer-melhor-os-impactos-da-mineracao-no-brasil","status":"publish","type":"post","link":"https:\/\/www.cnbb.org.br\/gt-da-mineracao-da-cnbb-busca-conhecer-melhor-os-impactos-da-mineracao-no-brasil\/","title":{"rendered":"Reuni\u00e3o do GT da Minera\u00e7\u00e3o da CNBB"},"content":{"rendered":"<p style=\"text-align: justify\">O Grupo de Trabalho(GT) da Minera\u00e7\u00e3o, criado pelo Conselho Permanente no \u00e2mbito da Comiss\u00e3o Episcopal Pastoral para a A\u00e7\u00e3o Social Transformadora da Confer\u00eancia Nacional dos Bispos do Brasil (CNBB) reuniu-se, pela primeira vez neste ano, nesta quinta-feira, dia 10 de mar\u00e7o, com a tarefa de pensar um conjunto de a\u00e7\u00f5es para este ano.\u00a0O foco do trabalho do grupo, segundo dom Sebasti\u00e3o Lima Duarte, o bispo de Caxias (MA) e presidente do GT da Minera\u00e7\u00e3o, \u00e9 conhecer melhor a realidade e os impactos da minera\u00e7\u00e3o no Brasil. Segundo ele, realidade pouco conhecida ainda pela pr\u00f3pria Igreja no Brasil.<\/p>\n<p style=\"text-align: justify\">Neste sentido, o grupo tra\u00e7ou um conjunto de a\u00e7\u00f5es. Uma delas \u00e9 dar continuidade ao levantamento das \u00e1reas, no Brasil, impactadas por projetos de minera\u00e7\u00e3o, bem como identificar quais s\u00e3o os grupos e organiza\u00e7\u00f5es que atuam nesta pauta.\u00a0O grupo est\u00e1 encampando, no Brasil, a tradu\u00e7\u00e3o da Carta Pastoral do Celam sobre a Ecologia Integral. Se trata da carta: \u201c<em>Disc\u00edpulos Misioneros Custodios de la Casa Com\u00fan. Discernimiento a la luz de la Laudato Si<\/em>\u201d.<\/p>\n<p style=\"text-align: justify\">O GT, com parceria da Rede Pan Amaz\u00f4nica (Repam), promover\u00e1 de 9 a 11 de novembro o Encontro das Comunidades Atingidas por minera\u00e7\u00e3o em Caraj\u00e1s, evento que reunir\u00e1 cerca de 90 pessoas de dioceses afetadas do Norte e Nordeste do pa\u00eds.\u00a0Em agosto, acontece em Bras\u00edlia (DF), de 07 a 10 de agosto, um encontro com representantes do Vaticano,\u00a0 do Dicast\u00e9rio de Desenvolvimento Integral, e do Celam. O GT \u00e9 convidado a colaborar com este encontro.\u00a0O GT tamb\u00e9m est\u00e1 estudando a possibilidade de realizar em 2019, antes da 57\u00ba Assembleia Nacional dos Bispos, um encontro de dioceses afetadas pelo impacto da minera\u00e7\u00e3o em todo o Brasil.<\/p>\n<figure id=\"attachment_191805\" aria-describedby=\"caption-attachment-191805\" style=\"width: 300px\" class=\"wp-caption alignright\"><img decoding=\"async\" loading=\"lazy\" class=\"wp-image-191805 size-medium\" src=\"https:\/\/www.cnbb.org.br\/wp-content\/uploads\/2020\/03\/GT-Minera\u00e7\u00e3o-2-300x200.jpg\" alt=\"\" width=\"300\" height=\"200\" \/><figcaption id=\"caption-attachment-191805\" class=\"wp-caption-text\">GT Minera\u00e7\u00e3o em reuni\u00e3o na sede da CNBB, em Bras\u00edlia (DF. Foto: Assessoria de Imprensa da CNBB\/Matheus de Souza<\/figcaption><\/figure>\n<p style=\"text-align: justify\"><strong>Papel do GT<\/strong>\u00a0\u2013 O dom Andr\u00e9 de Witte, bispo de Rui Barbosa (BA), presidente da Comiss\u00e3o Pastoral da Terra (CPT), que tamb\u00e9m acompanha o trabalho do GT da Minera\u00e7\u00e3o da CNBB, destaca que quem v\u00ea a realidade do ponto de vista do trabalho de Evangeliza\u00e7\u00e3o de uma confer\u00eancia e da perspectiva de Jesus que veio para que todos tivessem vida, \u00e9 necess\u00e1rio combater os projetos que amea\u00e7am a vida. E parte destes projetos s\u00e3o ligados \u00e0 extra\u00e7\u00e3o de minerais em territ\u00f3rio brasileiro. \u201cEstes est\u00e3o chegando, como rolo compressor, na realidade dos pequenos que sofrem e perdem condi\u00e7\u00f5es, um exemplo \u00e9 Mariana e a morte do Rio Doce\u201d, disse.<\/p>\n<p style=\"text-align: justify\">As exorta\u00e7\u00f5es do papa Francisco e suas propostas de preocupa\u00e7\u00e3o com a casa comum da humanidade contribuem para dar o rumo e o horizonte de atua\u00e7\u00e3o da Igreja neste campo, aponta o bispo. \u201cNosso papel \u00e9 nos posicionar e cobrar atitudes que evitem acidentes e amea\u00e7as ao meio ambiente. O grupo de trabalho deve ser o instrumento para dar passos concretos nesta dire\u00e7\u00e3o\u201d, disse.<\/p>\n","protected":false},"excerpt":{"rendered":"<p>O foco do trabalho do grupo: buscar conhecer melhor os impactos da minera\u00e7\u00e3o no Brasil<\/p>\n","protected":false},"author":83,"featured_media":30245,"comment_status":"closed","ping_status":"open","sticky":false,"template":"","format":"standard","meta":{"site-sidebar-layout":"default","site-content-layout":"default","ast-global-header-display":"","ast-banner-title-visibility":"","ast-main-header-display":"","ast-hfb-above-header-display":"","ast-hfb-below-header-display":"","ast-hfb-mobile-header-display":"","site-post-title":"","ast-breadcrumbs-content":"","ast-featured-img":"","footer-sml-layout":"","theme-transparent-header-meta":"","adv-header-id-meta":"","stick-header-meta":"","header-above-stick-meta":"","header-main-stick-meta":"","header-below-stick-meta":""},"categories":[1],"tags":[],"acf":[],"_links":{"self":[{"href":"https:\/\/www.cnbb.org.br\/cnbb-app\/wp\/v2\/posts\/30244"}],"collection":[{"href":"https:\/\/www.cnbb.org.br\/cnbb-app\/wp\/v2\/posts"}],"about":[{"href":"https:\/\/www.cnbb.org.br\/cnbb-app\/wp\/v2\/types\/post"}],"author":[{"embeddable":true,"href":"https:\/\/www.cnbb.org.br\/cnbb-app\/wp\/v2\/users\/83"}],"replies":[{"embeddable":true,"href":"https:\/\/www.cnbb.org.br\/cnbb-app\/wp\/v2\/comments?post=30244"}],"version-history":[{"count":0,"href":"https:\/\/www.cnbb.org.br\/cnbb-app\/wp\/v2\/posts\/30244\/revisions"}],"wp:featuredmedia":[{"embeddable":true,"href":"https:\/\/www.cnbb.org.br\/cnbb-app\/wp\/v2\/media\/30245"}],"wp:attachment":[{"href":"https:\/\/www.cnbb.org.br\/cnbb-app\/wp\/v2\/media?parent=30244"}],"wp:term":[{"taxonomy":"category","embeddable":true,"href":"https:\/\/www.cnbb.org.br\/cnbb-app\/wp\/v2\/categories?post=30244"},{"taxonomy":"post_tag","embeddable":true,"href":"https:\/\/www.cnbb.org.br\/cnbb-app\/wp\/v2\/tags?post=30244"}],"curies":[{"name":"wp","href":"https:\/\/api.w.org\/{rel}","templated":true}]}}