{"id":30249,"date":"2018-05-19T00:00:00","date_gmt":"2018-05-19T03:00:00","guid":{"rendered":"https:\/\/www.cnbb.org.br\/fazei-tudo-o-que-ele-vos-disser\/"},"modified":"2018-05-19T00:00:00","modified_gmt":"2018-05-19T03:00:00","slug":"fazei-tudo-o-que-ele-vos-disser","status":"publish","type":"post","link":"https:\/\/www.cnbb.org.br\/fazei-tudo-o-que-ele-vos-disser\/","title":{"rendered":"Fazei tudo o que Ele vos disser"},"content":{"rendered":"<p style=\"text-align: right\"><strong>Cardeal Orani Jo\u00e3o Tempesta<br \/>\n<\/strong><strong>Arcebispo do Rio de Janeiro (RJ)<\/strong><\/p>\n<p><strong>\u00a0<\/strong><\/p>\n<p style=\"text-align: justify\">Com esse tema mariano \u201cFazei tudo o que Ele vos disser\u201d (Jo 2, 5) e com o lema do ano do laicato \u201cQue Maria acompanhe os Congregados Marianos a serem \u201csal da terra e Luz do mundo\u201d (Mt 5. 13-14), os Congregados Marianos de nossa arquidiocese comemoram no terceiro domingo de maio, o seu dia, neste ano coincidente com a grande solenidade de Pentecostes. Aconselhados por Maria a seguirem a Jesus est\u00e3o unidos a igreja do Brasil como leigos e leigas dessa igreja em sa\u00edda t\u00e3o necessitada de homens e mulheres que vivam o seu amor \u00e0 Igreja, \u201csentindo com ela\u201d e vendo em Maria o grande sinal colocado no horizonte de nossa vida.<\/p>\n<p style=\"text-align: justify\">Cresci em meu tempo de adolescente admirando o trabalho mission\u00e1rio e entusiasta dos Congregados Marianos em minha terra natal. Depois na Diocese e Arquidiocese que servi a presen\u00e7a deles tamb\u00e9m foi marcante. A espiritualidade mariana marca a vida desse povo animado em ser Igreja na obedi\u00eancia como Maria.<\/p>\n<p style=\"text-align: justify\">Agora, aqui em nossa capital carioca sempre mais acompanho e admiro a vida e a miss\u00e3o dessa espiritualidade que, apesar de tantos percal\u00e7os na hist\u00f3ria, continuam levando adiante a miss\u00e3o e vida testemunhada.<\/p>\n<p style=\"text-align: justify\">Ao me unir a essa querida congrega\u00e7\u00e3o mariana neste maio de um ano cheio de tantas dificuldades pe\u00e7o que o Senhor, pelo Seu Esp\u00edrito, os fortale\u00e7a e conduza para continuarem animado na miss\u00e3o de serem a igreja em sa\u00edda, com o testemunho de sal da terra e luz do mundo.<\/p>\n<p style=\"text-align: justify\">\u00a0Consultando artigos publicados em revistas, textos de livros e partilhas de alguns irm\u00e3os bispos e arcebispos, al\u00e9m da mem\u00f3ria que guardo de tantas passagens desse povo que do \u201cdo Prata ao Amazonas, do mar \u00e0s cordilheiras\u201d, esses \u201csoldados do Senhor\u201d mission\u00e1rios, por Cristo convidados, construindo o Reino de Cristo, Maria os irmana a todos sob a bandeira da esperan\u00e7a para ser nesse mundo sedento de paz e de unidade a alegria de um novo povo em torno a Cristo, centro da hist\u00f3ria.<\/p>\n<p style=\"text-align: justify\">Lendo a hist\u00f3ria relembro que \u201cem 1563, em Roma, o jesu\u00edta belga Jean Leunis fundou a primeira Congrega\u00e7\u00e3o Mariana, para fomentar a devo\u00e7\u00e3o \u00e0 Virgem Maria e incentivar seus membros a buscar a prote\u00e7\u00e3o dela\u201d. Ora, j\u00e1, em 1583, elas chegavam ao Brasil, mais especificamente, no Col\u00e9gio dos Jesu\u00edtas da Bahia, em Salvador, sob a dire\u00e7\u00e3o do grande ap\u00f3stolo do Brasil S\u00e3o Jos\u00e9 de Anchieta. Em 1584, o Papa Greg\u00f3rio XIII\u00a0concedia \u00e0s Congrega\u00e7\u00f5es Marianas a aprova\u00e7\u00e3o pontif\u00edcia. Tal aprova\u00e7\u00e3o, sem d\u00favida, muito estimulou a expans\u00e3o desse movimento pelo mundo afora.<\/p>\n<p style=\"text-align: justify\">Existem algumas estat\u00edsticas que s\u00e3o de dom\u00ednio p\u00fablico na internet: as Congrega\u00e7\u00f5es Marianas, escolas de piedade e vida crist\u00e3, deram \u00e0 Igreja, at\u00e9 o presente, pelo menos 62 santos canonizados e 46 bem-aventurados, 22 fundadores de Institutos Religiosos, in\u00fameros m\u00e1rtires e mission\u00e1rios e uma multid\u00e3o de leigos de vida crist\u00e3 exemplar. Desde a funda\u00e7\u00e3o da Congrega\u00e7\u00e3o Mariana contam-se 25 Papas que foram congregados marianos, inclusive S\u00e3o Jo\u00e3o Paulo II que, aos 14 anos, foi membro-fundador de uma Congrega\u00e7\u00e3o Mariana em sua cidade natal, e Bento XVI, que pertenceu \u00e0 Congrega\u00e7\u00e3o de Regensburg. Interessante: em mar\u00e7o de 2013, quando as Congrega\u00e7\u00f5es Marianas celebravam os 450 anos de sua funda\u00e7\u00e3o, foi eleito Sumo Pont\u00edfice o congregado mariano e jesu\u00edta Papa Francisco (<em>Congrega\u00e7\u00f5es Marianas: 450 anos de hist\u00f3ria<\/em>, 15 de out. de 2013. Portal A12.com).<\/p>\n<p style=\"text-align: justify\">Em meados do s\u00e9culo XX, no Brasil \u201cMilhares e milhares de jovens dos dois sexos, engrossaram as fileiras das Congrega\u00e7\u00f5es Marianas e das Pias Uni\u00f5es das Filhas de Maria. Muitas n\u00e3o sobreviveram. Mas na d\u00e9cada de 40 para 50, tiveram seu grande momento na vida cat\u00f3lica brasileira. Os que j\u00e1 viv\u00edamos nesses anos, certamente, nos lembramos das grandiosas concentra\u00e7\u00f5es de Congregados e de Filhas de Maria. Estas de vestido branco e la\u00e7o azul, lembrando a M\u00e3e de Deus e, eles, com a sua fita azul no peito. Liderados entre outros pelo jesu\u00edta Pe. Cursino de Moura, at\u00e9 10 mil congregados marianos participavam de Retiros Espirituais, somente na cidade de S\u00e3o Paulo. Na Quarta-feira de Cinzas, concentravam-se coesos e vibrantes na Pra\u00e7a da S\u00e9, cora\u00e7\u00e3o da Pauliceia\u201d.<\/p>\n<p style=\"text-align: justify\">\u201cDas Congrega\u00e7\u00f5es Marianas sa\u00edram l\u00edderes cat\u00f3licos de grande prest\u00edgio em todo Brasil. Lembrarei pelo menos os nomes dos jurista Ataliba Nogueira e do professor universit\u00e1rio Plinio Corr\u00eaa de Oliveira. Ambos militaram na vida p\u00fablica, tornando-se deputados da Assembleia Constituinte do ano de 1934, t\u00e3o decisiva para a inclus\u00e3o, na nova Constitui\u00e7\u00e3o, do nome de Deus em seu Pre\u00e2mbulo, de reivindica\u00e7\u00f5es como o ensino religioso nas escolas p\u00fablicas, a assist\u00eancia religiosa \u00e0s For\u00e7as Armadas e os efeitos civis para o casamento religioso. Foram eleitos pela Liga Eleitoral Cat\u00f3lica, LEC, e distinguiram-se entre os maiores constituintes de 1934\u201d (D. Amaury Castanho, <em>Presen\u00e7a da Igreja no Brasil. 1900-2000<\/em>. Jundia\u00ed: Ed. do Autor, 1998, p. 63).<\/p>\n<p style=\"text-align: justify\">Como j\u00e1 tive oportunidade de dizer tamb\u00e9m sou testemunha em meus tempos de coroinha, quando acompanhei o trabalho mission\u00e1rio dos marianos nas capelas rurais da par\u00f3quia e a alegria com que trabalhavam nessa miss\u00e3o. Depois mais tarde pelas dioceses por onde passei pude constar a presen\u00e7a, participa\u00e7\u00e3o e espiritualidade marianas dessas pessoas que se tornaram sinais de \u201cJesus, o centro da hist\u00f3ria\u201d, seguindo a escola da \u201cVirgem soberana\u201d. Tamb\u00e9m agora nesta miss\u00e3o carioca constato a luta, o \u00e2nimo, a coragem desses irm\u00e3os e irm\u00e3s que levam adiante com \u201centusiasmo e alegria a fidelidade por toda a vida\u201d.<\/p>\n<p style=\"text-align: justify\">Colocado isso, de modo bastante recortado ante o grande trabalho dos marianos, resta-me voltar aos fundamentos da profunda devo\u00e7\u00e3o \u00e0 Nossa Senhora entre n\u00f3s Povo de Deus, peregrino neste mundo, em demanda da Jerusal\u00e9m do alto. Sim, o lema ou a divisa \u00e9 \u201cAs Congrega\u00e7\u00f5es Marianas buscam levar seus membros a uma doa\u00e7\u00e3o solene e irrevog\u00e1vel \u00e0 Sant\u00edssima Virgem\u201d. Como entender isso se o Senhor Jesus \u00e9 o centro de nossa vida de f\u00e9? \u2013 N\u00e3o \u00e9 dif\u00edcil se levarmos em conta que doar-se a Maria \u00e9 estar com Jesus, uma vez que Ela n\u00e3o \u00e9 fim, mas \u00e9 meio ou caminho seguro para se chegar ao Seu Filho e nosso \u00fanico e verdadeiro Salvador.<\/p>\n<p style=\"text-align: justify\">No documento sobre a Igreja, a <em>Lumen Gentium<\/em>, do Conc\u00edlio Vaticano II (1962-1965), n. 65, que nos fala da import\u00e2ncia de Nossa Senhora na condu\u00e7\u00e3o de cada um de n\u00f3s a Nosso Senhor: \u201cao passo que, na Sant\u00edssima Virgem, a Igreja alcan\u00e7ou j\u00e1 aquela perfei\u00e7\u00e3o sem mancha nem ruga que lhe \u00e9 pr\u00f3pria (cf. Ef 5,27), os fi\u00e9is ainda t\u00eam de trabalhar por vencer o pecado e crescer na santidade; e por isso levantam os olhos para Maria, que brilha como modelo de virtudes sobre toda a fam\u00edlia dos eleitos. A Igreja, meditando piedosamente na Virgem, e contemplando-a \u00e0 luz do Verbo feito homem, penetra mais profundamente, cheia de respeito, no insond\u00e1vel mist\u00e9rio da Encarna\u00e7\u00e3o, e mais e mais se conforma com o seu Esposo. Pois Maria, que entrou intimamente na hist\u00f3ria da salva\u00e7\u00e3o, e, por assim dizer, re\u00fane em si e reflete os imperativos mais altos da nossa f\u00e9, ao ser exaltada e venerada, atrai os fi\u00e9is ao Filho, ao Seu sacrif\u00edcio e ao amor do Pai. Por sua parte, a Igreja, procurando a gl\u00f3ria de Cristo, torna-se mais semelhante \u00e0quela que \u00e9 seu tipo e sublime figura, progredindo continuamente na f\u00e9, na esperan\u00e7a e na caridade, e buscando e fazendo em tudo a vontade divina. Daqui vem igualmente que, na sua a\u00e7\u00e3o apost\u00f3lica, a Igreja olha com raz\u00e3o para aquela que gerou a Cristo, o qual foi concebido por a\u00e7\u00e3o do Esp\u00edrito Santo e nasceu da Virgem precisamente para nascer e crescer tamb\u00e9m no cora\u00e7\u00e3o dos fi\u00e9is, por meio da Igreja. E, na sua vida, deu a Virgem exemplo daquele afeto maternal de que devem estar animados todos quantos cooperam na miss\u00e3o apost\u00f3lica que a Igreja tem de regenerar os homens\u201d.<\/p>\n<p style=\"text-align: justify\">No mesmo Documento conciliar, n. 61, diz: \u201cA Virgem Sant\u00edssima, predestinada para M\u00e3e de Deus desde toda a eternidade simultaneamente com a encarna\u00e7\u00e3o do Verbo, por disposi\u00e7\u00e3o da divina Provid\u00eancia foi na terra a nobre M\u00e3e do divino Redentor, a Sua mais generosa cooperadora e a escrava humilde do Senhor. Concebendo, gerando e alimentando a Cristo, apresentando-O ao Pai no templo, padecendo com Ele quando agonizava na cruz, cooperou de modo singular, com a sua f\u00e9, esperan\u00e7a e ardente caridade, na obra do Salvador, para restaurar nas almas a vida sobrenatural. \u00c9 por esta raz\u00e3o nossa m\u00e3e na ordem da gra\u00e7a\u201d.<\/p>\n<p style=\"text-align: justify\">Comenta a prop\u00f3sito D. Estev\u00e3o Bettencourt, OSB, grande te\u00f3logo brasileiro, o que segue: \u201cToda a coopera\u00e7\u00e3o de Maria \u00e9 subordinada a Cristo. Maria s\u00f3 tem valor no plano do Pai por causa de Cristo. Nunca a venerar\u00edamos se n\u00e3o fosse em vista de Cristo; s\u00f3 conhecemos Maria atrav\u00e9s de Cristo. Por isso, pode-se formular a aut\u00eantica piedade mariana nos seguintes termos: \u2018O crist\u00e3o deve procurar ser, para Maria, um outro Jesus\u2019. Isto quer dizer: o objetivo primeiro do crist\u00e3o \u00e9 configurar-se a Cristo, o primog\u00eanito entre muitos irm\u00e3os, como diz S. Paulo em Rm 8,29. Todavia, quanto mais o crist\u00e3o se configura a Cristo, tanto mais ele se deve saber filho de Maria, devotado a Maria como filho, \u00e0 semelhan\u00e7a do irm\u00e3o mais velho, que era todo filho do Pai (como Deus) e Filho de Maria (como homem). Com outras palavras: o crist\u00e3o chega a Maria atrav\u00e9s de Jesus e em fun\u00e7\u00e3o de Jesus; para o crist\u00e3o nada \u00e9 anterior a Cristo. Estes dizeres, se de um lado, relegam a devo\u00e7\u00e3o a Maria para um plano subordinado a Cristo, de outro lado, mostram que \u00e9, de certo modo, obrigat\u00f3ria; n\u00e3o \u00e9 uma devo\u00e7\u00e3o entre outras, a crit\u00e9rio do fiel, mas \u00e9 a grande Devo\u00e7\u00e3o, que decorre necessariamente do ser configurado a Cristo, que \u00e9 o ser de todo crist\u00e3o\u201d (<em>Curso de Mariologia<\/em>. Rio de Janeiro: Mater Ecclesiae, 1997, p. 92).<\/p>\n<p style=\"text-align: justify\">Possam os Congregados Mariano se imbu\u00edrem cada vez mais desta verdade e se fazerem seu arauto pelo Brasil afora. Hoje, al\u00e9m do Santo Ter\u00e7o que rezamos pela paz e pelas voca\u00e7\u00f5es de maneira especial, a espiritualidade mariana com seus aprofundamentos teol\u00f3gicos deve nortear nossa a\u00e7\u00e3o evangelizadora anunciando Aquele que \u00e9 o centro da hist\u00f3ria: Jesus Cristo.<\/p>\n<p style=\"text-align: justify\">Deus seja louvado por tantos filhos e filhas que reencontram o caminho do C\u00e9u por meio de Nossa Senhora, via segura at\u00e9 seu Filho e nosso Salvador Jesus Cristo. \u201cOlhai para a estrela, invocai Maria\u201d (S\u00e3o Bernardo)! A Cristo por Maria! A Igreja eterna no tempo avan\u00e7a Congregados Marianos, cerremos as fileiras, leigos e leigas anunciando o Reino nessa Igreja em sa\u00edda, n\u00e3o deixem arrefecer o vigor!<\/p>\n<p>&nbsp;<\/p>\n<p>&nbsp;<\/p>\n<p>&nbsp;<\/p>\n","protected":false},"excerpt":{"rendered":"<p>Cardeal Orani Jo\u00e3o Tempesta Arcebispo do Rio de Janeiro (RJ) \u00a0 Com esse tema mariano \u201cFazei tudo o que Ele vos disser\u201d (Jo 2, 5) e com o lema do ano do laicato \u201cQue Maria acompanhe os Congregados Marianos a serem \u201csal da terra e Luz do mundo\u201d (Mt 5. 13-14), os Congregados Marianos de &hellip;<\/p>\n<p class=\"read-more\"> <a class=\"\" href=\"https:\/\/www.cnbb.org.br\/fazei-tudo-o-que-ele-vos-disser\/\"> <span class=\"screen-reader-text\">Fazei tudo o que Ele vos disser<\/span> Leia mais &raquo;<\/a><\/p>\n","protected":false},"author":31,"featured_media":0,"comment_status":"closed","ping_status":"open","sticky":false,"template":"","format":"standard","meta":{"site-sidebar-layout":"default","site-content-layout":"default","ast-global-header-display":"","ast-banner-title-visibility":"","ast-main-header-display":"","ast-hfb-above-header-display":"","ast-hfb-below-header-display":"","ast-hfb-mobile-header-display":"","site-post-title":"","ast-breadcrumbs-content":"","ast-featured-img":"","footer-sml-layout":"","theme-transparent-header-meta":"","adv-header-id-meta":"","stick-header-meta":"","header-above-stick-meta":"","header-main-stick-meta":"","header-below-stick-meta":""},"categories":[758],"tags":[],"acf":[],"_links":{"self":[{"href":"https:\/\/www.cnbb.org.br\/cnbb-app\/wp\/v2\/posts\/30249"}],"collection":[{"href":"https:\/\/www.cnbb.org.br\/cnbb-app\/wp\/v2\/posts"}],"about":[{"href":"https:\/\/www.cnbb.org.br\/cnbb-app\/wp\/v2\/types\/post"}],"author":[{"embeddable":true,"href":"https:\/\/www.cnbb.org.br\/cnbb-app\/wp\/v2\/users\/31"}],"replies":[{"embeddable":true,"href":"https:\/\/www.cnbb.org.br\/cnbb-app\/wp\/v2\/comments?post=30249"}],"version-history":[{"count":0,"href":"https:\/\/www.cnbb.org.br\/cnbb-app\/wp\/v2\/posts\/30249\/revisions"}],"wp:attachment":[{"href":"https:\/\/www.cnbb.org.br\/cnbb-app\/wp\/v2\/media?parent=30249"}],"wp:term":[{"taxonomy":"category","embeddable":true,"href":"https:\/\/www.cnbb.org.br\/cnbb-app\/wp\/v2\/categories?post=30249"},{"taxonomy":"post_tag","embeddable":true,"href":"https:\/\/www.cnbb.org.br\/cnbb-app\/wp\/v2\/tags?post=30249"}],"curies":[{"name":"wp","href":"https:\/\/api.w.org\/{rel}","templated":true}]}}