{"id":30285,"date":"2018-05-16T00:00:00","date_gmt":"2018-05-16T03:00:00","guid":{"rendered":"https:\/\/www.cnbb.org.br\/celam-nasce-a-rede-pan-americana-para-o-direito-a-vida-segundo-declaracao-publicada-em-10-de-maio\/"},"modified":"2018-05-16T00:00:00","modified_gmt":"2018-05-16T03:00:00","slug":"celam-nasce-a-rede-pan-americana-para-o-direito-a-vida-segundo-declaracao-publicada-em-10-de-maio","status":"publish","type":"post","link":"https:\/\/www.cnbb.org.br\/celam-nasce-a-rede-pan-americana-para-o-direito-a-vida-segundo-declaracao-publicada-em-10-de-maio\/","title":{"rendered":"Nasce a Rede Pan-americana para o Direito \u00e0 Vida segundo declara\u00e7\u00e3o de 10 de maio"},"content":{"rendered":"<div class=\"article__text\" style=\"text-align: justify\">\n<p>O Conselho Episcopal Latino-americano (CELAM) cria a Rede Pan-americana para o Direito \u00e0 Vida. A not\u00edcia foi divulgada pelo Departamento Vida, Fam\u00edlia e Juventude do organismo eclesial latino-americano numa declara\u00e7\u00e3o publicada no \u00faltimo dia 10 de maio.<\/p>\n<p>O breve documento \u00e9 inspirado na recente Carta da Congrega\u00e7\u00e3o para a Doutrina da F\u00e9 \u201cPlacuit Deo\u201d, que denuncia uma cultura contempor\u00e2nea baseada no individualismo neo-pelagiano e no neo-gnosticismo que despreza o corpo, a natureza e a hist\u00f3ria.<\/p>\n<p>\u201c<em>Notamos com crescente preocupa\u00e7\u00e3o em nosso continente a afirma\u00e7\u00e3o de uma agenda de minorias ideol\u00f3gicas, com apoio de centros de poder econ\u00f4mico e pol\u00edtico, cujo conjunto fratura a pessoa humana, sobretudo as mais jovens, afetando todas as suas dimens\u00f5es relacionais, ferindo culturas e suas tradi\u00e7\u00f5es religiosas, pol\u00edticas e jur\u00eddicas<\/em>.\u201d<\/p>\n<p>Vemos \u201c<em>profundas mudan\u00e7as no estado de direito, nas pol\u00edticas p\u00fablicas, na seguran\u00e7a jur\u00eddica, na normaliza\u00e7\u00e3o de condutas e normas legais contr\u00e1rias \u00e0 vida, \u00e0 fam\u00edlia, \u00e0 liberdade e \u00e0 obje\u00e7\u00e3o de consci\u00eancia<\/em>\u201d.<\/p>\n<p>\u201c<em>Reconhecendo que somos testemunhas deste momento hist\u00f3rico, a Igreja latino-americana e caribenha, em sua responsabilidade pastoral pelo bem fundamental da vida, n\u00e3o pode permanecer alheia e insens\u00edvel a essa dura realidade<\/em>\u201d, como disse o Papa Francisco na homilia proferida, em Bogot\u00e1, em 8 de setembro do ano passado.<\/p>\n<p>A nova Rede Pan-americana para o Direito \u00e0 Vida tem como objetivo despertar o interesse por essas quest\u00f5es, em rela\u00e7\u00e3o \u00e0s quais muitos cat\u00f3licos s\u00e3o \u201csilenciosos ou silenciados\u201d, com a tarefa urgente de uma \u201cmudan\u00e7a cultural\u201d a ser alcan\u00e7ada atrav\u00e9s de \u201cum guia respons\u00e1vel, dialogal e ativo, capaz de articular os pr\u00f3prios pensamentos\u201d.<\/p>\n<p>Portanto, prossegue a declara\u00e7\u00e3o, \u201c<em>consolidando v\u00ednculos institucionais, eclesiais, ecum\u00eanicos e sociais\u201d foi criada a nova rede que \u201cacolher\u00e1 toda realidade nacional que protege a vida\u201d e tralhar\u00e1 \u201csegundo uma agenda comum, concordando estrat\u00e9gias, linhas de reflex\u00e3o, a\u00e7\u00e3o e gest\u00e3o de emerg\u00eancias<\/em>\u201d.<\/p>\n<p>\u201c<em>A rede \u00e9 um lugar de encontro reflexivo e operacional em torno do direito \u00e0 vida, desde o momento da concep\u00e7\u00e3o at\u00e9 seu fim natural<\/em>.\u201d<\/p>\n<p>Dentre as atividades, pensa-se em momentos de forma\u00e7\u00e3o espec\u00edficos para sacerdotes e leigos, sinais concretos de acolhimento e acompanhamento de mulheres gr\u00e1vidas, em dificuldade, ou que fizeram aborto, assim como \u00e0s fam\u00edlias, menores e idosos. Evidencia-se tamb\u00e9m a import\u00e2ncia dos meios de comunica\u00e7\u00e3o. Tudo isso, com o objetivo de \u201ccolocar na rede, articular e refor\u00e7ar grupos e experi\u00eancias na Igreja e fora dela\u201d.<\/p>\n<p>Para mais informa\u00e7\u00f5es consulte o site do\u00a0<a href=\"http:\/\/www.celam.org\/declaracion-red-panamericana-para-el-derecho-a-la-vida-2412.html\" target=\"_blank\" rel=\"external nofollow noopener noreferrer\">Celam<\/a>.<\/p>\n<p style=\"text-align: right\"><em>(Texto do Vatican News)<\/em><\/p>\n<\/div>\n","protected":false},"excerpt":{"rendered":"<p>O breve documento \u00e9 inspirado em recente Carta da Congrega\u00e7\u00e3o para a Doutrina da F\u00e9 que denuncia uma cultura baseada no individualismo<\/p>\n","protected":false},"author":83,"featured_media":30286,"comment_status":"closed","ping_status":"open","sticky":false,"template":"","format":"standard","meta":{"site-sidebar-layout":"default","site-content-layout":"default","ast-global-header-display":"","ast-banner-title-visibility":"","ast-main-header-display":"","ast-hfb-above-header-display":"","ast-hfb-below-header-display":"","ast-hfb-mobile-header-display":"","site-post-title":"","ast-breadcrumbs-content":"","ast-featured-img":"","footer-sml-layout":"","theme-transparent-header-meta":"","adv-header-id-meta":"","stick-header-meta":"","header-above-stick-meta":"","header-main-stick-meta":"","header-below-stick-meta":""},"categories":[1],"tags":[],"acf":[],"_links":{"self":[{"href":"https:\/\/www.cnbb.org.br\/cnbb-app\/wp\/v2\/posts\/30285"}],"collection":[{"href":"https:\/\/www.cnbb.org.br\/cnbb-app\/wp\/v2\/posts"}],"about":[{"href":"https:\/\/www.cnbb.org.br\/cnbb-app\/wp\/v2\/types\/post"}],"author":[{"embeddable":true,"href":"https:\/\/www.cnbb.org.br\/cnbb-app\/wp\/v2\/users\/83"}],"replies":[{"embeddable":true,"href":"https:\/\/www.cnbb.org.br\/cnbb-app\/wp\/v2\/comments?post=30285"}],"version-history":[{"count":0,"href":"https:\/\/www.cnbb.org.br\/cnbb-app\/wp\/v2\/posts\/30285\/revisions"}],"wp:featuredmedia":[{"embeddable":true,"href":"https:\/\/www.cnbb.org.br\/cnbb-app\/wp\/v2\/media\/30286"}],"wp:attachment":[{"href":"https:\/\/www.cnbb.org.br\/cnbb-app\/wp\/v2\/media?parent=30285"}],"wp:term":[{"taxonomy":"category","embeddable":true,"href":"https:\/\/www.cnbb.org.br\/cnbb-app\/wp\/v2\/categories?post=30285"},{"taxonomy":"post_tag","embeddable":true,"href":"https:\/\/www.cnbb.org.br\/cnbb-app\/wp\/v2\/tags?post=30285"}],"curies":[{"name":"wp","href":"https:\/\/api.w.org\/{rel}","templated":true}]}}