{"id":30292,"date":"2018-05-15T00:00:00","date_gmt":"2018-05-15T03:00:00","guid":{"rendered":"https:\/\/www.cnbb.org.br\/ungidos-e-enviados-pelo-espirito\/"},"modified":"2018-05-15T00:00:00","modified_gmt":"2018-05-15T03:00:00","slug":"ungidos-e-enviados-pelo-espirito","status":"publish","type":"post","link":"https:\/\/www.cnbb.org.br\/ungidos-e-enviados-pelo-espirito\/","title":{"rendered":"\u00a0Ungidos e enviados pelo Esp\u00edrito"},"content":{"rendered":"<p style=\"text-align: right\"><strong>Dom Adelar Baruffi<\/strong><br \/>\n<strong>Bispo de Cruz Alta (RS)<\/strong><\/p>\n<p style=\"text-align: justify\">A Solenidade de Pentecostes atualiza a certeza de que todos n\u00f3s crist\u00e3os, fomos, no dia de nosso batismo, pela primeira vez, ungidos pelo Esp\u00edrito Santo, para a miss\u00e3o de sermos \u201csal da terra\u201d e \u201cluz do mundo\u201d (Mt 5,13.14). Fomos ungidos, consagrados e enviados. Participamos, assim, sacramentalmente da un\u00e7\u00e3o espiritual de Jesus Cristo, quando na Sinagoga de Nazar\u00e9 revelou sua identidade e miss\u00e3o: \u201cO Esp\u00edrito do Senhor est\u00e1 sobre mim, porque ele me consagrou pela un\u00e7\u00e3o para evangelizar os pobres\u201d (Lc 4,18). De fato, \u201cDeus ungiu Jesus de Nazar\u00e9 com Esp\u00edrito Santo e com poder\u201d (At 10,38), nos atesta Lucas nos Atos dos Ap\u00f3stolos. A for\u00e7a e o dinamismo do Esp\u00edrito Santo agem nele, movem-no desde seu interior, dando-lhe, no momento oportuno, a mansid\u00e3o de cora\u00e7\u00e3o ou a autoridade e determina\u00e7\u00e3o em sua miss\u00e3o, at\u00e9 o fim.<\/p>\n<p style=\"text-align: justify\">Todos os que vivem a consagra\u00e7\u00e3o batismal s\u00e3o participantes da un\u00e7\u00e3o espiritual de Cristoe feitos, segundo o estado de vida, sujeitos eclesiais e sinais do Reino de Deus no mundo. Numa sociedade na qual cresce a vis\u00e3o materialista da vida e, por isso, marcadamente superficial, guiada pela \u201ccultura do descarte\u201d, como fazem falta os valores espirituais. \u00a0Todo crist\u00e3o \u00e9 marcado com um selo espiritual para fazer um caminho de configura\u00e7\u00e3o a Jesus Cristo. \u00c9 em raz\u00e3o desta un\u00e7\u00e3o que s\u00e3o de Cristo, s\u00e3o ungidos, s\u00e3o crist\u00e3os e, como tal, participam tamb\u00e9m de sua miss\u00e3o.<\/p>\n<p style=\"text-align: justify\">Acolher o Esp\u00edrito Santo \u00e9 permitir que Ele seja o dinamismo interior que conduz nossas a\u00e7\u00f5es. Ser um batizado, seguidor de Jesus Cristo, \u00e9 deixar-se guiar pelo seu Esp\u00edrito. Permitir que Ele renove constantemente nossa vida e venha em aux\u00edlio de nossa fraqueza (cf. Rm 8,26). Que a for\u00e7a da Ressurrei\u00e7\u00e3o do Crucificado que entrou no mundo continue a fazer novas todas as coisas (cf. Ap 21, 5). No dizer de nosso Papa, \u201cJesus quer evangelizadores que anunciem a Boa Nova, n\u00e3o s\u00f3 com palavras, mas, sobretudo, com uma vida transfigurada pela presen\u00e7a de Deus\u201d (EG 259). E continua dizendo: \u201cSei que nenhuma motiva\u00e7\u00e3o ser\u00e1 suficiente, se n\u00e3o arder nos cora\u00e7\u00f5es o fogo do Esp\u00edrito\u201d (EG 261).<\/p>\n<p style=\"text-align: justify\">\u00c9 pelos seus frutos que reconhecemos quando uma pessoa se deixa guiar pelo Esp\u00edrito.\u201cO fruto do Esp\u00edrito \u00e9 amor, alegria, paz, paci\u00eancia, amabilidade, bondade, fidelidade, mansid\u00e3o e dom\u00ednio pr\u00f3prio\u201d(Gl 5,22-23). Esses s\u00e3o os resultados de uma vida guiada pelo Esp\u00edrito Santo. Estas pessoas vivem na humildade, n\u00e3o se imp\u00f5em e n\u00e3o se fazem notar. S\u00e3o um grande presente para a Igreja e a sociedade, em tempos de mediocridade e superficialidade espiritual. \u201cGosto de ver a santidade no povo paciente de Deus: nos pais que criam os seus filhos com tanto amor, nos homens e mulheres que trabalham a fim de trazer o p\u00e3o para casa, nos doentes, nas consagradas idosas que continuam a sorrir\u201d (Francisco, <em>Gaudete et Exsultate<\/em>, n.7). Estes crist\u00e3os fazem a diferen\u00e7a, pois irradiam paz interior e espalham \u201co bom perfume de Cristo\u201d (2Cor 2,15). Sem saber, s\u00e3o um sinal que manifesta a presen\u00e7a de Deus, pela conduta misericordiosa, acolhedora e corajosa na promo\u00e7\u00e3o da vida. N\u00e3o vivem na dispers\u00e3o, mas na agita\u00e7\u00e3o de nosso tempo, sabem que podem retornar constantemente ao centro onde Deus habita, pois somos templos vivos do Esp\u00edrito Santo (cf.1 Cor 3.16, 17). Nesta fonte interior, unifica-se a exist\u00eancia, integram-se as cruzes, discerne-se o caminho e tomam-se decis\u00f5es corajosas. O belo \u00e9 que estas pessoas estabelecem rela\u00e7\u00f5es com os outros tendo como ponto de partida n\u00e3o interesses pessoais ou ideologias, mas, a partir da comunh\u00e3o com Deus, estabelecem uma uni\u00e3o profunda com toda a humanidade, pois o Esp\u00edrito cria unidade.<\/p>\n<p style=\"text-align: justify\">Paulo convida a \u201cdeixar-se guiar pelo Esp\u00edrito\u201d (Gl 5,18). Ele fortalece os ungidos para, como Ele anunciar a Boa Nova \u00e0queles que a aguardam com esperan\u00e7a, como a terra seca e \u00e1rida.<\/p>\n","protected":false},"excerpt":{"rendered":"<p>Dom Adelar Baruffi Bispo de Cruz Alta (RS) A Solenidade de Pentecostes atualiza a certeza de que todos n\u00f3s crist\u00e3os, fomos, no dia de nosso batismo, pela primeira vez, ungidos pelo Esp\u00edrito Santo, para a miss\u00e3o de sermos \u201csal da terra\u201d e \u201cluz do mundo\u201d (Mt 5,13.14). Fomos ungidos, consagrados e enviados. Participamos, assim, sacramentalmente &hellip;<\/p>\n<p class=\"read-more\"> <a class=\"\" href=\"https:\/\/www.cnbb.org.br\/ungidos-e-enviados-pelo-espirito\/\"> <span class=\"screen-reader-text\">\u00a0Ungidos e enviados pelo Esp\u00edrito<\/span> Leia mais &raquo;<\/a><\/p>\n","protected":false},"author":26,"featured_media":0,"comment_status":"closed","ping_status":"open","sticky":false,"template":"","format":"standard","meta":{"site-sidebar-layout":"default","site-content-layout":"default","ast-global-header-display":"","ast-banner-title-visibility":"","ast-main-header-display":"","ast-hfb-above-header-display":"","ast-hfb-below-header-display":"","ast-hfb-mobile-header-display":"","site-post-title":"","ast-breadcrumbs-content":"","ast-featured-img":"","footer-sml-layout":"","theme-transparent-header-meta":"","adv-header-id-meta":"","stick-header-meta":"","header-above-stick-meta":"","header-main-stick-meta":"","header-below-stick-meta":""},"categories":[758],"tags":[],"acf":[],"_links":{"self":[{"href":"https:\/\/www.cnbb.org.br\/cnbb-app\/wp\/v2\/posts\/30292"}],"collection":[{"href":"https:\/\/www.cnbb.org.br\/cnbb-app\/wp\/v2\/posts"}],"about":[{"href":"https:\/\/www.cnbb.org.br\/cnbb-app\/wp\/v2\/types\/post"}],"author":[{"embeddable":true,"href":"https:\/\/www.cnbb.org.br\/cnbb-app\/wp\/v2\/users\/26"}],"replies":[{"embeddable":true,"href":"https:\/\/www.cnbb.org.br\/cnbb-app\/wp\/v2\/comments?post=30292"}],"version-history":[{"count":0,"href":"https:\/\/www.cnbb.org.br\/cnbb-app\/wp\/v2\/posts\/30292\/revisions"}],"wp:attachment":[{"href":"https:\/\/www.cnbb.org.br\/cnbb-app\/wp\/v2\/media?parent=30292"}],"wp:term":[{"taxonomy":"category","embeddable":true,"href":"https:\/\/www.cnbb.org.br\/cnbb-app\/wp\/v2\/categories?post=30292"},{"taxonomy":"post_tag","embeddable":true,"href":"https:\/\/www.cnbb.org.br\/cnbb-app\/wp\/v2\/tags?post=30292"}],"curies":[{"name":"wp","href":"https:\/\/api.w.org\/{rel}","templated":true}]}}