{"id":30295,"date":"2018-05-16T00:00:00","date_gmt":"2018-05-16T03:00:00","guid":{"rendered":"https:\/\/www.cnbb.org.br\/encontro-reunira-editores-de-folhetos-e-subsidios-liturgicos-em-vila-velha-es\/"},"modified":"2020-03-11T20:50:10","modified_gmt":"2020-03-11T23:50:10","slug":"encontro-reunira-editores-de-folhetos-e-subsidios-liturgicos-em-vila-velha-es","status":"publish","type":"post","link":"https:\/\/www.cnbb.org.br\/encontro-reunira-editores-de-folhetos-e-subsidios-liturgicos-em-vila-velha-es\/","title":{"rendered":"Encontro reunir\u00e1 Editores de Folhetos e Subs\u00eddios Lit\u00fargicos, em Vila Velha (ES)"},"content":{"rendered":"<p style=\"text-align: justify\">Organizado pela Comiss\u00e3o para a Liturgia da Confer\u00eancia Nacional dos Bispos do Brasil (CNBB), o pr\u00f3ximo encontro dos Editores de Folhetos e Subs\u00eddios Lit\u00fargicos j\u00e1 tem data marcada. Entre os dias 10 e 12 de julho, o Centro de Forma\u00e7\u00e3o Martina Toloni, em Vila Velha, no Esp\u00edrito Santo, receber\u00e1 editores de todo o Brasil. Neste ano, com uma nova proposta a iniciativa se dedicar\u00e1 tamb\u00e9m a pensar sobre a promo\u00e7\u00e3o e realiza\u00e7\u00e3o do pr\u00f3ximo S\u00ednodo dos Bispos, cujo tema \u00e9 \u201cOs Jovens, a f\u00e9 e o discernimento vocacional\u201d.<\/p>\n<p style=\"text-align: justify\">Padre Leonardo Jos\u00e9 Pinheiro, assessor da Comiss\u00e3o, explica que um dos objetivos do encontro \u00e9 a troca de experi\u00eancias entre os participantes. \u201cO Brasil \u00e9 muito rico de editoras, pessoas que trabalham na forma\u00e7\u00e3o e edi\u00e7\u00e3o desses subs\u00eddios lit\u00fargicos, ent\u00e3o vamos unir essas pessoas para pensar materiais a servi\u00e7o da participa\u00e7\u00e3o ativa dos fieis na liturgia, ent\u00e3o \u00e9 uma troca de experi\u00eancias, um momento de forma\u00e7\u00e3o junto a eles tamb\u00e9m\u201d, garante.<\/p>\n<p style=\"text-align: justify\">Para refor\u00e7ar o encontro tamb\u00e9m estar\u00e3o presentes os assessores dos tr\u00eas setores que fazem parte da Comiss\u00e3o para a Liturgia, s\u00e3o eles o de Pastoral Lit\u00fargica, Espa\u00e7o Lit\u00fargico e M\u00fasica Lit\u00fargica. \u201cJuntos vamos pensar como esses subs\u00eddios podem ajudar na evangeliza\u00e7\u00e3o\u201d, completa padre Leonardo. Al\u00e9m da liturgia e evangeliza\u00e7\u00e3o, est\u00e3o entre os temas propostos para reflex\u00e3o durante o encontro o Ano Nacional do Laicato, a Inicia\u00e7\u00e3o \u00e0 Vida Crist\u00e3 e o Projeto das Celebra\u00e7\u00f5es Dominicais da Palavra de Deus.<\/p>\n<p style=\"text-align: justify\">A novidade deste ano gira em torno das discuss\u00f5es sobre o S\u00ednodo. A ideia \u00e9 que o convidado especial, que \u00e9 assessor da Comiss\u00e3o para a Juventude, padre Ant\u00f4nio Ramos Prado, dialogue com os editores sobre a colabora\u00e7\u00e3o dos subs\u00eddios lit\u00fargicos na promo\u00e7\u00e3o e realiza\u00e7\u00e3o desse evento eclesial. Outras informa\u00e7\u00f5es podem ser consultadas com o padre Leonardo, por meio do telefone: (61) 2103-8300.<\/p>\n","protected":false},"excerpt":{"rendered":"<p>Nos dias 10 e 12 de julho, Vila Velha (ES) receber\u00e1 editores de todo o Brasil. Inscri\u00e7\u00f5es s\u00e3o pagas e estar\u00e3o abertas at\u00e9 o dia 22 de junho<\/p>\n","protected":false},"author":83,"featured_media":30296,"comment_status":"closed","ping_status":"open","sticky":false,"template":"","format":"standard","meta":{"site-sidebar-layout":"default","site-content-layout":"default","ast-global-header-display":"","ast-banner-title-visibility":"","ast-main-header-display":"","ast-hfb-above-header-display":"","ast-hfb-below-header-display":"","ast-hfb-mobile-header-display":"","site-post-title":"","ast-breadcrumbs-content":"","ast-featured-img":"","footer-sml-layout":"","theme-transparent-header-meta":"","adv-header-id-meta":"","stick-header-meta":"","header-above-stick-meta":"","header-main-stick-meta":"","header-below-stick-meta":""},"categories":[848,841],"tags":[],"acf":[],"_links":{"self":[{"href":"https:\/\/www.cnbb.org.br\/cnbb-app\/wp\/v2\/posts\/30295"}],"collection":[{"href":"https:\/\/www.cnbb.org.br\/cnbb-app\/wp\/v2\/posts"}],"about":[{"href":"https:\/\/www.cnbb.org.br\/cnbb-app\/wp\/v2\/types\/post"}],"author":[{"embeddable":true,"href":"https:\/\/www.cnbb.org.br\/cnbb-app\/wp\/v2\/users\/83"}],"replies":[{"embeddable":true,"href":"https:\/\/www.cnbb.org.br\/cnbb-app\/wp\/v2\/comments?post=30295"}],"version-history":[{"count":0,"href":"https:\/\/www.cnbb.org.br\/cnbb-app\/wp\/v2\/posts\/30295\/revisions"}],"wp:featuredmedia":[{"embeddable":true,"href":"https:\/\/www.cnbb.org.br\/cnbb-app\/wp\/v2\/media\/30296"}],"wp:attachment":[{"href":"https:\/\/www.cnbb.org.br\/cnbb-app\/wp\/v2\/media?parent=30295"}],"wp:term":[{"taxonomy":"category","embeddable":true,"href":"https:\/\/www.cnbb.org.br\/cnbb-app\/wp\/v2\/categories?post=30295"},{"taxonomy":"post_tag","embeddable":true,"href":"https:\/\/www.cnbb.org.br\/cnbb-app\/wp\/v2\/tags?post=30295"}],"curies":[{"name":"wp","href":"https:\/\/api.w.org\/{rel}","templated":true}]}}