{"id":30301,"date":"2018-05-16T00:00:00","date_gmt":"2018-05-16T03:00:00","guid":{"rendered":"https:\/\/www.cnbb.org.br\/aparecida-sp-acolhe-8o-simposio-e-10a-peregrinacao-nacional-da-familia\/"},"modified":"2020-03-11T16:47:52","modified_gmt":"2020-03-11T19:47:52","slug":"aparecida-sp-acolhe-8o-simposio-e-10a-peregrinacao-nacional-da-familia","status":"publish","type":"post","link":"https:\/\/www.cnbb.org.br\/aparecida-sp-acolhe-8o-simposio-e-10a-peregrinacao-nacional-da-familia\/","title":{"rendered":"Aparecida (SP) acolhe 8\u00ba Simp\u00f3sio e 10\u00aa Peregrina\u00e7\u00e3o Nacional da Fam\u00edlia"},"content":{"rendered":"<p style=\"text-align: justify\">Fam\u00edlias de todo o Brasil v\u00e3o estar reunidas em Aparecida (SP), entre os dias 26 e 27 de maio, para o 8\u00ba Simp\u00f3sio e 10\u00aa Peregrina\u00e7\u00e3o Nacional da Fam\u00edlia. \u00a0Com o tema \u201cO Evangelho da fam\u00edlia, alegria para o mundo!\u201d, os eventos s\u00e3o organizados pela Comiss\u00e3o Episcopal Pastoral para a Vida e a Fam\u00edlia da CNBB (CEPVF) e Comiss\u00e3o Nacional da Pastoral Familiar (CNPF) e v\u00e3o trabalhar a mesma tem\u00e1tica do IX Encontro Mundial das Fam\u00edlias com o papa Francisco, que acontece em agosto, na Irlanda.<\/p>\n<figure id=\"attachment_192092\" aria-describedby=\"caption-attachment-192092\" style=\"width: 300px\" class=\"wp-caption alignright\"><img decoding=\"async\" loading=\"lazy\" class=\"size-medium wp-image-192092\" src=\"https:\/\/www.cnbb.org.br\/wp-content\/uploads\/2020\/03\/dom-bosco-osasco-Foto_Allan-Ribeiro-JS-300x200.jpg\" alt=\"\" width=\"300\" height=\"200\" \/><figcaption id=\"caption-attachment-192092\" class=\"wp-caption-text\"><em>Dom Bosco. Foto: Allan Ribeiro\/JS<\/em><\/figcaption><\/figure>\n<blockquote>\n<p style=\"text-align: justify\"><em>\u201cEsse simp\u00f3sio \u00e9 muito importante para a vida da Igreja, pois proporciona o encontro de fam\u00edlias do Brasil inteiro numa ocasi\u00e3o de alegre escuta da Palavra de Deus e da vontade divina para nossas vidas,<\/em> diz bispo de Osasco (SP) e presidente da Comiss\u00e3o Episcopal Pastoral para a Vida e a Fam\u00edlia da CNBB, dom Jo\u00e3o Bosco Barbosa Sousa.<\/p>\n<\/blockquote>\n<p style=\"text-align: justify\">Nesse encontro, as fam\u00edlias s\u00e3o convidadas a refletir sua miss\u00e3o de testemunhar e transmitir a vida que receberam do Cristo Ressuscitado, como verdadeiro dom. Ser\u00e1 um momento estarem juntos, unidos, perseverantes como Igreja Peregrina rumo ao C\u00e9u.<\/p>\n<p style=\"text-align: justify\">Segundo dom Jo\u00e3o Bosco, o Simp\u00f3sio vai voltar o olhar para o Encontro Mundial, de modo a nos fazer \u201cum\u201d com toda a Igreja. <em>\u201c\u00c9 uma forma de estarmos todos presentes, aqueles que estar\u00e3o com o papa j\u00e1 podem preparar os seus cora\u00e7\u00f5es e aqueles que n\u00e3o podem ir se fazem presentes espiritualmente nesse momento de gra\u00e7a\u201d, acrescentou<\/em><\/p>\n<p style=\"text-align: justify\">Essa uni\u00e3o se d\u00e1 sobretudo na ora\u00e7\u00e3o e na Eucaristia, tornando o apostolado fecundo e enchendo os cora\u00e7\u00f5es daqueles que participam de esperan\u00e7a.<\/p>\n<p style=\"text-align: justify\">\u201cAcolhemos especialmente as jovens fam\u00edlias, no intuito de incentiv\u00e1-las na vida e na pr\u00e1tica do amor. Buscamos infundir no seio de cada fam\u00edlia, igreja dom\u00e9stica, o Evangelho de nosso Salvador, para que elas possam enfrentar com coragem as dificuldades do mundo atual e possam levar a bom termo a pr\u00f3pria voca\u00e7\u00e3o de ser \u201csal da terra e luz do mundo\u201d (MT 5, 13.14)\u201d, finaliza dom Bosco.<\/p>\n<p style=\"text-align: justify\">Desde 2009, sempre no \u00faltimo final de semana do m\u00eas de maio a Peregrina\u00e7\u00e3o Nacional da Fam\u00edlia \u00e9 realizada. J\u00e1 em 2011, o Simp\u00f3sio foi iniciado com a miss\u00e3o de ser um espa\u00e7o de forma\u00e7\u00e3o para as fam\u00edlias, sendo realizado paralelamente \u00e0 Peregrina\u00e7\u00e3o.<\/p>\n","protected":false},"excerpt":{"rendered":"<p>O evento acontece nos dias 26 e 27 e proporciona o encontro de fam\u00edlias numa ocasi\u00e3o de alegre escuta da Palavra de Deus e da vontade divina<\/p>\n","protected":false},"author":83,"featured_media":30302,"comment_status":"closed","ping_status":"open","sticky":false,"template":"","format":"standard","meta":{"site-sidebar-layout":"default","site-content-layout":"default","ast-global-header-display":"","ast-banner-title-visibility":"","ast-main-header-display":"","ast-hfb-above-header-display":"","ast-hfb-below-header-display":"","ast-hfb-mobile-header-display":"","site-post-title":"","ast-breadcrumbs-content":"","ast-featured-img":"","footer-sml-layout":"","theme-transparent-header-meta":"","adv-header-id-meta":"","stick-header-meta":"","header-above-stick-meta":"","header-main-stick-meta":"","header-below-stick-meta":""},"categories":[1],"tags":[],"acf":[],"_links":{"self":[{"href":"https:\/\/www.cnbb.org.br\/cnbb-app\/wp\/v2\/posts\/30301"}],"collection":[{"href":"https:\/\/www.cnbb.org.br\/cnbb-app\/wp\/v2\/posts"}],"about":[{"href":"https:\/\/www.cnbb.org.br\/cnbb-app\/wp\/v2\/types\/post"}],"author":[{"embeddable":true,"href":"https:\/\/www.cnbb.org.br\/cnbb-app\/wp\/v2\/users\/83"}],"replies":[{"embeddable":true,"href":"https:\/\/www.cnbb.org.br\/cnbb-app\/wp\/v2\/comments?post=30301"}],"version-history":[{"count":0,"href":"https:\/\/www.cnbb.org.br\/cnbb-app\/wp\/v2\/posts\/30301\/revisions"}],"wp:featuredmedia":[{"embeddable":true,"href":"https:\/\/www.cnbb.org.br\/cnbb-app\/wp\/v2\/media\/30302"}],"wp:attachment":[{"href":"https:\/\/www.cnbb.org.br\/cnbb-app\/wp\/v2\/media?parent=30301"}],"wp:term":[{"taxonomy":"category","embeddable":true,"href":"https:\/\/www.cnbb.org.br\/cnbb-app\/wp\/v2\/categories?post=30301"},{"taxonomy":"post_tag","embeddable":true,"href":"https:\/\/www.cnbb.org.br\/cnbb-app\/wp\/v2\/tags?post=30301"}],"curies":[{"name":"wp","href":"https:\/\/api.w.org\/{rel}","templated":true}]}}