{"id":30303,"date":"2018-05-16T00:00:00","date_gmt":"2018-05-16T03:00:00","guid":{"rendered":"https:\/\/www.cnbb.org.br\/dom-manoel-unidade-crista-graca-de-deus\/"},"modified":"2020-10-23T16:20:51","modified_gmt":"2020-10-23T19:20:51","slug":"dom-manoel-unidade-crista-graca-de-deus","status":"publish","type":"post","link":"https:\/\/www.cnbb.org.br\/dom-manoel-unidade-crista-graca-de-deus\/","title":{"rendered":"Dom Manoel: \u201cUnidade crist\u00e3 \u00e9 gra\u00e7a de Deus e a alcan\u00e7amos pela ora\u00e7\u00e3o\u201d"},"content":{"rendered":"<p style=\"text-align: justify\">\u201cA unidade dos crist\u00e3os ou a unidade crist\u00e3 \u00e9 gra\u00e7a de Deus, \u00e9 Deus quem faz. E a gra\u00e7a n\u00f3s alcan\u00e7amos pela ora\u00e7\u00e3o\u201d. Assim o bispo de Corn\u00e9lio Proc\u00f3pio (PR), dom Manoel Jo\u00e3o Francisco, define a import\u00e2ncia da Semana de Ora\u00e7\u00e3o pela Unidade Crist\u00e3, iniciada no domingo, dia 13 de maio.<\/p>\n<p style=\"text-align: justify\">O bispo, que \u00e9 membro da Comiss\u00e3o Episcopal Pastoral para o Ecumenismo e o Di\u00e1logo Inter-religioso da Confer\u00eancia Nacional dos Bispos do Brasil (CNBB), ensina que a ora\u00e7\u00e3o toca o cora\u00e7\u00e3o de Deus, \u201cEle mesmo nos orientou nesse sentido de que no meio de toda a a\u00e7\u00e3o em busca da unidade crist\u00e3, a ora\u00e7\u00e3o \u00e9 a principal\u201d.<\/p>\n<p style=\"text-align: justify\">Dom Manoel tamb\u00e9m destaca na entrevista as reflex\u00f5es do te\u00f3logo Hans K\u00fcng sobre o papel das religi\u00f5es na constru\u00e7\u00e3o da paz mundial.<\/p>\n<div class=\"ast-oembed-container\" style=\"height: 100%;\"><iframe loading=\"lazy\" title=\"Entrevista - Dom Manoel Jo\u00e3o Francisco\" width=\"500\" height=\"281\" src=\"https:\/\/www.youtube.com\/embed\/QuBV8DvOOn0?feature=oembed\" frameborder=\"0\" allow=\"accelerometer; autoplay; clipboard-write; encrypted-media; gyroscope; picture-in-picture\" allowfullscreen><\/iframe><\/div>\n<p style=\"text-align: justify\"><strong><span style=\"color: #993300\">Celebra\u00e7\u00f5es<\/span><em><span style=\"color: #993300\"><br \/>\n<\/span><\/em><\/strong>Igrejas Cat\u00f3licas, anglicanas, protestantes, ortodoxas e tantas outras est\u00e3o celebrando desde a Festa da Ascen\u00e7\u00e3o do Senhor a Semana de Ora\u00e7\u00e3o pela Unidade Crist\u00e3 (Souc), sob o impulso do tema A m\u00e3o de Deus nos une e liberta\u201d (Ex 15, 1-21).<\/p>\n<p style=\"text-align: justify\">A Comiss\u00e3o para o Ecumenismo da CNBB incentiva a celebra\u00e7\u00e3o da semana em todo o Brasil, sejam nos regionais e dioceses que j\u00e1 possuem as comiss\u00f5es correlatas, sejam nas par\u00f3quias e comunidades. \u201cO importante \u00e9 estarmos juntos para pedir o dom da uni\u00e3o entre os crist\u00e3os\u201d, ressaltou o assessor da Comiss\u00e3o na CNBB, padre Marcus Barbosa Guimar\u00e3es. Segundo ele, o Conic deve receber ao final dessa semana diversos relatos de celebra\u00e7\u00f5es e iniciativas ecum\u00eanicas Brasil afora, mas destacou que acontecem atividades na cidade do Rio de Janeiro (RJ), na baixada fluminense, onde est\u00e3o as dioceses de Nova Igua\u00e7u e Duque de Caxias, tamb\u00e9m na Bahia, em S\u00e3o Paulo e no Paran\u00e1.<\/p>\n<p style=\"text-align: justify\">De acordo com Conselho Nacional de Igrejas Crist\u00e3s (Conic), que oferece os materiais para as celebra\u00e7\u00f5es destes dias, al\u00e9m das igrejas-membro do conselho, em muitas cidades a Semana de Ora\u00e7\u00e3o congrega lideran\u00e7as e membros de outras igrejas, como a Quadrangular, Assembleia de Deus, Metodista, comunidades ortodoxas, entre outras. Tamb\u00e9m ganha destaque a atividade que acontecer\u00e1 em Campo Grande (MS), no \u00faltimo dia da Souc: uma concentra\u00e7\u00e3o no centro da cidade para pedir mais toler\u00e2ncia religiosa com a presen\u00e7a de diversas manifesta\u00e7\u00f5es de f\u00e9, incluindo as de matriz africana.<\/p>\n<blockquote>\n<p style=\"text-align: justify\"><em>S\u00e3o igrejas-membro do Conic: Alian\u00e7a de Batistas do Brasil, Igreja Cat\u00f3lica Apost\u00f3lica Romana, Igreja Episcopal Anglicana do Brasil, Igreja Evang\u00e9lica de Confiss\u00e3o Luterana no Brasil, Igreja Presbiteriana Unida e Igreja Sirian Ortodoxa de Antioquia.<\/em><\/p>\n<\/blockquote>\n","protected":false},"excerpt":{"rendered":"<p>CNBB participa da Semana de Ora\u00e7\u00e3o pela Unidade dos Crist\u00e3os<\/p>\n","protected":false},"author":83,"featured_media":30304,"comment_status":"closed","ping_status":"open","sticky":false,"template":"","format":"standard","meta":{"site-sidebar-layout":"default","site-content-layout":"default","ast-global-header-display":"","ast-banner-title-visibility":"","ast-main-header-display":"","ast-hfb-above-header-display":"","ast-hfb-below-header-display":"","ast-hfb-mobile-header-display":"","site-post-title":"","ast-breadcrumbs-content":"","ast-featured-img":"","footer-sml-layout":"","theme-transparent-header-meta":"","adv-header-id-meta":"","stick-header-meta":"","header-above-stick-meta":"","header-main-stick-meta":"","header-below-stick-meta":""},"categories":[1],"tags":[2910],"acf":[],"_links":{"self":[{"href":"https:\/\/www.cnbb.org.br\/cnbb-app\/wp\/v2\/posts\/30303"}],"collection":[{"href":"https:\/\/www.cnbb.org.br\/cnbb-app\/wp\/v2\/posts"}],"about":[{"href":"https:\/\/www.cnbb.org.br\/cnbb-app\/wp\/v2\/types\/post"}],"author":[{"embeddable":true,"href":"https:\/\/www.cnbb.org.br\/cnbb-app\/wp\/v2\/users\/83"}],"replies":[{"embeddable":true,"href":"https:\/\/www.cnbb.org.br\/cnbb-app\/wp\/v2\/comments?post=30303"}],"version-history":[{"count":0,"href":"https:\/\/www.cnbb.org.br\/cnbb-app\/wp\/v2\/posts\/30303\/revisions"}],"wp:featuredmedia":[{"embeddable":true,"href":"https:\/\/www.cnbb.org.br\/cnbb-app\/wp\/v2\/media\/30304"}],"wp:attachment":[{"href":"https:\/\/www.cnbb.org.br\/cnbb-app\/wp\/v2\/media?parent=30303"}],"wp:term":[{"taxonomy":"category","embeddable":true,"href":"https:\/\/www.cnbb.org.br\/cnbb-app\/wp\/v2\/categories?post=30303"},{"taxonomy":"post_tag","embeddable":true,"href":"https:\/\/www.cnbb.org.br\/cnbb-app\/wp\/v2\/tags?post=30303"}],"curies":[{"name":"wp","href":"https:\/\/api.w.org\/{rel}","templated":true}]}}