{"id":30305,"date":"2018-05-16T00:00:00","date_gmt":"2018-05-16T03:00:00","guid":{"rendered":"https:\/\/www.cnbb.org.br\/comunicacoes-sociais-tudo-sera-verdade\/"},"modified":"2018-05-16T00:00:00","modified_gmt":"2018-05-16T03:00:00","slug":"comunicacoes-sociais-tudo-sera-verdade","status":"publish","type":"post","link":"https:\/\/www.cnbb.org.br\/comunicacoes-sociais-tudo-sera-verdade\/","title":{"rendered":"Comunica\u00e7\u00f5es Sociais. Tudo ser\u00e1 verdade?"},"content":{"rendered":"<p style=\"text-align: right\"><strong>Dom Gil Ant\u00f4nio Moreira<\/strong><br \/>\n<strong>Arcebispo de Juiz de Fora<\/strong><\/p>\n<p>&nbsp;<\/p>\n<p style=\"text-align: justify\">Definitivamente, estamos na era das comunica\u00e7\u00f5es. O mundo est\u00e1 plugado. Coisas incr\u00edveis a tecnologia conseguiu, inimagin\u00e1veis para um passado muito pr\u00f3ximo. Por\u00e9m, a pergunta sobre a verdade no uso destes meios t\u00e3o avan\u00e7ados \u00e9 inevit\u00e1vel. Os meios de Comunica\u00e7\u00f5es Sociais est\u00e3o inteiramente a servi\u00e7o da verdade?<\/p>\n<p style=\"text-align: justify\">A mat\u00e9ria \u00e9 examinada pelo Papa Francisco em sua mensagem para o 52\u00ba Dia Mundial das Comunica\u00e7\u00f5es Sociais que \u00e9 celebrado sempre no Domingo da Ascens\u00e3o do Senhor, neste ano, no dia 13 de maio.<\/p>\n<p style=\"text-align: justify\">Francisco escolheu como tema a palavra de Cristo: \u201c<em>A verdade vos tornar\u00e1 livres<\/em>\u201d (Jo\u00e3o 8, 32). Faz s\u00e9ria reflex\u00e3o sobre o desastre que causam as\u00a0<em>fake news<\/em>\u00a0na vida das pessoas e o preju\u00edzo moral ao pr\u00f3prio mundo das comunica\u00e7\u00f5es. A mentira s\u00f3 produz situa\u00e7\u00f5es degeneradoras, a falsidade destr\u00f3i a dignidade humana e agride as rela\u00e7\u00f5es entre as pessoas.<\/p>\n<p style=\"text-align: justify\">A verdade, contudo, a todos serve e conduz \u00e0 paz, ao respeito m\u00fatuo e ao crescimento humanit\u00e1rio.<\/p>\n<p style=\"text-align: justify\">Partindo da B\u00edblia, o Papa recorda que, segundo a descri\u00e7\u00e3o do livro do G\u00eanesis, a primeira\u00a0<em>fake news<\/em> da hist\u00f3ria teria sido a tenta\u00e7\u00e3o sofrida por Ad\u00e3o e Eva, provocados pela serpente, \u2018o mais astuto dos animais\u2019 (cf Gen.3, 1-23). Usando de meia verdade e meia mentira, o tentador engana as pessoas, provoca desconfian\u00e7a onde n\u00e3o havia, induz ao despeito, \u00e0 inveja, ao orgulho. O pecado inicial introduz o \u00f3dio entre irm\u00e3os causando o primeiro fratric\u00eddio, praticado por Caim contra seu bom irm\u00e3o Abel.\u00a0Pelo abuso da comunica\u00e7\u00e3o, o maligno faz entrar na hist\u00f3ria humana a derrocada de toda sorte de mal.<\/p>\n<p style=\"text-align: justify\">Semear <em>fake news<\/em> \u00e9 um dos maiores desservi\u00e7os \u00e0 pr\u00f3pria obra das comunica\u00e7\u00f5es, pois gera desconfian\u00e7a, fere a \u00e9tica, provoca ofensas, agride a paz social. Diz o Papa: \u201c<em>nenhuma distor\u00e7\u00e3o \u00e9 inofensiva; antes pelo contr\u00e1rio, fiar-se daquilo que \u00e9 falso produz consequ\u00eancias nefastas. Mesmo uma distor\u00e7\u00e3o da verdade aparentemente leve pode ter efeitos perigosos<\/em>\u201d.<\/p>\n<p style=\"text-align: justify\">Uma das caracter\u00edsticas da comunica\u00e7\u00e3o de hoje \u00e9 a rapidez. Tudo \u00e9 t\u00e3o veloz que dificilmente se pode controlar a divulga\u00e7\u00e3o de uma not\u00edcia. A avidez de certas ag\u00eancias em sair \u00e0 frente, a ser a primeira a dar a not\u00edcia, visando sucesso e dinheiro, resulta em grande perigo, pois muitas vezes p\u00f5e em jogo a veracidade dos fatos e pode moralmente destruir pessoas para sempre, quando publicam supostos crimes, sem comprova\u00e7\u00e3o devida. Uma vez dito nos meios ou viralizada nas redes sociais, ningu\u00e9m mais conseguir\u00e1 voltar atr\u00e1s e limpar o nome de quem foi injustamente prejudicado. Isso funciona como as cartas an\u00f4nimas, pois partem de pessoas inescrupulosas, dotadas de mal car\u00e1ter e de nenhum esp\u00edrito crist\u00e3o. O missivista an\u00f4nimo age como hip\u00f3crita que atira a pedra e esconde a m\u00e3o. O mesmo se d\u00e1 com certas acusa\u00e7\u00f5es graves que s\u00e3o viralizadas, na maioria dos casos, sem se conhecer sua proced\u00eancia.<\/p>\n<p style=\"text-align: justify\">O Papa diz:<em> \u201cAs fake news tornam-se frequentemente virais, ou seja, propagam-se com grande rapidez e de forma dificilmente control\u00e1vel\u201d<\/em>. E mais \u00e0 frente, diz: <em>\u201cAs pr\u00f3prias motiva\u00e7\u00f5es econ\u00f4micas e oportunistas da desinforma\u00e7\u00e3o t\u00eam ra\u00edzes na sede do poder, do ter e do prazer<\/em>\u201d.<\/p>\n<p style=\"text-align: justify\">Como rem\u00e9dio principal para vencer o problema das falsas not\u00edcias, a mensagem pontif\u00edcia prop\u00f5e duas medidas. A primeira \u00e9 a educa\u00e7\u00e3o das pessoas, desde crian\u00e7as, para que ven\u00e7am a tenta\u00e7\u00e3o da mentira, a fim de serem formadas na verdade como uma op\u00e7\u00e3o pessoal. A segunda medida pr\u00e1tica \u00e9 n\u00e3o passar para frente, n\u00e3o compartilhar, n\u00e3o dar nenhuma aten\u00e7\u00e3o \u00e0s <em>fake news<\/em>, mas justamente combater esta pr\u00e1tica.<\/p>\n<p style=\"text-align: justify\">\n<p>&nbsp;<\/p>\n<p>&nbsp;<\/p>\n","protected":false},"excerpt":{"rendered":"<p>Dom Gil Ant\u00f4nio Moreira Arcebispo de Juiz de Fora &nbsp; Definitivamente, estamos na era das comunica\u00e7\u00f5es. O mundo est\u00e1 plugado. Coisas incr\u00edveis a tecnologia conseguiu, inimagin\u00e1veis para um passado muito pr\u00f3ximo. Por\u00e9m, a pergunta sobre a verdade no uso destes meios t\u00e3o avan\u00e7ados \u00e9 inevit\u00e1vel. Os meios de Comunica\u00e7\u00f5es Sociais est\u00e3o inteiramente a servi\u00e7o da &hellip;<\/p>\n<p class=\"read-more\"> <a class=\"\" href=\"https:\/\/www.cnbb.org.br\/comunicacoes-sociais-tudo-sera-verdade\/\"> <span class=\"screen-reader-text\">Comunica\u00e7\u00f5es Sociais. Tudo ser\u00e1 verdade?<\/span> Leia mais &raquo;<\/a><\/p>\n","protected":false},"author":12,"featured_media":0,"comment_status":"closed","ping_status":"open","sticky":false,"template":"","format":"standard","meta":{"site-sidebar-layout":"default","site-content-layout":"default","ast-global-header-display":"","ast-banner-title-visibility":"","ast-main-header-display":"","ast-hfb-above-header-display":"","ast-hfb-below-header-display":"","ast-hfb-mobile-header-display":"","site-post-title":"","ast-breadcrumbs-content":"","ast-featured-img":"","footer-sml-layout":"","theme-transparent-header-meta":"","adv-header-id-meta":"","stick-header-meta":"","header-above-stick-meta":"","header-main-stick-meta":"","header-below-stick-meta":""},"categories":[758],"tags":[],"acf":[],"_links":{"self":[{"href":"https:\/\/www.cnbb.org.br\/cnbb-app\/wp\/v2\/posts\/30305"}],"collection":[{"href":"https:\/\/www.cnbb.org.br\/cnbb-app\/wp\/v2\/posts"}],"about":[{"href":"https:\/\/www.cnbb.org.br\/cnbb-app\/wp\/v2\/types\/post"}],"author":[{"embeddable":true,"href":"https:\/\/www.cnbb.org.br\/cnbb-app\/wp\/v2\/users\/12"}],"replies":[{"embeddable":true,"href":"https:\/\/www.cnbb.org.br\/cnbb-app\/wp\/v2\/comments?post=30305"}],"version-history":[{"count":0,"href":"https:\/\/www.cnbb.org.br\/cnbb-app\/wp\/v2\/posts\/30305\/revisions"}],"wp:attachment":[{"href":"https:\/\/www.cnbb.org.br\/cnbb-app\/wp\/v2\/media?parent=30305"}],"wp:term":[{"taxonomy":"category","embeddable":true,"href":"https:\/\/www.cnbb.org.br\/cnbb-app\/wp\/v2\/categories?post=30305"},{"taxonomy":"post_tag","embeddable":true,"href":"https:\/\/www.cnbb.org.br\/cnbb-app\/wp\/v2\/tags?post=30305"}],"curies":[{"name":"wp","href":"https:\/\/api.w.org\/{rel}","templated":true}]}}