{"id":30306,"date":"2018-05-16T00:00:00","date_gmt":"2018-05-16T03:00:00","guid":{"rendered":"https:\/\/www.cnbb.org.br\/o-sopro-da-vida\/"},"modified":"2018-05-16T00:00:00","modified_gmt":"2018-05-16T03:00:00","slug":"o-sopro-da-vida","status":"publish","type":"post","link":"https:\/\/www.cnbb.org.br\/o-sopro-da-vida\/","title":{"rendered":"O sopro da vida"},"content":{"rendered":"<p style=\"text-align: right\"><strong>Dom Fernando Ar\u00eaas Rifan<\/strong><br \/>\n<strong>Bispo da Administra\u00e7\u00e3o Apost\u00f3lica Pessoal S\u00e3o Jo\u00e3o Maria Vianney<\/strong><\/p>\n<p>&nbsp;<\/p>\n<p style=\"text-align: justify\">Domingo pr\u00f3ximo ser\u00e1 a solenidade de Pentecostes, na qual celebraremos a vinda do Esp\u00edrito Santo sobre os Ap\u00f3stolos reunidos com Nossa Senhora (Atos 1, 13-14), ou seja, a inaugura\u00e7\u00e3o oficial da Igreja de Cristo, seu Corpo M\u00edstico vivo, pela a\u00e7\u00e3o do Esp\u00edrito Santo.<\/p>\n<p style=\"text-align: justify\">Deus, ao criar Ad\u00e3o, o primeiro homem, ap\u00f3s formar o seu corpo do p\u00f3 do solo, soprou sobre ele um \u201csopro de vida\u201d, surgindo assim o ser humano completo, corpo e alma (Gn 2, 7). Jesus, durante sua vida p\u00fablica, formou o corpo da Igreja: convocou os Ap\u00f3stolos, a quem deu a sua autoridade, escolheu Pedro para o chefe, a \u201cpedra\u201d, e deu-lhes o poder de transmitir a gra\u00e7a e os seus ensinamentos. Estava formada a hierarquia, a Igreja docente, que, junto com os outros disc\u00edpulos, a Igreja discente, formava o corpo da Igreja. Faltava agora a alma, o sopro da vida. Sopro em latim \u00e9 \u201cspiritus\u201d. Sopro divino, a alma da Igreja, \u00e9 o Esp\u00edrito Santo, que Jesus enviou sobre os Ap\u00f3stolos, sobre a sua nascente Igreja. Agora a obra est\u00e1 completa.<\/p>\n<p style=\"text-align: justify\">Assim o Esp\u00edrito Santo completou a obra de Cristo, santificando os Ap\u00f3stolos, transformando-os de fracos em fortes, de medrosos em corajosos, de ignorantes em s\u00e1bios, para assim pregarem o Evangelho de Jesus a todos os povos, enfrentando a sabedoria pag\u00e3, as persegui\u00e7\u00f5es e at\u00e9 a morte, pela causa de Cristo. E at\u00e9 hoje, \u00e9 o Esp\u00edrito Santo que d\u00e1 for\u00e7a aos m\u00e1rtires, testemunhas do Evangelho at\u00e9 o derramamento do sangue, o vigor aos mission\u00e1rios e pregadores, a ci\u00eancia aos doutores, a pureza \u00e0s virgens, a perseveran\u00e7a aos justos e a convers\u00e3o aos pecadores. \u00c9 o Esp\u00edrito Santo que garante a indefectibilidade e a infalibilidade \u00e0 Igreja, at\u00e9 ao fim do mundo. Nenhuma sociedade humana sobreviveria a tantas persegui\u00e7\u00f5es, tantas heresias e cismas, tantos inimigos externos e internos, tanta gente ruim no seu seio (n\u00f3s, por exemplo!), leigos, padres, Bispos e Papas ruins, tantos esc\u00e2ndalos da parte dos seus membros, tantas dificuldades, se n\u00e3o fosse a a\u00e7\u00e3o do Esp\u00edrito Santo que a mant\u00e9m inc\u00f3lume no meio de todas essas tempestades, at\u00e9 a consuma\u00e7\u00e3o dos s\u00e9culos.<\/p>\n<p style=\"text-align: justify\">\u00c9 essa a\u00e7\u00e3o do Esp\u00edrito Santo que produziu os santos, que fazem a gl\u00f3ria da Igreja, e s\u00e3o milhares e milhares. Conhecemos alguns por nome, respeitados por todo o mundo, mesmo pelos n\u00e3o cat\u00f3licos e n\u00e3o crist\u00e3os: quem n\u00e3o respeita e admira a santidade de um S\u00e3o Francisco de Assis, a ci\u00eancia de um Santo Agostinho, um S\u00e3o Jer\u00f4nimo e um Santo Tom\u00e1s de Aquino, a firmeza de S\u00e3o Sebasti\u00e3o, a pureza de Santa In\u00eas e Santa Cec\u00edlia, a candura de Santa Teresinha do Menino Jesus, a caridade de Santa Teresa de Calcut\u00e1 e da Beata Dulce dos Pobres, etc. \u00c9 o Esp\u00edrito Santo, presente na Igreja, que cumpre a promessa de Jesus: \u201cEis que estou convosco todos os dias, at\u00e9 o fim dos tempos\u201d (Mt 28, 20).<\/p>\n<p style=\"text-align: justify\">A Igreja reproduz a condi\u00e7\u00e3o do seu Divino Fundador, Jesus, Deus e homem. Como Deus, perfeit\u00edssimo como o Pai, como homem, sujeito a fraquezas como n\u00f3s, exceto no pecado. Tamb\u00e9m a Igreja, humana e fraca nos seus membros, que somos todos n\u00f3s, \u00e9 divina nos seus ensinamentos, gra\u00e7a e perfei\u00e7\u00e3o, pela presen\u00e7a do Esp\u00edrito Santo, continuador da obra de Jesus.<\/p>\n<p style=\"text-align: justify\">\n<p>&nbsp;<\/p>\n<p>&nbsp;<\/p>\n","protected":false},"excerpt":{"rendered":"<p>Dom Fernando Ar\u00eaas Rifan Bispo da Administra\u00e7\u00e3o Apost\u00f3lica Pessoal S\u00e3o Jo\u00e3o Maria Vianney &nbsp; Domingo pr\u00f3ximo ser\u00e1 a solenidade de Pentecostes, na qual celebraremos a vinda do Esp\u00edrito Santo sobre os Ap\u00f3stolos reunidos com Nossa Senhora (Atos 1, 13-14), ou seja, a inaugura\u00e7\u00e3o oficial da Igreja de Cristo, seu Corpo M\u00edstico vivo, pela a\u00e7\u00e3o do &hellip;<\/p>\n<p class=\"read-more\"> <a class=\"\" href=\"https:\/\/www.cnbb.org.br\/o-sopro-da-vida\/\"> <span class=\"screen-reader-text\">O sopro da vida<\/span> Leia mais &raquo;<\/a><\/p>\n","protected":false},"author":29,"featured_media":0,"comment_status":"closed","ping_status":"open","sticky":false,"template":"","format":"standard","meta":{"site-sidebar-layout":"default","site-content-layout":"default","ast-global-header-display":"","ast-banner-title-visibility":"","ast-main-header-display":"","ast-hfb-above-header-display":"","ast-hfb-below-header-display":"","ast-hfb-mobile-header-display":"","site-post-title":"","ast-breadcrumbs-content":"","ast-featured-img":"","footer-sml-layout":"","theme-transparent-header-meta":"","adv-header-id-meta":"","stick-header-meta":"","header-above-stick-meta":"","header-main-stick-meta":"","header-below-stick-meta":""},"categories":[758],"tags":[],"acf":[],"_links":{"self":[{"href":"https:\/\/www.cnbb.org.br\/cnbb-app\/wp\/v2\/posts\/30306"}],"collection":[{"href":"https:\/\/www.cnbb.org.br\/cnbb-app\/wp\/v2\/posts"}],"about":[{"href":"https:\/\/www.cnbb.org.br\/cnbb-app\/wp\/v2\/types\/post"}],"author":[{"embeddable":true,"href":"https:\/\/www.cnbb.org.br\/cnbb-app\/wp\/v2\/users\/29"}],"replies":[{"embeddable":true,"href":"https:\/\/www.cnbb.org.br\/cnbb-app\/wp\/v2\/comments?post=30306"}],"version-history":[{"count":0,"href":"https:\/\/www.cnbb.org.br\/cnbb-app\/wp\/v2\/posts\/30306\/revisions"}],"wp:attachment":[{"href":"https:\/\/www.cnbb.org.br\/cnbb-app\/wp\/v2\/media?parent=30306"}],"wp:term":[{"taxonomy":"category","embeddable":true,"href":"https:\/\/www.cnbb.org.br\/cnbb-app\/wp\/v2\/categories?post=30306"},{"taxonomy":"post_tag","embeddable":true,"href":"https:\/\/www.cnbb.org.br\/cnbb-app\/wp\/v2\/tags?post=30306"}],"curies":[{"name":"wp","href":"https:\/\/api.w.org\/{rel}","templated":true}]}}