{"id":30307,"date":"2018-05-16T00:00:00","date_gmt":"2018-05-16T03:00:00","guid":{"rendered":"https:\/\/www.cnbb.org.br\/uma-so-lingua\/"},"modified":"2018-05-16T00:00:00","modified_gmt":"2018-05-16T03:00:00","slug":"uma-so-lingua","status":"publish","type":"post","link":"https:\/\/www.cnbb.org.br\/uma-so-lingua\/","title":{"rendered":"Uma s\u00f3 l\u00edngua"},"content":{"rendered":"<p style=\"text-align: right\">\u00a0 \u00a0 <strong>\u00a0Dom Jos\u00e9 Alberto Moura<\/strong><br \/>\n<strong>Arcebispo de Montes Claros (MG)<\/strong><\/p>\n<p><strong>\u00a0<\/strong><\/p>\n<p style=\"text-align: justify\">A b\u00edblia narra a hist\u00f3ria da torre de Babel. Nela vem apresentada a vontade de o ser humano se unir para chegar ao c\u00e9u e dominar tudo como tivesse o poder divino. Mas, com esse intento, o ser humano erra e se desentende, n\u00e3o conseguindo realizar seu projeto de domina\u00e7\u00e3o (Cf. G\u00eanesis 11,1-9). Apoderar-se do divino sem seu poder leva a humanidade a viver em verdadeira confus\u00e3o. S\u00f3 um homem \u00e9 Deus, o Filho dele. Provou-o sua ressurrei\u00e7\u00e3o. Andando como e com Ele aprendemos a falar, mesmo com l\u00ednguas ou realidades diferentes, a linguagem que nos leva \u00e0 uni\u00e3o e a diviniza\u00e7\u00e3o do humano na caminhada neste planeta. S\u00f3 com a linguagem do amor \u00e9 que vamos nos entender para nos ajudarmos mutuamente e, assim, construiremos uma sociedade mais justa.<\/p>\n<p style=\"text-align: justify\">\u00a0A a\u00e7\u00e3o do Esp\u00edrito Santo inundou os disc\u00edpulos de Jesus no dia de Pentecostes, para eles superarem o medo e se encherem de entusiasmo para propor a todos o caminho que leva ao entendimento, \u00e0 promo\u00e7\u00e3o da justi\u00e7a e da solidariedade. Esse mesmo Esp\u00edrito atua em pessoas do bem, que ajudam a humanidade a ter o cora\u00e7\u00e3o\u00a0 compassivo e dispon\u00edvel, com a humildade de saberem que s\u00e3o instrumentos de Deus para a promo\u00e7\u00e3o do bem comum. O esfor\u00e7o para a supera\u00e7\u00e3o das rivalidades, dos \u00f3dios e dos mecanismos de morte faz com que muitos se coloquem em a\u00e7\u00f5es de real servi\u00e7o aos mais fr\u00e1geis e carentes de promo\u00e7\u00e3o e supera\u00e7\u00e3o de seus males.<\/p>\n<p style=\"text-align: justify\">O ap\u00f3stolo Paulo mostra a realidade humana que vive como em dores de parte, devido aos males causados pelo pecado e toda a maldade na conviv\u00eancia social (CF. Romanos 8,22-14). De fato, as armas feitas para as guerras e mortes, o flagelo da forme de um quarto da humanidade, assassinatos e mortes no tr\u00e2nsito aos milhares, exclus\u00f5es sociais aviltantes, corrup\u00e7\u00e3o bastante ampliada e outros males s\u00f3 podem ser combatidos e superados com a consci\u00eancia do verdadeiro amor trazido pelo Filho de Deus e inoculado nos cora\u00e7\u00f5es pelo Esp\u00edrito Santo.\u00a0 Quem tem sinceridade de cora\u00e7\u00e3o e coopera com a a\u00e7\u00e3o desse Esp\u00edrito fala a linguagem do Cristo e colabora com o entendimento e promove a solidariedade humana, superando a Torre de Babel.<\/p>\n<p style=\"text-align: justify\">Usufruimos da \u00e1gua da fonte de Cristo (Cf. Jo\u00e3o 7,37-39) quando nos deixamos impulsionar por seu amor, na atitude de quem se embebe do l\u00edquido santo da compaix\u00e3o, da vontade de ser canal de condu\u00e7\u00e3o da\u00a0 verdade, do caminho e do amor dele para ajudar quem precisa de compreens\u00e3o, de justi\u00e7a e de paz.<\/p>\n<p style=\"text-align: justify\">Muitos complicam a conviv\u00eancia devido a seu fechamento em si mesmo e falta de altru\u00edsmo e sensibilidade em rela\u00e7\u00e3o \u00e0s car\u00eancias do semelhante. A linguagem do amor nos torna mais felizes por sabermos viver com mais riqueza de doa\u00e7\u00e3o. \u00c9 mais f\u00e1cil convivermos no entendimento do que na rispidez e fechamento em rela\u00e7\u00e3o aos outros. Basta experimentarmos ser mais solid\u00e1rios para percebermos que somos mais felizes em dar do que em s\u00f3 querer receber!<\/p>\n<p style=\"text-align: justify\">\n","protected":false},"excerpt":{"rendered":"<p>\u00a0 \u00a0 \u00a0Dom Jos\u00e9 Alberto Moura Arcebispo de Montes Claros (MG) \u00a0 A b\u00edblia narra a hist\u00f3ria da torre de Babel. Nela vem apresentada a vontade de o ser humano se unir para chegar ao c\u00e9u e dominar tudo como tivesse o poder divino. Mas, com esse intento, o ser humano erra e se desentende, &hellip;<\/p>\n<p class=\"read-more\"> <a class=\"\" href=\"https:\/\/www.cnbb.org.br\/uma-so-lingua\/\"> <span class=\"screen-reader-text\">Uma s\u00f3 l\u00edngua<\/span> Leia mais &raquo;<\/a><\/p>\n","protected":false},"author":22,"featured_media":0,"comment_status":"closed","ping_status":"open","sticky":false,"template":"","format":"standard","meta":{"site-sidebar-layout":"default","site-content-layout":"default","ast-global-header-display":"","ast-banner-title-visibility":"","ast-main-header-display":"","ast-hfb-above-header-display":"","ast-hfb-below-header-display":"","ast-hfb-mobile-header-display":"","site-post-title":"","ast-breadcrumbs-content":"","ast-featured-img":"","footer-sml-layout":"","theme-transparent-header-meta":"","adv-header-id-meta":"","stick-header-meta":"","header-above-stick-meta":"","header-main-stick-meta":"","header-below-stick-meta":""},"categories":[758],"tags":[],"acf":[],"_links":{"self":[{"href":"https:\/\/www.cnbb.org.br\/cnbb-app\/wp\/v2\/posts\/30307"}],"collection":[{"href":"https:\/\/www.cnbb.org.br\/cnbb-app\/wp\/v2\/posts"}],"about":[{"href":"https:\/\/www.cnbb.org.br\/cnbb-app\/wp\/v2\/types\/post"}],"author":[{"embeddable":true,"href":"https:\/\/www.cnbb.org.br\/cnbb-app\/wp\/v2\/users\/22"}],"replies":[{"embeddable":true,"href":"https:\/\/www.cnbb.org.br\/cnbb-app\/wp\/v2\/comments?post=30307"}],"version-history":[{"count":0,"href":"https:\/\/www.cnbb.org.br\/cnbb-app\/wp\/v2\/posts\/30307\/revisions"}],"wp:attachment":[{"href":"https:\/\/www.cnbb.org.br\/cnbb-app\/wp\/v2\/media?parent=30307"}],"wp:term":[{"taxonomy":"category","embeddable":true,"href":"https:\/\/www.cnbb.org.br\/cnbb-app\/wp\/v2\/categories?post=30307"},{"taxonomy":"post_tag","embeddable":true,"href":"https:\/\/www.cnbb.org.br\/cnbb-app\/wp\/v2\/tags?post=30307"}],"curies":[{"name":"wp","href":"https:\/\/api.w.org\/{rel}","templated":true}]}}