{"id":30349,"date":"2018-05-21T00:00:00","date_gmt":"2018-05-21T03:00:00","guid":{"rendered":"https:\/\/www.cnbb.org.br\/medalha-sao-paulo-apostolo-2018-tem-inscricoes-abertas\/"},"modified":"2018-05-21T00:00:00","modified_gmt":"2018-05-21T03:00:00","slug":"medalha-sao-paulo-apostolo-2018-tem-inscricoes-abertas","status":"publish","type":"post","link":"https:\/\/www.cnbb.org.br\/medalha-sao-paulo-apostolo-2018-tem-inscricoes-abertas\/","title":{"rendered":"Medalha S\u00e3o Paulo Ap\u00f3stolo edi\u00e7\u00e3o 2018 j\u00e1 est\u00e1 com inscri\u00e7\u00f5es abertas"},"content":{"rendered":"<p style=\"text-align: justify\">Est\u00e3o abertas at\u00e9 o dia 31 de julho, as inscri\u00e7\u00f5es para candidatos \u00e0 edi\u00e7\u00e3o 2018 da Medalha S\u00e3o Paulo Ap\u00f3stolo, pr\u00eamio de reconhecimento que tem os objetivos de valorizar, estimular e dinamizar a vida eclesial e pastoral na Arquidiocese de S\u00e3o Paulo.<\/p>\n<p style=\"text-align: justify\">De acordo com o Edital publicado pela C\u00faria Metropolitana de S\u00e3o Paulo, o an\u00fancio dos 10 contemplados com a Medalha em 2018 ser\u00e1 no dia 4 de agosto, \u00e0s 18h, no portal da Arquidiocese de S\u00e3o Paulo (<a href=\"http:\/\/arquisp.org.br\/home\" target=\"_blank\" rel=\"noopener\">www.arquisp.org.br<\/a>). J\u00e1 a cerim\u00f4nia de entrega est\u00e1 marcada para o dia 29 de agosto, \u00e0s 20h, no audit\u00f3rio S\u00e3o Paulo Ap\u00f3stolo (Paulinas).<\/p>\n<p style=\"text-align: justify\">Os contemplados com a Medalha receber\u00e3o previamente uma comunica\u00e7\u00e3o pessoal da Comiss\u00e3o Organizadora.<\/p>\n<p style=\"text-align: justify\"><strong>A Medalha<\/strong><\/p>\n<p style=\"text-align: justify\">A Medalha S\u00e3o Paulo Ap\u00f3stolo foi institu\u00edda em 2015 dentro das comemora\u00e7\u00f5es dos 270 anos de cria\u00e7\u00e3o da Diocese de S\u00e3o Paulo. A Medalha traz, numa face, a ef\u00edgie do ap\u00f3stolo S\u00e3o Paulo, Patrono da Arquidiocese; na outra face, traz a vista frontal da catedral metropolitana de S\u00e3o Paulo. Sua entrega ser\u00e1 acompanhada de um diploma correspondente.<\/p>\n<p style=\"text-align: justify\">No Decreto de institui\u00e7\u00e3o da medalha, o Arcebispo de S\u00e3o Paulo, Cardeal Odilo Pedro Scherer, ressaltou que \u201ctodos os Batizados foram constitu\u00eddos como povo de Deus e s\u00e3o participantes do m\u00fanus sacerdotal, prof\u00e9tico e r\u00e9gio do pr\u00f3prio Cristo\u201d e acrescentou que a homenagem tamb\u00e9m \u00e9 um \u201cincentivo para que flores\u00e7a mais abundantemente a vida eclesial e pastoral nesta Cidade imensa\u201d.<\/p>\n<p style=\"text-align: justify\">\u00c9 concedida a cada ano uma Medalha a pessoas que se destacaram nas seguintes dimens\u00f5es da vida eclesial e pastoral:- testemunho laical;<\/p>\n<p style=\"text-align: justify\">&#8211; servi\u00e7o sacerdotal;<\/p>\n<p style=\"text-align: justify\">&#8211; a\u00e7\u00e3o caritativa e de promo\u00e7\u00e3o humana;<\/p>\n<p style=\"text-align: justify\">&#8211; a\u00e7\u00e3o mission\u00e1ria;<\/p>\n<p style=\"text-align: justify\">&#8211; inova\u00e7\u00e3o na metodologia pastoral;<\/p>\n<p style=\"text-align: justify\">&#8211; educa\u00e7\u00e3o crist\u00e3;<\/p>\n<p style=\"text-align: justify\">&#8211; defesa e promo\u00e7\u00e3o da vida e da dignidade humanas.<\/p>\n<p style=\"text-align: justify\">&#8211; cultura;<\/p>\n<p style=\"text-align: justify\">&#8211; comunica\u00e7\u00e3o;<\/p>\n<p style=\"text-align: justify\">&#8211; servi\u00e7o social.<\/p>\n<p style=\"text-align: justify\">Acesse aqui o <a href=\"http:\/\/www.arquisp.org.br\/sites\/default\/files\/arquivos\/edital.1.pdf\" target=\"_blank\" rel=\"noopener\">Edital<\/a><\/p>\n<p style=\"text-align: justify\"><em>(Com Arquidiocese de SP)<\/em><\/p>\n","protected":false},"excerpt":{"rendered":"<p>Pr\u00eamio de reconhecimento da Arquidiocese tem os objetivos de valorizar, estimular e dinamizar a vida eclesial e pastoral na Igreja em S\u00e3o Paulo<\/p>\n","protected":false},"author":83,"featured_media":30350,"comment_status":"closed","ping_status":"open","sticky":false,"template":"","format":"standard","meta":{"site-sidebar-layout":"default","site-content-layout":"default","ast-global-header-display":"","ast-banner-title-visibility":"","ast-main-header-display":"","ast-hfb-above-header-display":"","ast-hfb-below-header-display":"","ast-hfb-mobile-header-display":"","site-post-title":"","ast-breadcrumbs-content":"","ast-featured-img":"","footer-sml-layout":"","theme-transparent-header-meta":"","adv-header-id-meta":"","stick-header-meta":"","header-above-stick-meta":"","header-main-stick-meta":"","header-below-stick-meta":""},"categories":[841],"tags":[],"acf":[],"_links":{"self":[{"href":"https:\/\/www.cnbb.org.br\/cnbb-app\/wp\/v2\/posts\/30349"}],"collection":[{"href":"https:\/\/www.cnbb.org.br\/cnbb-app\/wp\/v2\/posts"}],"about":[{"href":"https:\/\/www.cnbb.org.br\/cnbb-app\/wp\/v2\/types\/post"}],"author":[{"embeddable":true,"href":"https:\/\/www.cnbb.org.br\/cnbb-app\/wp\/v2\/users\/83"}],"replies":[{"embeddable":true,"href":"https:\/\/www.cnbb.org.br\/cnbb-app\/wp\/v2\/comments?post=30349"}],"version-history":[{"count":0,"href":"https:\/\/www.cnbb.org.br\/cnbb-app\/wp\/v2\/posts\/30349\/revisions"}],"wp:featuredmedia":[{"embeddable":true,"href":"https:\/\/www.cnbb.org.br\/cnbb-app\/wp\/v2\/media\/30350"}],"wp:attachment":[{"href":"https:\/\/www.cnbb.org.br\/cnbb-app\/wp\/v2\/media?parent=30349"}],"wp:term":[{"taxonomy":"category","embeddable":true,"href":"https:\/\/www.cnbb.org.br\/cnbb-app\/wp\/v2\/categories?post=30349"},{"taxonomy":"post_tag","embeddable":true,"href":"https:\/\/www.cnbb.org.br\/cnbb-app\/wp\/v2\/tags?post=30349"}],"curies":[{"name":"wp","href":"https:\/\/api.w.org\/{rel}","templated":true}]}}