{"id":30415,"date":"2018-05-23T00:00:00","date_gmt":"2018-05-23T03:00:00","guid":{"rendered":"https:\/\/www.cnbb.org.br\/campanha-da-fraternidade-sobre-politicas-publicas-para-2019-foi-destaque-na-reuniao-dos-bispos\/"},"modified":"2018-05-23T00:00:00","modified_gmt":"2018-05-23T03:00:00","slug":"campanha-da-fraternidade-sobre-politicas-publicas-para-2019-foi-destaque-na-reuniao-dos-bispos","status":"publish","type":"post","link":"https:\/\/www.cnbb.org.br\/campanha-da-fraternidade-sobre-politicas-publicas-para-2019-foi-destaque-na-reuniao-dos-bispos\/","title":{"rendered":"Campanha da Fraternidade sobre Pol\u00edticas P\u00fablicas para 2019 foi destaque na reuni\u00e3o dos bispos"},"content":{"rendered":"<p style=\"font-weight: 400;text-align: justify\">Na manh\u00e3 desta quarta-feira, 23 de maio, os membros do Consep fizeram as \u00faltimas considera\u00e7\u00f5es sobre o texto base da Campanha da Fraternidade (CF) de 2019, sobre Pol\u00edticas P\u00fablicas. Depois desse trabalho, somente a equipe executiva da Campanha e a secretaria-geral da CNBB devem se encarregar na finaliza\u00e7\u00e3o da formula\u00e7\u00e3o do documento que vai servir de refer\u00eancia para a anima\u00e7\u00e3o da campanha do ano que vem.<\/p>\n<p style=\"font-weight: 400;text-align: justify\"><strong>Texto-base<\/strong><\/p>\n<p style=\"font-weight: 400;text-align: justify\">P. Lu\u00eds Fernando, secret\u00e1rio-executivo da CF, fez um r\u00e1pido relato sobre as mudan\u00e7as feitas no texto de trabalho com as indica\u00e7\u00f5es feitas pelos bispos na reuni\u00e3o de novembro do ano passado quando o Consep tratou do assunto.<\/p>\n<p style=\"font-weight: 400;text-align: justify\">Tradicionalmente, os textos que servem de instrumento principal de reflex\u00e3o na execu\u00e7\u00e3o da CF trazem a estrutura que corresponde ao m\u00e9todo consolidado do \u201cver, julgar e agir\u201d. Dom Leonardo Steiner, secret\u00e1rio-geral da CNBB, prop\u00f4s um amplo debate dos bispos sobre o primeiro cap\u00edtulo sobre a apresenta\u00e7\u00e3o da realidade das pol\u00edticas p\u00fablicas no Brasil.<\/p>\n<p style=\"font-weight: 400;text-align: justify\"><em>Ver<\/em><\/p>\n<p style=\"font-weight: 400;text-align: justify\">Os bispos fizeram interven\u00e7\u00f5es que chamaram aten\u00e7\u00e3o para a linguagem usada no texto. Consideram que para uma boa compreens\u00e3o do que significa pol\u00edtica p\u00fablica \u00e9 preciso que se adote uma linguagem bem compreens\u00edvel para as lideran\u00e7as que v\u00e3o atuar na CF 2019.\u00a0\u00a0E que \u00e9 preciso sempre lembrar que talvez fosse necess\u00e1ria uma tradu\u00e7\u00e3o dos textos corretos, mas muito denso. Outro aspecto levantado foi um excessivo enfoque em dados estat\u00edsticos no texto atual e que seria necess\u00e1rio considerar exemplos de execu\u00e7\u00e3o de pol\u00edticas p\u00fablicas, com \u00eanfase nas pol\u00edticas p\u00fablicas de estado e n\u00e3o apenas nas pol\u00edticas de governos.<\/p>\n<p style=\"font-weight: 400;text-align: justify\">Ficou acertado ainda que, finalizada a reuni\u00e3o, a equipe respons\u00e1vel pela organiza\u00e7\u00e3o do texto dever\u00e1 enviar o material para um olhar final dos bispos de modo a consolidar uma responsabilidade conjunta do Consep sobre o texto final.<\/p>\n<p style=\"font-weight: 400;text-align: justify\"><em>Julgar<\/em><\/p>\n<p style=\"font-weight: 400;text-align: justify\">Os bispos fizeram v\u00e1rias reflex\u00f5es a respeito do discurso teol\u00f3gico apresentados na segunda parte do texto da CF 2019. Assessores tamb\u00e9m colaboraram na reflex\u00e3o e apontaram para possibilidades de esclarecimentos de termos e de express\u00f5es sobre a doutrina da Igreja de modo que o texto reforce a compreens\u00e3o do discurso sobre a f\u00e9 que as lideran\u00e7as ter\u00e3o oportunidade de aprofundar durante a campanha.<\/p>\n<p style=\"font-weight: 400;text-align: justify\">No debate dos bispos tamb\u00e9m ganhou espa\u00e7o considera\u00e7\u00f5es sobre refer\u00eancias b\u00edblicas feitas no texto de modo que as informa\u00e7\u00f5es sejam dadas com maior precis\u00e3o para que se evite digress\u00f5es arriscadas. Uma sugest\u00e3o foi dada de que no texto se considerasse a riqueza da reflex\u00e3o sobre a caridade suscitada pela viv\u00eancia da f\u00e9 manifestada no per\u00edodo da Patr\u00edstica, al\u00e9m de men\u00e7\u00f5es ao tema feito pelo Magist\u00e9rio dos \u00faltimos pontificados.<\/p>\n<p style=\"font-weight: 400;text-align: justify\"><em>Agir<\/em><\/p>\n<p style=\"font-weight: 400;text-align: justify\">A \u00eanfase mais clara \u00e0 necessidade de maior rela\u00e7\u00e3o f\u00e9 e vida foi ressaltada como um dos expressivos ganhos das \u00faltimas interven\u00e7\u00f5es feitas no texto da CF 2019 desde novembro do ano passado. Entre as v\u00e1rias considera\u00e7\u00f5es, houve quem insistisse de que seria importante serem citadas, com clareza e sem julgamento, as for\u00e7as vivas da sociedade que atuam no acompanhamento da elabora\u00e7\u00e3o e da execu\u00e7\u00e3o de pol\u00edticas p\u00fablicas realizadas por organiza\u00e7\u00f5es da sociedade civil e com destaque a iniciativas de pessoas e comunidades.<\/p>\n<p style=\"font-weight: 400;text-align: justify\">Na reflex\u00e3o sobre esta parte do texto da CF 2019, alguns bispos insistiram que nas pistas de a\u00e7\u00e3o fosse estimulada uma busca de iniciativas locais. Tamb\u00e9m foi lembrada a import\u00e2ncia do documento 105 da CNBB, sobre os crist\u00e3os leigos e leigas, no qual se encontra refer\u00eancia expl\u00edcita a iniciativas dos crist\u00e3os no campo da elabora\u00e7\u00e3o e aprimoramento das pol\u00edticas p\u00fablicas no Brasil.<\/p>\n<p style=\"font-weight: 400;text-align: justify\"><strong>Cartaz<\/strong><\/p>\n<p style=\"font-weight: 400;text-align: justify\">P. Lu\u00eds Fernando apresentou os cartazes que concorrem a se tornar a identidade visual para a CF 2019. Ele explicou que reuniu as candidaturas que vieram a partir do Edital lan\u00e7ado em 2017. Cada uma das pe\u00e7as apresentadas foi acompanhada de uma defesa da ideia representada no cartaz. Os bispos apresentaram um briefing que foi devidamente assimiladas nas proposi\u00e7\u00f5es feitas a grupos de comunica\u00e7\u00e3o que tamb\u00e9m enviaram propostas para o cartaz.<\/p>\n<p style=\"font-weight: 400;text-align: justify\">As pol\u00edticas p\u00fablicas, s\u00edmbolos ligados \u00e0s cores nacionais e o texto do tema e lema foram considerados nas 12 pe\u00e7as finalistas para avalia\u00e7\u00e3o dos bispos. Cada um dos membros do Consep pode fazer considera\u00e7\u00f5es gerais sobre aos conceitos manifestados nas propostas de cartazes. Alguns elementos foram levantados como crit\u00e9rios para a avalia\u00e7\u00e3o das pe\u00e7as: comunidade, sa\u00fade, trabalho, idoso, crian\u00e7a, Brasil.<\/p>\n<p style=\"font-weight: 400;text-align: justify\">Depois do debate, dom Leonardo conduziu uma r\u00e1pida elei\u00e7\u00e3o das melhores pe\u00e7as e, mesmo tendo que fazer ajustes finais, foi escolhida uma das pe\u00e7as que servir\u00e1 como uma esp\u00e9cie de marca para todo o material da CF 2019.<\/p>\n<p style=\"font-weight: 400;text-align: justify\"><strong>M\u00fasica<\/strong><\/p>\n<p style=\"font-weight: 400;text-align: justify\">Dom Leonardo passou, no final da manh\u00e3, a palavra para o Ir. Fernando Vieira, assessor da Comiss\u00e3o de Liturgia da CNBB. Ele contou aos bispos que recebeu 19 propostas de letra para o hino da CF 2019. Ele disse tamb\u00e9m que contou com a colabora\u00e7\u00e3o do P. Jos\u00e9 Weber no trabalho de avalia\u00e7\u00e3o das composi\u00e7\u00f5es enviadas \u00e0 CNBB por for\u00e7a do Edital lan\u00e7ado em 2017.<\/p>\n<p style=\"font-weight: 400;text-align: justify\">Dom Leonardo informou que os bispos escolhem a letra que depois ser\u00e1 devolvida para a composi\u00e7\u00e3o da melodia e que \u00e9 sempre importante considerar se o texto traz o tema e o lema da Campanha. Um dos trabalhos apresentados, que posteriormente ser\u00e1 divulgado, foi escolhido para ser o hino oficial.<\/p>\n","protected":false},"excerpt":{"rendered":"<p>Ajustes no texto-base que servir\u00e1 de refer\u00eancia principal para a realiza\u00e7\u00e3o da CF 2019, escolha do cartaz que ser\u00e1 a identidade visual da campanha e a elei\u00e7\u00e3o da melhor letra que receber\u00e1 a melodia para se tornar o hino oficial foram as tarefas que o Consep enfrentou na manh\u00e3 de trabalho desta quarta-feira, 23 de maio, em Bras\u00edlia<\/p>\n","protected":false},"author":83,"featured_media":30416,"comment_status":"closed","ping_status":"open","sticky":false,"template":"","format":"standard","meta":{"site-sidebar-layout":"default","site-content-layout":"default","ast-global-header-display":"","ast-banner-title-visibility":"","ast-main-header-display":"","ast-hfb-above-header-display":"","ast-hfb-below-header-display":"","ast-hfb-mobile-header-display":"","site-post-title":"","ast-breadcrumbs-content":"","ast-featured-img":"","footer-sml-layout":"","theme-transparent-header-meta":"","adv-header-id-meta":"","stick-header-meta":"","header-above-stick-meta":"","header-main-stick-meta":"","header-below-stick-meta":""},"categories":[824,744],"tags":[],"acf":[],"_links":{"self":[{"href":"https:\/\/www.cnbb.org.br\/cnbb-app\/wp\/v2\/posts\/30415"}],"collection":[{"href":"https:\/\/www.cnbb.org.br\/cnbb-app\/wp\/v2\/posts"}],"about":[{"href":"https:\/\/www.cnbb.org.br\/cnbb-app\/wp\/v2\/types\/post"}],"author":[{"embeddable":true,"href":"https:\/\/www.cnbb.org.br\/cnbb-app\/wp\/v2\/users\/83"}],"replies":[{"embeddable":true,"href":"https:\/\/www.cnbb.org.br\/cnbb-app\/wp\/v2\/comments?post=30415"}],"version-history":[{"count":0,"href":"https:\/\/www.cnbb.org.br\/cnbb-app\/wp\/v2\/posts\/30415\/revisions"}],"wp:featuredmedia":[{"embeddable":true,"href":"https:\/\/www.cnbb.org.br\/cnbb-app\/wp\/v2\/media\/30416"}],"wp:attachment":[{"href":"https:\/\/www.cnbb.org.br\/cnbb-app\/wp\/v2\/media?parent=30415"}],"wp:term":[{"taxonomy":"category","embeddable":true,"href":"https:\/\/www.cnbb.org.br\/cnbb-app\/wp\/v2\/categories?post=30415"},{"taxonomy":"post_tag","embeddable":true,"href":"https:\/\/www.cnbb.org.br\/cnbb-app\/wp\/v2\/tags?post=30415"}],"curies":[{"name":"wp","href":"https:\/\/api.w.org\/{rel}","templated":true}]}}