{"id":30536,"date":"2018-06-04T00:00:00","date_gmt":"2018-06-04T03:00:00","guid":{"rendered":"https:\/\/www.cnbb.org.br\/a-paz-de-cristo\/"},"modified":"2018-06-04T00:00:00","modified_gmt":"2018-06-04T03:00:00","slug":"a-paz-de-cristo","status":"publish","type":"post","link":"https:\/\/www.cnbb.org.br\/a-paz-de-cristo\/","title":{"rendered":"A Paz de Cristo"},"content":{"rendered":"<p style=\"text-align: right\"><strong>Dom Gil Ant\u00f4nio Moreira<\/strong><br \/>\n<strong>Arcebispo de Juiz de Fora<\/strong><\/p>\n<p>&nbsp;<\/p>\n<p style=\"text-align: justify\">Antes de receber o P\u00e3o eucar\u00edstico, maior riqueza para os crist\u00e3os, eles se sa\u00fadam com um gesto de fraternidade dizendo: \u201cA Paz de Cristo!\u201d. De fato, a paz \u00e9 um dom precioso e condi\u00e7\u00e3o inequ\u00edvoca para se entrar em plena comunh\u00e3o com o Senhor. Como poderia receber em si, misticamente, a pessoa do Salvador, se n\u00e3o acolhesse, n\u00e3o perdoasse, n\u00e3o aceitasse, n\u00e3o amasse seu irm\u00e3o, mesmo se este fosse seu inimigo? Ao momento da institui\u00e7\u00e3o da Eucaristia, \u00e0s v\u00e9speras de seu sacrif\u00edcio na cruz, o Mestre ensinou a seus disc\u00edpulos seu \u00fanico mandamento: \u201cAmai-vos uns aos outros como eu vos amei\u201d (Jo 13,34). Anteriormente, havia sido ainda mais expl\u00edcito: \u201cAmai os vossos inimigos, rezai pelos que vos perseguem\u201d (Mt 5, 44).<\/p>\n<p style=\"text-align: justify\">Quando acontecem situa\u00e7\u00f5es conflituosas, a paz fica amea\u00e7ada. Muitas pessoas se deixam levar pela tenta\u00e7\u00e3o da vingan\u00e7a, e, descuidadamente, podem cair nas malhas do \u00f3dio ainda que disfar\u00e7ado. \u00c9 preciso aten\u00e7\u00e3o, pois tais atitudes s\u00e3o obra do maligno. Entre os Ap\u00f3stolos houve tamb\u00e9m esta experi\u00eancia negativa. Ao ver a absurda injusti\u00e7a que os poderes p\u00fablicos faziam contra Jesus, ao momento da pris\u00e3o de seu Mestre, um de seus disc\u00edpulos apelou para a viol\u00eancia. Arrancou sua espada da cintura e chegou a ferir Malco, um dos servos do Sumo Sacerdote, cortando-lhe a orelha. Cristo o repreendeu com veem\u00eancia: \u201cEmbainha tua espada, pois todos os que usam da espada, pela espada morrer\u00e3o\u201d (Mt 26, 51).<\/p>\n<p style=\"text-align: justify\">O nascimento de Cristo foi anunciado pelos anjos que cantaram, e n\u00f3s ainda cantamos: \u201cGl\u00f3ria a Deus nas alturas e paz na terra a todos os que o amam\u201d (Lc 2,14). Tamb\u00e9m, ao final da sua miss\u00e3o na terra, suas palavras foram li\u00e7\u00e3o de paz. No alto de seus terr\u00edveis sofrimentos na cruz, reza: \u201cPai, perdoa-lhes, pois n\u00e3o sabem o que fazem!\u201d (Lc 23,24).<\/p>\n<p style=\"text-align: justify\">Os males atuais, como o relativismo, o individualismo e o materialismo podem comprometer a paz. Bento XVI afirmou: \u201cH\u00e1 uma liga\u00e7\u00e3o \u00edntima entre a glorifica\u00e7\u00e3o de Deus e a paz dos homens na terra&#8230; sem uma abertura ao transcendente, o homem cai como presa f\u00e1cil do relativismo e, consequentemente, torna-se-lhe dif\u00edcil agir de acordo com a justi\u00e7a e comprometer-se pela paz\u201d (Discurso ao Corpo Diplom\u00e1tico, jan. 2013).<\/p>\n<p style=\"text-align: justify\">Papa Francisco, na mensagem para o Dia Mundial da Paz do corrente ano de 2018, iniciou com os seguintes termos: \u201cPaz a todas as pessoas da terra! A paz, que os anjos anunciaram aos pastores na Noite de Natal, \u00e9 uma aspira\u00e7\u00e3o profunda de todas as pessoas e de todos os povos, sobretudo de quantos padecem mais duramente pela sua falta\u201d (Mensagem 01 01 2018).<\/p>\n<p style=\"text-align: justify\">A reivindica\u00e7\u00e3o da justi\u00e7a social \u00e9 leg\u00edtima, por\u00e9m \u00e9 necess\u00e1rio que seja feita nos princ\u00edpios da paz, sem viol\u00eancia. Esta foi a caracter\u00edstica da greve dos caminhoneiros acontecida h\u00e1 poucos dias.\u00a0Se houve algum ato de viol\u00eancia n\u00e3o partiu dos mesmos, mas foi praticada por oportunistas que pretendem a desordem e, certamente, n\u00e3o creem na Palavra de Cristo.<\/p>\n<p style=\"text-align: justify\">Com Cristo Eucar\u00edstico, cuja festa n\u00f3s crist\u00e3os celebramos h\u00e1 poucos dias, lutemos pela paz, pois ela interessa a todos.<\/p>\n<p style=\"text-align: justify\">\n<p style=\"text-align: justify\">\n<p style=\"text-align: justify\">\n<p style=\"text-align: justify\">\n","protected":false},"excerpt":{"rendered":"<p>Dom Gil Ant\u00f4nio Moreira Arcebispo de Juiz de Fora &nbsp; Antes de receber o P\u00e3o eucar\u00edstico, maior riqueza para os crist\u00e3os, eles se sa\u00fadam com um gesto de fraternidade dizendo: \u201cA Paz de Cristo!\u201d. De fato, a paz \u00e9 um dom precioso e condi\u00e7\u00e3o inequ\u00edvoca para se entrar em plena comunh\u00e3o com o Senhor. Como &hellip;<\/p>\n<p class=\"read-more\"> <a class=\"\" href=\"https:\/\/www.cnbb.org.br\/a-paz-de-cristo\/\"> <span class=\"screen-reader-text\">A Paz de Cristo<\/span> Leia mais &raquo;<\/a><\/p>\n","protected":false},"author":12,"featured_media":0,"comment_status":"closed","ping_status":"open","sticky":false,"template":"","format":"standard","meta":{"site-sidebar-layout":"default","site-content-layout":"default","ast-global-header-display":"","ast-banner-title-visibility":"","ast-main-header-display":"","ast-hfb-above-header-display":"","ast-hfb-below-header-display":"","ast-hfb-mobile-header-display":"","site-post-title":"","ast-breadcrumbs-content":"","ast-featured-img":"","footer-sml-layout":"","theme-transparent-header-meta":"","adv-header-id-meta":"","stick-header-meta":"","header-above-stick-meta":"","header-main-stick-meta":"","header-below-stick-meta":""},"categories":[758],"tags":[],"acf":[],"_links":{"self":[{"href":"https:\/\/www.cnbb.org.br\/cnbb-app\/wp\/v2\/posts\/30536"}],"collection":[{"href":"https:\/\/www.cnbb.org.br\/cnbb-app\/wp\/v2\/posts"}],"about":[{"href":"https:\/\/www.cnbb.org.br\/cnbb-app\/wp\/v2\/types\/post"}],"author":[{"embeddable":true,"href":"https:\/\/www.cnbb.org.br\/cnbb-app\/wp\/v2\/users\/12"}],"replies":[{"embeddable":true,"href":"https:\/\/www.cnbb.org.br\/cnbb-app\/wp\/v2\/comments?post=30536"}],"version-history":[{"count":0,"href":"https:\/\/www.cnbb.org.br\/cnbb-app\/wp\/v2\/posts\/30536\/revisions"}],"wp:attachment":[{"href":"https:\/\/www.cnbb.org.br\/cnbb-app\/wp\/v2\/media?parent=30536"}],"wp:term":[{"taxonomy":"category","embeddable":true,"href":"https:\/\/www.cnbb.org.br\/cnbb-app\/wp\/v2\/categories?post=30536"},{"taxonomy":"post_tag","embeddable":true,"href":"https:\/\/www.cnbb.org.br\/cnbb-app\/wp\/v2\/tags?post=30536"}],"curies":[{"name":"wp","href":"https:\/\/api.w.org\/{rel}","templated":true}]}}