{"id":30679,"date":"2018-06-18T00:00:00","date_gmt":"2018-06-18T03:00:00","guid":{"rendered":"https:\/\/www.cnbb.org.br\/o-que-posso-fazer-para-mudar-o-mundo-questiona-o-vice-presidente-da-cnbb-dom-murilo\/"},"modified":"2020-03-11T20:03:42","modified_gmt":"2020-03-11T23:03:42","slug":"o-que-posso-fazer-para-mudar-o-mundo-questiona-o-vice-presidente-da-cnbb-dom-murilo","status":"publish","type":"post","link":"https:\/\/www.cnbb.org.br\/o-que-posso-fazer-para-mudar-o-mundo-questiona-o-vice-presidente-da-cnbb-dom-murilo\/","title":{"rendered":"O que posso fazer para mudar o mundo?, questiona dom Murilo Krieger"},"content":{"rendered":"<p style=\"text-align: justify\">Ao ser questionado sobre: \u201cO que posso fazer para mudar o mundo?\u201d O vice-presidente da Confer\u00eancia Nacional dos Bispos do Brasil (CNBB) e arcebispo de Salvador (BA), dom Murilo Krieger, respondeu \u00e0 pergunta em um artigo rec\u00e9m publicado.<\/p>\n<p style=\"text-align: justify\">Dom Murilo diz no texto que a pergunta sup\u00f5e que o mundo precisa ser mudado e concorda com essa premissa e continua. Tamb\u00e9m eu n\u00e3o estou contente com o mundo em que vivo. Como estar satisfeito se a humanidade conseguiu globalizar a economia, as ci\u00eancias, a arte etc., mas n\u00e3o conseguiu globalizar a solidariedade, a partilha e a justi\u00e7a?<\/p>\n<p style=\"text-align: justify\">Para o arcebispo \u00e9 preciso fazer alguma coisa. Na mensagem ele mesmo questiona. Mas o qu\u00ea, se sou limitado e n\u00e3o tenho os poderes de um Presidente dos Estados Unidos, n\u00e3o sou o dono da Microsoft e nem consigo, nos meios de comunica\u00e7\u00e3o, o espa\u00e7o de um Neymar? Diante da imensid\u00e3o de desafios que encontro ao longo da vida, sinto, como qualquer cidad\u00e3o, que tamb\u00e9m poderia ter a tenta\u00e7\u00e3o experimentada por Severino, no poema \u201cMorte e Vida Severina\u201d, de Jo\u00e3o Cabral de Melo Neto. A um dado momento, o retirante pergunta a algu\u00e9m se vale a pena continuar vivendo, diante de uma vida t\u00e3o severina. Ouviu, ent\u00e3o, como resposta: \u00e9 melhor lutar com as m\u00e3os do que deix\u00e1-las abandonadas para tr\u00e1s.<\/p>\n<p style=\"text-align: justify\">No texto, dom Murilo fala que a vida o ensinou que as grandes transforma\u00e7\u00f5es do mundo nasceram de pessoas que tiveram a capacidade de sonhar grande e repartiram seus sonhos com outras pessoas que, por sua vez, os assumiram como seus. E segue: h\u00e1 sonho mais belo do que aquele que diz respeito a uma vida que seja melhor para todos e n\u00e3o apenas para alguns?&#8230; Tenho a convic\u00e7\u00e3o de que s\u00f3 conseguirei mudar o mundo se olhar o outro \u2013 isto \u00e9, cada pessoa \u2013, como um irm\u00e3o ou uma irm\u00e3. Se para Sartre \u201co inferno s\u00e3o os outros\u201d, para mim os outros me completam, me enriquecem, me ajudam a conhecer meus limites e despertam em mim mil energias e criatividade.<\/p>\n<p style=\"text-align: justify\">O bispo continua, vivo num mundo que v\u00ea multiplicarem-se marcas de viol\u00eancia por toda a parte. Bem dizia um dos personagens de Guimar\u00e3es Rosa, em \u201cGrande Sert\u00e3o, Veredas\u201d: \u201cViver \u00e9 muito perigoso!\u201d Em contrapartida, animo-me com Dom Helder C\u00e2mara, com a afirma\u00e7\u00e3o que \u00e9 como que um resumo de sua vida: \u201cFeliz de quem tem mil raz\u00f5es para viver!\u201d<\/p>\n<p style=\"text-align: justify\">Dom Murilo finaliza o artigo: N\u00e3o tenho medo do futuro, porque descubro, a cada passo, o quanto de capacidade\u00a0\u00a0 para o bem h\u00e1 no cora\u00e7\u00e3o humano. Aprendi com meu mestre e senhor, Jesus Cristo, que \u00e9 preciso conjugar, a cada dia, verbos como amar, doar-se, repartir, perdoar, respeitar, conviver etc. S\u00e3o \u201cverbos\u201d dif\u00edceis de se colocar em pr\u00e1tica, eu sei, eu o experimento. Mas Jesus nunca afirmou que segui-lo e imit\u00e1-lo seria f\u00e1cil. Conto, para isso, com sua ajuda e procuro anunci\u00e1-lo, pois compreendo cada vez melhor sua afirma\u00e7\u00e3o: \u201cEu sou o caminho, a verdade e a vida\u201d. \u00c9 isso que enche minha vida de alegria; \u00e9 isso que eu quero que todos experimentem. Anunciar seu Evangelho \u00e9 a melhor maneira que encontro para mudar o mundo, tornando-o melhor, muito melhor.<\/p>\n","protected":false},"excerpt":{"rendered":"<p>Primaz fala que a vida o ensinou que as grandes transforma\u00e7\u00f5es do mundo nasceram de pessoas que tiveram a capacidade de sonhar grande<\/p>\n","protected":false},"author":83,"featured_media":30680,"comment_status":"closed","ping_status":"open","sticky":false,"template":"","format":"standard","meta":{"site-sidebar-layout":"default","site-content-layout":"default","ast-global-header-display":"","ast-banner-title-visibility":"","ast-main-header-display":"","ast-hfb-above-header-display":"","ast-hfb-below-header-display":"","ast-hfb-mobile-header-display":"","site-post-title":"","ast-breadcrumbs-content":"","ast-featured-img":"","footer-sml-layout":"","theme-transparent-header-meta":"","adv-header-id-meta":"","stick-header-meta":"","header-above-stick-meta":"","header-main-stick-meta":"","header-below-stick-meta":""},"categories":[854,878],"tags":[],"acf":[],"_links":{"self":[{"href":"https:\/\/www.cnbb.org.br\/cnbb-app\/wp\/v2\/posts\/30679"}],"collection":[{"href":"https:\/\/www.cnbb.org.br\/cnbb-app\/wp\/v2\/posts"}],"about":[{"href":"https:\/\/www.cnbb.org.br\/cnbb-app\/wp\/v2\/types\/post"}],"author":[{"embeddable":true,"href":"https:\/\/www.cnbb.org.br\/cnbb-app\/wp\/v2\/users\/83"}],"replies":[{"embeddable":true,"href":"https:\/\/www.cnbb.org.br\/cnbb-app\/wp\/v2\/comments?post=30679"}],"version-history":[{"count":0,"href":"https:\/\/www.cnbb.org.br\/cnbb-app\/wp\/v2\/posts\/30679\/revisions"}],"wp:featuredmedia":[{"embeddable":true,"href":"https:\/\/www.cnbb.org.br\/cnbb-app\/wp\/v2\/media\/30680"}],"wp:attachment":[{"href":"https:\/\/www.cnbb.org.br\/cnbb-app\/wp\/v2\/media?parent=30679"}],"wp:term":[{"taxonomy":"category","embeddable":true,"href":"https:\/\/www.cnbb.org.br\/cnbb-app\/wp\/v2\/categories?post=30679"},{"taxonomy":"post_tag","embeddable":true,"href":"https:\/\/www.cnbb.org.br\/cnbb-app\/wp\/v2\/tags?post=30679"}],"curies":[{"name":"wp","href":"https:\/\/api.w.org\/{rel}","templated":true}]}}