{"id":30747,"date":"2018-06-20T00:00:00","date_gmt":"2018-06-20T03:00:00","guid":{"rendered":"https:\/\/www.cnbb.org.br\/jogadores-catolico-e-evangelico-rezam-no-final-do-jogo\/"},"modified":"2018-06-20T00:00:00","modified_gmt":"2018-06-20T03:00:00","slug":"jogadores-catolico-e-evangelico-rezam-no-final-do-jogo","status":"publish","type":"post","link":"https:\/\/www.cnbb.org.br\/jogadores-catolico-e-evangelico-rezam-no-final-do-jogo\/","title":{"rendered":"Ora\u00e7\u00e3o de cat\u00f3lico e evang\u00e9lico na Copa"},"content":{"rendered":"<p style=\"text-align: justify\">Na segunda-feira, milh\u00f5es de telespectadores que acompanham a Copa do Mundo R\u00fassia 2018 foram testemunhas de uma cena que repercutiu nas redes sociais: a foto dos jogadores Romelu Lukaku e Fidel Escobar rezando no final da partida entre as sele\u00e7\u00f5es da B\u00e9lgica e do Panam\u00e1 no Est\u00e1dio Ol\u00edmpico Fisht. As sele\u00e7\u00f5es se enfrentaram no dia 18 de junho como parte do Grupo G. Ao final, a B\u00e9lgica derrotou o Panam\u00e1 por 3 a 0.<\/p>\n<p style=\"text-align: justify\">Terminada a partida, o belga Lukaku e o panamenho Escobar se ajoelharam no campo e rezaram durante alguns instantes.<\/p>\n<p style=\"text-align: justify\">O Diretor de Comunica\u00e7\u00e3o da JMJ Panam\u00e1 2019, Eduardo Soto, indicou ao grupo ACI que Fidel Escobar \u00e9 evang\u00e9lico. Por sua parte, Romelu Lukaku \u00e9 cat\u00f3lico. V\u00e1rios meios de comunica\u00e7\u00e3o e usu\u00e1rios das redes sociais classificaram esta cena como \u201ca imagem do dia\u201d.<\/p>\n<p style=\"text-align: justify\">Dois dos gols belgas foram feitos por Lukaku, que tamb\u00e9m \u00e9 a estrela do time ingl\u00eas Manchester United. No come\u00e7o de 2018, o propriet\u00e1rio do clube Everton, Farhad Moshiri, acusou Lukaku de deixar a equipe ap\u00f3s receber \u201co uma esp\u00e9cie de vodu atrav\u00e9s de uma mensagem enviada por sua m\u00e3e\u201d.<\/p>\n<p style=\"text-align: justify\">O porta-voz do jogador de 24 anos esclareceu que ele \u201c\u00e9 cat\u00f3lico e o vodu n\u00e3o faz parte da sua vida nem das suas cren\u00e7as\u201d. Esta n\u00e3o \u00e9 a primeira vez que Lukaku se ajoelha para agradecer a Deus depois de uma partida. Em sua conta de Instagram publicou v\u00e1rias imagens nas quais \u00e9 visto realizando este gesto.<\/p>\n<p style=\"text-align: right\"><em>(Texto da ACI Digital)<\/em><\/p>\n","protected":false},"excerpt":{"rendered":"<p>Romelu Lukaku e Fidel Escobar rezaram no final da partida entre a B\u00e9lgica e o Panam\u00e1<\/p>\n","protected":false},"author":83,"featured_media":30748,"comment_status":"closed","ping_status":"open","sticky":false,"template":"","format":"standard","meta":{"site-sidebar-layout":"default","site-content-layout":"default","ast-global-header-display":"","ast-banner-title-visibility":"","ast-main-header-display":"","ast-hfb-above-header-display":"","ast-hfb-below-header-display":"","ast-hfb-mobile-header-display":"","site-post-title":"","ast-breadcrumbs-content":"","ast-featured-img":"","footer-sml-layout":"","theme-transparent-header-meta":"","adv-header-id-meta":"","stick-header-meta":"","header-above-stick-meta":"","header-main-stick-meta":"","header-below-stick-meta":""},"categories":[841],"tags":[],"acf":[],"_links":{"self":[{"href":"https:\/\/www.cnbb.org.br\/cnbb-app\/wp\/v2\/posts\/30747"}],"collection":[{"href":"https:\/\/www.cnbb.org.br\/cnbb-app\/wp\/v2\/posts"}],"about":[{"href":"https:\/\/www.cnbb.org.br\/cnbb-app\/wp\/v2\/types\/post"}],"author":[{"embeddable":true,"href":"https:\/\/www.cnbb.org.br\/cnbb-app\/wp\/v2\/users\/83"}],"replies":[{"embeddable":true,"href":"https:\/\/www.cnbb.org.br\/cnbb-app\/wp\/v2\/comments?post=30747"}],"version-history":[{"count":0,"href":"https:\/\/www.cnbb.org.br\/cnbb-app\/wp\/v2\/posts\/30747\/revisions"}],"wp:featuredmedia":[{"embeddable":true,"href":"https:\/\/www.cnbb.org.br\/cnbb-app\/wp\/v2\/media\/30748"}],"wp:attachment":[{"href":"https:\/\/www.cnbb.org.br\/cnbb-app\/wp\/v2\/media?parent=30747"}],"wp:term":[{"taxonomy":"category","embeddable":true,"href":"https:\/\/www.cnbb.org.br\/cnbb-app\/wp\/v2\/categories?post=30747"},{"taxonomy":"post_tag","embeddable":true,"href":"https:\/\/www.cnbb.org.br\/cnbb-app\/wp\/v2\/tags?post=30747"}],"curies":[{"name":"wp","href":"https:\/\/api.w.org\/{rel}","templated":true}]}}