{"id":30755,"date":"2018-06-20T00:00:00","date_gmt":"2018-06-20T03:00:00","guid":{"rendered":"https:\/\/www.cnbb.org.br\/episcopado-dos-estados-unidos-condena-impacto-negativo-de-lei-sobre-migracao-e-separacao-das-familias\/"},"modified":"2020-03-11T17:09:45","modified_gmt":"2020-03-11T20:09:45","slug":"episcopado-dos-estados-unidos-condena-impacto-negativo-de-lei-sobre-migracao-e-separacao-das-familias","status":"publish","type":"post","link":"https:\/\/www.cnbb.org.br\/episcopado-dos-estados-unidos-condena-impacto-negativo-de-lei-sobre-migracao-e-separacao-das-familias\/","title":{"rendered":"Episcopado dos Estados Unidos condena impacto negativo de lei sobre migra\u00e7\u00e3o"},"content":{"rendered":"<div class=\"article__subTitle\" style=\"text-align: justify\">V\u00eddeos sobre a deten\u00e7\u00e3o de crian\u00e7as estrangeiras nos Estados Unidos provocaram indigna\u00e7\u00e3o em todo o mundo. &#8220;Se por um lado n\u00f3s realmente queremos uma solu\u00e7\u00e3o legislativa para os &#8216;dreamer&#8217;, por outro n\u00e3o podemos, em boa f\u00e9, aprovar grandes mudan\u00e7as estruturais no sistema de imigra\u00e7\u00e3o que t\u00eam um impacto negativo sobre as fam\u00edlias e sobre os vulner\u00e1veis, como as contidas nesta legisla\u00e7\u00e3o\u201d.<\/div>\n<div class=\"article__text\">\n<p style=\"text-align: justify\">\u00c9 o que escreve Dom Joe S. V\u00e1squez, bispo de Austin (Texas) e Presidente da Comiss\u00e3o para as Migra\u00e7\u00f5es da Confer\u00eancia Episcopal Americana (USCCB\/COM), na carta enviada a todos os membros da C\u00e2mara dos Representantes dos Estados Unidos, em rela\u00e7\u00e3o a duras leis sobre a imigra\u00e7\u00e3o que devem ser discutidas neste semana pelo Parlamento.<\/p>\n<p style=\"text-align: justify\">\u201cEsperamos \u2013 disse o prelado &#8211; que haja a oportunidade de dialogar com os legisladores e discutir poss\u00edveis oportunidades para ulteriores compromissos, particularmente no que diz respeito aos efeitos sobre as fam\u00edlias e os mais vulner\u00e1veis. &#8220;<\/p>\n<p style=\"text-align: justify\">Os chamados &#8220;Dreamer&#8221; s\u00e3o cerca de 800.000 imigrantes levados para os EUA por seus pais, clandestinos, quando eram crian\u00e7as. Para proteg\u00ea-los, o presidente Barack Obama instituiu o programa DACA (A\u00e7\u00e3o Diferida para Chegadas na Inf\u00e2ncia). Donald Trump suspendeu o programa.<\/p>\n<p style=\"text-align: justify\">Dom Vasquez escreveu uma primeira carta em janeiro do ano passado, opondo-se ao projeto de lei H.R. 4760, tamb\u00e9m ele em discuss\u00e3o esta semana, e que prev\u00ea a redu\u00e7\u00e3o dos vistos para trabalhadores no setor agr\u00edcola, a redu\u00e7\u00e3o de vistos para o reagrupamento familiar, financiamentos para construir o muro fronteiri\u00e7o com o M\u00e9xico e o aumento de agentes empregados no Departamento de Seguran\u00e7a.<\/p>\n<p style=\"text-align: justify\">Na carta divulgada na ter\u00e7a-feira, 19, e enviadas \u00e0 Ag\u00eancia Fides, Dom V\u00e1squez explica: &#8220;Meus irm\u00e3os bispos e eu, apreciamos o esfor\u00e7o dos Representantes para encontrar uma solu\u00e7\u00e3o legislativa para os \u2018Dreamer\u2019, adotando medidas sobre a imigra\u00e7\u00e3o na C\u00e2mara dos Representantes. Acreditamos que tal legisla\u00e7\u00e3o deva ser imparcial, oferecer aos Dreamer um caminho para a cidadania, ser a favor da fam\u00edlia, proteger os vulner\u00e1veis e ser respeitoso da dignidade humana no que diz respeito \u00e0 seguran\u00e7a e ao refor\u00e7o das fronteiras&#8221;.<\/p>\n<p style=\"text-align: justify\">No entanto, repercutiram em todo o mundo os v\u00eddeos com os choros das crian\u00e7as estrangeiras, separadas de seus pais e trancadas em centros de deten\u00e7\u00e3o por causa das novas regras relativas \u00e0 imigra\u00e7\u00e3o, uma consequ\u00eancia da &#8220;toler\u00e2ncia zero&#8221; na fronteira mexicana.<\/p>\n<p style=\"text-align: justify\">A quest\u00e3o \u00e9 amplamente debatida em todos os n\u00edveis, como testemunha tamb\u00e9m a iniciativa da Igreja Metodista Unida, que condena o procurador-geral Jeff Sessions pela pol\u00edtica do governo Trump, de separar as fam\u00edlias de imigrantes sem documentos, na fronteira sul dos Estados Unidos.<\/p>\n<p style=\"text-align: justify\">A carta, assinada por 640 fi\u00e9is, sacerdotes e l\u00edderes da Igreja Metodista, afirma: &#8220;Baseados no par\u00e1grafo 2702.3 do Livro da Disciplina da Uni\u00e3o Metodista, acusamos Jefferson Beauregard Sessions, o procurador-geral dos Estados Unidos, de crimes envolvendo abuso de menores, imoralidade, discrimina\u00e7\u00e3o racial e difus\u00e3o de doutrinas contr\u00e1rias aos padr\u00f5es da doutrina da Igreja Metodista Unida.<\/p>\n<p style=\"text-align: justify\">Na carta \u00e9 afirmado que \u201cenquanto outros indiv\u00edduos do governo federal est\u00e3o envolvidos em cada um desses exemplos&#8221;, Jeff Sessions, para ser um Metodista, encontra-se em uma \u201cuma posi\u00e7\u00e3o p\u00fablica tremendamente poderosa&#8221;, da qual os signat\u00e1rios se sentem respons\u00e1veis: \u201ctemos uma obriga\u00e7\u00e3o \u00e9tica de falar corajosamente quando um de nossos membros est\u00e1 envolvido em causar danos significativos &#8220;.<\/p>\n<p style=\"text-align: right\"><em>(Texto e foto: Vatican News)<\/em><\/p>\n<\/div>\n","protected":false},"excerpt":{"rendered":"<p>&#8220;N\u00e3o podemos aprovar grandes mudan\u00e7as estruturais no sistema de imigra\u00e7\u00e3o. Fam\u00edlias sofrem impacto negativo&#8221;, dizem os bispos<\/p>\n","protected":false},"author":83,"featured_media":0,"comment_status":"closed","ping_status":"open","sticky":false,"template":"","format":"standard","meta":{"site-sidebar-layout":"default","site-content-layout":"default","ast-global-header-display":"","ast-banner-title-visibility":"","ast-main-header-display":"","ast-hfb-above-header-display":"","ast-hfb-below-header-display":"","ast-hfb-mobile-header-display":"","site-post-title":"","ast-breadcrumbs-content":"","ast-featured-img":"","footer-sml-layout":"","theme-transparent-header-meta":"","adv-header-id-meta":"","stick-header-meta":"","header-above-stick-meta":"","header-main-stick-meta":"","header-below-stick-meta":""},"categories":[1],"tags":[],"acf":[],"_links":{"self":[{"href":"https:\/\/www.cnbb.org.br\/cnbb-app\/wp\/v2\/posts\/30755"}],"collection":[{"href":"https:\/\/www.cnbb.org.br\/cnbb-app\/wp\/v2\/posts"}],"about":[{"href":"https:\/\/www.cnbb.org.br\/cnbb-app\/wp\/v2\/types\/post"}],"author":[{"embeddable":true,"href":"https:\/\/www.cnbb.org.br\/cnbb-app\/wp\/v2\/users\/83"}],"replies":[{"embeddable":true,"href":"https:\/\/www.cnbb.org.br\/cnbb-app\/wp\/v2\/comments?post=30755"}],"version-history":[{"count":0,"href":"https:\/\/www.cnbb.org.br\/cnbb-app\/wp\/v2\/posts\/30755\/revisions"}],"wp:attachment":[{"href":"https:\/\/www.cnbb.org.br\/cnbb-app\/wp\/v2\/media?parent=30755"}],"wp:term":[{"taxonomy":"category","embeddable":true,"href":"https:\/\/www.cnbb.org.br\/cnbb-app\/wp\/v2\/categories?post=30755"},{"taxonomy":"post_tag","embeddable":true,"href":"https:\/\/www.cnbb.org.br\/cnbb-app\/wp\/v2\/tags?post=30755"}],"curies":[{"name":"wp","href":"https:\/\/api.w.org\/{rel}","templated":true}]}}