{"id":308663,"date":"2021-06-17T11:21:46","date_gmt":"2021-06-17T14:21:46","guid":{"rendered":"https:\/\/www.cnbb.org.br\/?p=308663"},"modified":"2021-06-17T11:22:51","modified_gmt":"2021-06-17T14:22:51","slug":"a-outra-margem","status":"publish","type":"post","link":"https:\/\/www.cnbb.org.br\/a-outra-margem\/","title":{"rendered":"A outra margem"},"content":{"rendered":"<p style=\"text-align: right;\"><strong>Dom Alberto Taveira Corr\u00eaa\u00a0<\/strong><br \/>\n<strong>Arcebispo de Bel\u00e9m do Par\u00e1 (PA)<\/strong><\/p>\n<p style=\"text-align: justify;\"><strong>\u00a0<\/strong><\/p>\n<p style=\"text-align: justify;\">As \u00e1guas, os rios e os mares sempre provocaram a humanidade, ao mesmo tempo que s\u00e3o fonte de vida e alimento, meio de transporte e comunica\u00e7\u00e3o entre as pessoas. Nossa Arquidiocese de Bel\u00e9m, com seus v\u00e1rios n\u00facleos insulares de assist\u00eancia pastoral, convive com embarca\u00e7\u00f5es de todo porte, desde os grandes navios e balsas, passando pelos barcos, lanchas, rabetas e simples \u201ccasquinhas\u201d que transportam pessoas e g\u00eaneros aliment\u00edcios. Nossos portos e trapiches, de todo tipo e tamanho, podem servir para o bem e, infelizmente, muitas vezes servem para o terr\u00edvel tr\u00e1fico humano e de drogas. Convivemos com as \u00e1guas, ouvimos tantas vezes as pessoas dizerem que o rio \u00e9 nossa rua, assumimos juntos o desafio de conservar as imensas riquezas de nossas \u00e1guas, educando as novas gera\u00e7\u00f5es ao trato mais respeitoso com os dons que Deus nos prodigalizou em abund\u00e2ncia.<\/p>\n<p style=\"text-align: justify;\">H\u00e1 poucos dias, indo \u00e0 Comunidade de Santo Ant\u00f4nio, na Ilha do Comb\u00fa, mais uma vez impressionou-me o gosto com que os ribeirinhos e as muitas embarca\u00e7\u00f5es com que cruzamos nos cumprimentavam e se cumprimentavam reciprocamente. Durante a missa, uma embarca\u00e7\u00e3o cheia de turistas, todos apetrechados com seus equipamentos e remos, interrompeu sua viagem, permanecendo pr\u00f3xima do trapiche para escutar a homilia. Depois, viagem adiante, certamente com a semente parecida com o gr\u00e3o de mostarda do Evangelho daquele domingo, cujos frutos certamente aparecer\u00e3o, na hora e na medida de Deus!<\/p>\n<p style=\"text-align: justify;\">Jesus tamb\u00e9m, em tempos de Galileia, atravessou muitas vezes o Lago, que de grande era chamado de Mar, percorrendo as vilas e cidades. Quem est\u00e1 no cimo do Monte das Bem-aventuran\u00e7as, onde pronunciou o Serm\u00e3o da Montanha, tem uma vis\u00e3o privilegiada. Foi \u00e0 beira do Lago que Jesus determinou que os disc\u00edpulos de ontem e de hoje se aventurassem por \u00e1guas mais profundas (Cf. Lc 5,1-11). Tabga, lugar do primado de Pedro, \u00e0s margens do Lago, onde Jesus, n\u00e3o uma sombra ou um fantasma, mas o pr\u00f3prio Senhor, os mandou lan\u00e7ar as redes e preparou-lhes uma refei\u00e7\u00e3o mais do que simb\u00f3lica, ou Cafarnaum, quem sabe, Magdala, Tiber\u00edades e outros tantos lugares. \u00c9 poss\u00edvel ver, do outro lado do Lago, \u00e1reas que pertencem hoje \u00e0 S\u00edria. Por aquelas bandas Jesus foi \u00e0 regi\u00e3o da Dec\u00e1polis, onde mostrou tamb\u00e9m sua for\u00e7a, poder e miss\u00e3o. Foi tamb\u00e9m pelo Lago que Jesus foi a Gerasa (Cf. Mc 5,1-20), onde expulsou dem\u00f4nios e foi rejeitado pelos moradores. Muitos os fatos, todos eles carregados de ensinamentos, que n\u00e3o estamos diante de um livro de hist\u00f3rias edificantes, mas do Evangelho!<\/p>\n<p style=\"text-align: justify;\">Entretanto, a Liturgia do d\u00e9cimo segundo Domingo do Tempo Comum (J\u00f3 38,1-8.11; 1 Cor 5,14-17; Mc 4, 35-41) oferece oportunidade privilegiada para uma reflex\u00e3o a partir do receio provocado pelas \u00e1guas e a for\u00e7a de Deus Criador e Senhor, que ali\u00e1s se manifesta diante dos disc\u00edpulos, acostumados ao medo das \u00e1guas revoltas, por muitos dos antigos consideradas habita\u00e7\u00f5es de monstros e sinal de morte! Provavelmente n\u00e3o lhes era claro o que j\u00e1 se encontrava no livro de J\u00f3, pronunciado pelo Senhor: \u201cQuem fechou com portas o mar, quando ele irrompeu como se sa\u00edsse das entranhas, quando eu lhe dava a nuvem por vestido e o envolvia de escurid\u00e3o como de fralda? Eu o demarquei com meus limites e lhe pus ferrolho e portas, dizendo: \u2018At\u00e9 aqui chegar\u00e1s, e n\u00e3o al\u00e9m; aqui dominar\u00e1s as tuas ondas encapeladas!\u2019\u201d (J\u00f3 38,8-11)<\/p>\n<p style=\"text-align: justify;\">Jesus determina aos disc\u00edpulos a viagem para outra margem (Mc 4,35-41). Noutra ocasi\u00e3o, mandou-os \u00e0 frente, para depois caminhar sobre as \u00e1guas (Jo 6,16-20), quando podemos imagin\u00e1-lo \u201ccavalgando sobre as \u00e1guas\u201d (Cf. Sl 46,1-12; Sl 68,1-5). Agora Jesus est\u00e1 placidamente dormindo dentro da barca, e o vento e a chuva se enfurecem. Pensam estar perecendo por n\u00e3o terem tomado consci\u00eancia daquele que os acompanhava, cujo poder faz as \u00e1guas se acalmarem.<\/p>\n<p style=\"text-align: justify;\">Agora, os disc\u00edpulos de hoje. N\u00e3o basta repetir o que tenhamos feito at\u00e9 hoje! Os desafios s\u00e3o novos e diferentes. O apelo do Papa Francisco ressoa a atitude de Jesus, lan\u00e7ando-nos a descobrir caminhos novos, sair missionariamente ao encontro dos mais afastados. Aceitar a provoca\u00e7\u00e3o positiva que nos lan\u00e7a a buscar \u00e1guas mais profundas (Cf. Lc 5,1-11), mesmo quando nos sentimos fr\u00e1geis e pecadores, pois o Senhor vai al\u00e9m de nossos pecados e fraquezas, fazendo de todos n\u00f3s pescadores de homens, como aconteceu com os primeiros disc\u00edpulos.<\/p>\n<p style=\"text-align: justify;\">A atitude a ser assumida \u00e9 a coragem vinda da f\u00e9, lan\u00e7ando-nos a buscar caminhos novos, criatividade, ousadia. Em meu primeiro encontro com o Papa Francisco, na Jornada Mundial da Juventude do Rio de Janeiro, 2013, ao apresentar-me como Arcebispo de Bel\u00e9m, ouvi palavras fortes, \u00e0 \u00e9poca transmitidas ao povo de Bel\u00e9m: \u201cSejam corajosos, sejam ousados. Se n\u00e3o forem ousados, j\u00e1 estar\u00e3o errando de princ\u00edpio\u201d. E nossa Igreja h\u00e1 de retomar esta proposta. Temos abertas algumas estradas! Retomamos o caminho do Primeiro S\u00ednodo da Arquidiocese de Bel\u00e9m \u2013 \u201cBel\u00e9m, Igreja de Portas abertas\u201d \u2013 com as diversas atividades nas Par\u00f3quias, Regi\u00f5es Episcopais e outros organismos arquidiocesanos. Abriu-se recentemente o processo da Primeira Assembleia Eclesial Latino-americana e Caribenha, \u201cSomos todos disc\u00edpulos mission\u00e1rios em sa\u00edda\u201d, programada para o m\u00eas de novembro, na Cidade do M\u00e9xico. Todos os que desejarem podem enviar suas propostas pessoais ou em grupo, acessando na Internet \u201cAssembleia Eclesial\u201d. Mais ainda, come\u00e7a a prepara\u00e7\u00e3o do S\u00ednodo dos Bispos, a ser realizado em 2023, com a fase de \u201cescuta\u201d, em processo em nossas Par\u00f3quias e Regi\u00f5es Episcopais. \u00c9 um tempo novo e desafiador, com outras margens e \u00e1guas mais profundas.<\/p>\n<p style=\"text-align: justify;\">Podemos rezar e cantar nestas inten\u00e7\u00f5es, dizendo assim: \u201cMesmo na tempestade, mesmo que se agite o mar, te louvo, te louvo em verdade. Mesmo longe dos meus, mesmo na solid\u00e3o, te louvo, te louvo em verdade. Pois somente tenho a ti, tu \u00e9s a minha heran\u00e7a, te louvo, te louvo em verdade. Mesmo que me faltem as palavras, mesmo que eu n\u00e3o saiba louvar, te louvo, te louvo em verdade\u201d (Martin Valverde).<\/p>\n","protected":false},"excerpt":{"rendered":"<p>Dom Alberto Taveira Corr\u00eaa\u00a0 Arcebispo de Bel\u00e9m do Par\u00e1 (PA) \u00a0 As \u00e1guas, os rios e os mares sempre provocaram a humanidade, ao mesmo tempo que s\u00e3o fonte de vida e alimento, meio de transporte e comunica\u00e7\u00e3o entre as pessoas. Nossa Arquidiocese de Bel\u00e9m, com seus v\u00e1rios n\u00facleos insulares de assist\u00eancia pastoral, convive com embarca\u00e7\u00f5es &hellip;<\/p>\n<p class=\"read-more\"> <a class=\"\" href=\"https:\/\/www.cnbb.org.br\/a-outra-margem\/\"> <span class=\"screen-reader-text\">A outra margem<\/span> Leia mais &raquo;<\/a><\/p>\n","protected":false},"author":21,"featured_media":0,"comment_status":"open","ping_status":"open","sticky":false,"template":"","format":"standard","meta":{"site-sidebar-layout":"default","site-content-layout":"default","ast-global-header-display":"","ast-banner-title-visibility":"","ast-main-header-display":"","ast-hfb-above-header-display":"","ast-hfb-below-header-display":"","ast-hfb-mobile-header-display":"","site-post-title":"","ast-breadcrumbs-content":"","ast-featured-img":"","footer-sml-layout":"","theme-transparent-header-meta":"default","adv-header-id-meta":"","stick-header-meta":"","header-above-stick-meta":"","header-main-stick-meta":"","header-below-stick-meta":""},"categories":[758],"tags":[],"acf":[],"_links":{"self":[{"href":"https:\/\/www.cnbb.org.br\/cnbb-app\/wp\/v2\/posts\/308663"}],"collection":[{"href":"https:\/\/www.cnbb.org.br\/cnbb-app\/wp\/v2\/posts"}],"about":[{"href":"https:\/\/www.cnbb.org.br\/cnbb-app\/wp\/v2\/types\/post"}],"author":[{"embeddable":true,"href":"https:\/\/www.cnbb.org.br\/cnbb-app\/wp\/v2\/users\/21"}],"replies":[{"embeddable":true,"href":"https:\/\/www.cnbb.org.br\/cnbb-app\/wp\/v2\/comments?post=308663"}],"version-history":[{"count":0,"href":"https:\/\/www.cnbb.org.br\/cnbb-app\/wp\/v2\/posts\/308663\/revisions"}],"wp:attachment":[{"href":"https:\/\/www.cnbb.org.br\/cnbb-app\/wp\/v2\/media?parent=308663"}],"wp:term":[{"taxonomy":"category","embeddable":true,"href":"https:\/\/www.cnbb.org.br\/cnbb-app\/wp\/v2\/categories?post=308663"},{"taxonomy":"post_tag","embeddable":true,"href":"https:\/\/www.cnbb.org.br\/cnbb-app\/wp\/v2\/tags?post=308663"}],"curies":[{"name":"wp","href":"https:\/\/api.w.org\/{rel}","templated":true}]}}