{"id":308752,"date":"2021-06-17T13:48:09","date_gmt":"2021-06-17T16:48:09","guid":{"rendered":"https:\/\/www.cnbb.org.br\/?p=308752"},"modified":"2021-06-17T13:48:09","modified_gmt":"2021-06-17T16:48:09","slug":"conselho-permanente-aprova-regulamento-e-regional-leste-3-e-oficializado-canonicamente","status":"publish","type":"post","link":"https:\/\/www.cnbb.org.br\/conselho-permanente-aprova-regulamento-e-regional-leste-3-e-oficializado-canonicamente\/","title":{"rendered":"Conselho Permanente aprova regulamento e Regional Leste 3 \u00e9 oficializado canonicamente"},"content":{"rendered":"<p>O Regional Leste 3 da Confer\u00eancia Nacional dos Bispos do Brasil (CNBB), que compreende o Estado do Esp\u00edrito Santo, foi oficializado canonicamente, nesta quinta-feira, 17 de junho, com a aprova\u00e7\u00e3o do regulamento pelo Conselho Permanente da entidade.<\/p>\n<p>Ap\u00f3s envio da proposta de regulamento para o novo Regional, aprovado na \u00faltima Assembleia Geral da CNBB, a Comiss\u00e3o Jur\u00eddica n\u00e3o fez observa\u00e7\u00f5es relacionadas ao conte\u00fado da proposta, mas indicou altera\u00e7\u00f5es de ordem terminol\u00f3gica em alguns artigos. Assim, o Conselho Permanente aprovou o regimento e delegou \u00e0 Comiss\u00e3o que fa\u00e7a as devidas altera\u00e7\u00f5es no texto.<\/p>\n<p>Al\u00e9m do documento normativo para o funcionamento do Regional Leste 3, foi aprovada a Presid\u00eancia escolhida no dia 25 de maio: dom Dario Campos, arcebispo de Vit\u00f3ria (ES), o presidente; dom Paulo Bosi Dal\u2019B\u00f3, bispo de S\u00e3o Mateus (ES), o vice-presidente; e dom Luiz Fernando Lisboa, bispo de Cachoeiro de Itapemirim (ES), secret\u00e1rio.<\/p>\n<p>No m\u00eas de agosto, ser\u00e3o realizados os procedimentos para a aquisi\u00e7\u00e3o da personalidade civil do novo regional, cuja sede ser\u00e1 em Vit\u00f3ria (ES). Em data ainda a ser definida, entre dezembro deste ano e janeiro de 2022, haver\u00e1 a celebra\u00e7\u00e3o pastoral pela instala\u00e7\u00e3o do Regional Leste 3 da CNBB.<\/p>\n<p><img decoding=\"async\" loading=\"lazy\" class=\"aligncenter size-large wp-image-308842\" src=\"https:\/\/www.cnbb.org.br\/wp-content\/uploads\/2021\/06\/conselho-permanente-17062021-dom-dario-1024x540.jpg\" alt=\"\" width=\"1024\" height=\"540\" srcset=\"https:\/\/www.cnbb.org.br\/wp-content\/uploads\/2021\/06\/conselho-permanente-17062021-dom-dario-1024x540.jpg 1024w, https:\/\/www.cnbb.org.br\/wp-content\/uploads\/2021\/06\/conselho-permanente-17062021-dom-dario-300x158.jpg 300w, https:\/\/www.cnbb.org.br\/wp-content\/uploads\/2021\/06\/conselho-permanente-17062021-dom-dario-768x405.jpg 768w, https:\/\/www.cnbb.org.br\/wp-content\/uploads\/2021\/06\/conselho-permanente-17062021-dom-dario-500x264.jpg 500w, https:\/\/www.cnbb.org.br\/wp-content\/uploads\/2021\/06\/conselho-permanente-17062021-dom-dario.jpg 1200w\" sizes=\"(max-width: 1024px) 100vw, 1024px\" \/><\/p>\n<p>Dom Dario Campos agradeceu e manifestou alegria pela cria\u00e7\u00e3o do novo regional. Ele ressaltou a &#8220;experi\u00eancia fecunda&#8221; das Comunidades Eclesiais de Base (CEBs), as quais s\u00e3o reconhecidas como um dom do Esp\u00edrito Santo.\u00a0&#8220;\u00c9 um espa\u00e7o fecundo da atua\u00e7\u00e3o e participa\u00e7\u00e3o do leigos e leigas, nas quais todas as for\u00e7as vivas da Igreja se encontram presentes e articuladas em vista do anuncio do Evangelho do Reino. As nossas comunidades s\u00e3o esse espa\u00e7o que alimenta o esp\u00edrito mission\u00e1rio dos disc\u00edpulos e disc\u00edpulas com a Palavra de Deus e a Eucaristia&#8221;.<\/p>\n<p>&#8220;Acreditamos que o Regional Leste 3 ir\u00e1 proporcionar ainda mais uma viv\u00eancia de comunh\u00e3o, de solidariedade, de participa\u00e7\u00e3o no cora\u00e7\u00e3o da Igreja capixaba, algo que j\u00e1 vivenciamos e reconhecemos desses passos de organiza\u00e7\u00e3o pela presen\u00e7a e colabora\u00e7\u00e3o dos bispos e administradores diocesanos&#8221;, disse dom Dario. O arcebispo tamb\u00e9m agradeceu pela &#8220;participa\u00e7\u00e3o de vida e de comunh\u00e3o do Regional Leste 2&#8221;, que teve &#8220;uma grande contribui\u00e7\u00e3o na cria\u00e7\u00e3o do Regional Leste 3&#8221;. Dom Daria tamb\u00e9m pediu \u00e0 Virgem da Penha, padroeira do Esp\u00edrito Santo, que interceda pelo novo Regional, &#8220;a fim de que sejamos fi\u00e9is no seguimento de Jesus Cristo&#8221;.<\/p>\n<p>&nbsp;<\/p>\n<h3>Campanha da Fraternidade 2022<\/h3>\n<p>Na sequ\u00eancia da reuni\u00e3o do Conselho Permanente, foram apresentados a ora\u00e7\u00e3o e o sum\u00e1rio do texto-base da Campanha da Fraternidade 2022, cujo tema \u00e9 &#8220;Fraternidade e Educa\u00e7\u00e3o&#8221;. Os bispos receberam a d\u00e9cima vers\u00e3o do texto que ir\u00e1 conduzir as reflex\u00f5es da Campanha do ano que vem e poder\u00e3o\u00a0identificar aus\u00eancias, sugerir acr\u00e9scimos e indica\u00e7\u00f5es, at\u00e9 o dia 25 de junho.<\/p>\n<p>&nbsp;<\/p>\n<h3>Novo Estatuto<\/h3>\n<p>Outro tema da manh\u00e3 desta quinta-feira foi o Novo Estatuto da CNBB. O processo de elabora\u00e7\u00e3o chega \u00e0 terceira etapa, com a aprova\u00e7\u00e3o de uma Comiss\u00e3o de Peritos e posterior Formula\u00e7\u00e3o Jur\u00eddico Can\u00f4nica do Estatuto e do Regimento da Confer\u00eancia, entre os meses de julho e outubro.<\/p>\n<p>A equipe de trabalho indicou uma s\u00e9rie de peritos, entre canonistas, especialistas na \u00e1rea jur\u00eddica civil, te\u00f3logos e pastoralistas. S\u00e3o bispos, padres, leigas e leigos. Junto com a Comiss\u00e3o de Peritos tamb\u00e9m haver\u00e1 uma equipe de consultores para auxiliar no processo de formula\u00e7\u00e3o do texto.\u00a0Os membros do Conselho Permanente indicaram outros nomes \u00e0 lista proposta, os quais ser\u00e3o articulados pela equipe que coordena o processo de elabora\u00e7\u00e3o do novo estatuto.<\/p>\n<p>&nbsp;<\/p>\n<h3>Express\u00f5es carism\u00e1ticas<\/h3>\n<p>O Conselho Permanente tamb\u00e9m aprovou na manh\u00e3 desta quinta-feira, 17, a cria\u00e7\u00e3o de um grupo de trabalho que ir\u00e1 refletir sobre as express\u00f5es carism\u00e1ticas na Igreja no Brasil. A ideia surgiu partir do contato do bispo de Tocantin\u00f3polis (TO) e presidente da Comiss\u00e3o Episcopal Pastoral para o Laicato da CNBB, dom Geovane Pereira de Melo; do secret\u00e1rio-geral da CNBB, dom Joel Portella Amado; do bispo de Paranava\u00ed (PR), dom M\u00e1rio Spaki, referencial para o Servi\u00e7o de Comunh\u00e3o Charis no Brasil; e do bispo auxiliar de Bras\u00edlia, dom Jos\u00e9 Aparecido Gon\u00e7alves Almeida.<\/p>\n<p>A proposta \u00e9 refletir sobre as express\u00f5es ligadas \u00e0 Renova\u00e7\u00e3o Carism\u00e1tica e aos carismas pentecostais na Igreja no Brasil, tratando de quest\u00f5es relacionadas \u00e0 d<span style=\"font-size: 16px;\">outrina, liturgia e compromisso social, por exemplo. Desses grupos, segundo dom Geovane, nasceram minist\u00e9rios, servi\u00e7os e novas comunidades, cujas express\u00f5es &#8220;t\u00eam uma forte presen\u00e7a nos meios de comunica\u00e7\u00e3o social e forte influ\u00eancia na forma de pensar de uma grande parte dos fi\u00e9is cat\u00f3licos&#8221;.\u00a0<\/span><\/p>\n<p>&nbsp;<\/p>\n<h3>S\u00ednodo<\/h3>\n<p>As atividades da manh\u00e3 foram conclu\u00eddas com um encontro dos bispos com a Secretaria do S\u00ednodo, que falou sobre o processo de prepara\u00e7\u00e3o para a XVI Assembleia Geral Ordin\u00e1ria do S\u00ednodo dos Bispos, cujo tema proposto pelo Papa Francisco \u00e9 &#8220;Por uma Igreja sinodal: comunh\u00e3o, participa\u00e7\u00e3o e miss\u00e3o&#8221;. Direto de Roma, contataram os bispos\u00a0<span class=\"spalletta-title\">o secret\u00e1rio geral do S\u00ednodo, cardeal Mario Grech, e os subsecret\u00e1rios monsenhor Luis Mar\u00ecn de San Martin e i<\/span>rm\u00e3 Nathalie Becquart. Eles explicaram sobre as motiva\u00e7\u00f5es para a assembleia sinodal, reconheceram o processo da Assembleia Eclesial da Am\u00e9rica Latina e do Caribe e incentivaram a contribui\u00e7\u00e3o do Brasil. A secretaria do S\u00ednodo ainda deseja que o processo do s\u00ednodo ajude tamb\u00e9m &#8220;a sentir toda a Igreja a dar uma resposta nesse momento que estamos vivendo&#8221;.<\/p>\n<p><img decoding=\"async\" loading=\"lazy\" class=\"aligncenter size-large wp-image-308846\" src=\"https:\/\/www.cnbb.org.br\/wp-content\/uploads\/2021\/06\/conselho-permanente-17062021-sec-sinodo-1024x528.jpg\" alt=\"\" width=\"1024\" height=\"528\" srcset=\"https:\/\/www.cnbb.org.br\/wp-content\/uploads\/2021\/06\/conselho-permanente-17062021-sec-sinodo-1024x528.jpg 1024w, https:\/\/www.cnbb.org.br\/wp-content\/uploads\/2021\/06\/conselho-permanente-17062021-sec-sinodo-300x155.jpg 300w, https:\/\/www.cnbb.org.br\/wp-content\/uploads\/2021\/06\/conselho-permanente-17062021-sec-sinodo-768x396.jpg 768w, https:\/\/www.cnbb.org.br\/wp-content\/uploads\/2021\/06\/conselho-permanente-17062021-sec-sinodo-500x258.jpg 500w, https:\/\/www.cnbb.org.br\/wp-content\/uploads\/2021\/06\/conselho-permanente-17062021-sec-sinodo.jpg 1200w\" sizes=\"(max-width: 1024px) 100vw, 1024px\" \/><\/p>\n<p>Confira a carta sobre o pr\u00f3ximo s\u00ednodo: <a style=\"font-size: 16px; background-color: #ffffff;\" href=\"https:\/\/press.vatican.va\/content\/salastampa\/es\/bollettino\/pubblico\/2021\/05\/21\/nota.html\" target=\"_blank\" rel=\"noopener\">Nota do S\u00ednodo dos Bispos (21 de maio de 2021)<\/a><\/p>\n<p><span style=\"font-size: 16px;\">O cardeal Mario Grech ressaltou que o S\u00ednodo \u00e9\u00a0<\/span>uma experi\u00eancia de um caminho de escuta. &#8220;N\u00f3s vamos caminhar com voc\u00eas, escutar essa experi\u00eancia porque sabemos que todos tem muito a falar. O s\u00ednodo n\u00e3o \u00e9 apenas um evento celebrado em Roma, mas um processo que envolve toda a Igreja. \u00c9 por esse motivo que abrimos a primeira fase da consulta do povo de Deus nas Igrejas particulares, ser\u00e1 a primeira fase&#8221;, explicou.<\/p>\n","protected":false},"excerpt":{"rendered":"<p>O Regional Leste 3 da Confer\u00eancia Nacional dos Bispos do Brasil (CNBB), que compreende o Estado do Esp\u00edrito Santo, foi oficializado canonicamente, nesta quinta-feira, 17 de junho, com a aprova\u00e7\u00e3o do regulamento pelo Conselho Permanente da entidade. Ap\u00f3s envio da proposta de regulamento para o novo Regional, aprovado na \u00faltima Assembleia Geral da CNBB, a &hellip;<\/p>\n<p class=\"read-more\"> <a class=\"\" href=\"https:\/\/www.cnbb.org.br\/conselho-permanente-aprova-regulamento-e-regional-leste-3-e-oficializado-canonicamente\/\"> <span class=\"screen-reader-text\">Conselho Permanente aprova regulamento e Regional Leste 3 \u00e9 oficializado canonicamente<\/span> Leia mais &raquo;<\/a><\/p>\n","protected":false},"author":83,"featured_media":308847,"comment_status":"open","ping_status":"open","sticky":false,"template":"","format":"standard","meta":{"site-sidebar-layout":"default","site-content-layout":"default","ast-global-header-display":"","ast-banner-title-visibility":"","ast-main-header-display":"","ast-hfb-above-header-display":"","ast-hfb-below-header-display":"","ast-hfb-mobile-header-display":"","site-post-title":"","ast-breadcrumbs-content":"","ast-featured-img":"","footer-sml-layout":"","theme-transparent-header-meta":"default","adv-header-id-meta":"","stick-header-meta":"","header-above-stick-meta":"","header-main-stick-meta":"","header-below-stick-meta":""},"categories":[834,1840],"tags":[3053,3532],"acf":[],"_links":{"self":[{"href":"https:\/\/www.cnbb.org.br\/cnbb-app\/wp\/v2\/posts\/308752"}],"collection":[{"href":"https:\/\/www.cnbb.org.br\/cnbb-app\/wp\/v2\/posts"}],"about":[{"href":"https:\/\/www.cnbb.org.br\/cnbb-app\/wp\/v2\/types\/post"}],"author":[{"embeddable":true,"href":"https:\/\/www.cnbb.org.br\/cnbb-app\/wp\/v2\/users\/83"}],"replies":[{"embeddable":true,"href":"https:\/\/www.cnbb.org.br\/cnbb-app\/wp\/v2\/comments?post=308752"}],"version-history":[{"count":0,"href":"https:\/\/www.cnbb.org.br\/cnbb-app\/wp\/v2\/posts\/308752\/revisions"}],"wp:featuredmedia":[{"embeddable":true,"href":"https:\/\/www.cnbb.org.br\/cnbb-app\/wp\/v2\/media\/308847"}],"wp:attachment":[{"href":"https:\/\/www.cnbb.org.br\/cnbb-app\/wp\/v2\/media?parent=308752"}],"wp:term":[{"taxonomy":"category","embeddable":true,"href":"https:\/\/www.cnbb.org.br\/cnbb-app\/wp\/v2\/categories?post=308752"},{"taxonomy":"post_tag","embeddable":true,"href":"https:\/\/www.cnbb.org.br\/cnbb-app\/wp\/v2\/tags?post=308752"}],"curies":[{"name":"wp","href":"https:\/\/api.w.org\/{rel}","templated":true}]}}