{"id":309014,"date":"2021-06-17T17:02:01","date_gmt":"2021-06-17T20:02:01","guid":{"rendered":"https:\/\/www.cnbb.org.br\/?p=309014"},"modified":"2021-06-18T12:45:39","modified_gmt":"2021-06-18T15:45:39","slug":"ultimo-dia-do-conselho-permanente-confira-os-destaques-da-tarde-desta-quinta-feira-17","status":"publish","type":"post","link":"https:\/\/www.cnbb.org.br\/ultimo-dia-do-conselho-permanente-confira-os-destaques-da-tarde-desta-quinta-feira-17\/","title":{"rendered":"\u00daltimo dia do Conselho Permanente; confira os destaques da tarde desta quinta-feira, 17"},"content":{"rendered":"<p style=\"text-align: justify;\">No \u00faltimo dia do Conselho Permanente, 17 de junho, na parte da tarde, os bispos trataram sobre o regimento do Instituto Nacional de Pastoral, o Inapaz.<\/p>\n<p style=\"text-align: justify;\">Dom Walmor de Oliveira Azevedo, presidente da Confer\u00eancia, disse que desde junho de 2019 h\u00e1 o esfor\u00e7o para que o instituto contribua como assessoria teol\u00f3gica e pastoral da CNBB.<\/p>\n<p style=\"text-align: justify;\"><img decoding=\"async\" loading=\"lazy\" class=\" wp-image-309032 alignright\" src=\"https:\/\/www.cnbb.org.br\/wp-content\/uploads\/2021\/06\/Conselho.jpg\" alt=\"\" width=\"338\" height=\"323\" srcset=\"https:\/\/www.cnbb.org.br\/wp-content\/uploads\/2021\/06\/Conselho.jpg 492w, https:\/\/www.cnbb.org.br\/wp-content\/uploads\/2021\/06\/Conselho-300x287.jpg 300w\" sizes=\"(max-width: 338px) 100vw, 338px\" \/><\/p>\n<p style=\"text-align: justify;\">\u201cConsideramos muito importante o exame, ju\u00edzo e indica\u00e7\u00f5es por parte do Conselho porque \u00e9 muito importante ter uma inst\u00e2ncia de peritos, levando em conta os desafios dos \u00faltimos tempos\u201d, disse dom Walmor.<\/p>\n<p style=\"text-align: justify;\">Apresentando o regimento aos bispos, padre Danilo Pinto explicou que,\u00a0com rela\u00e7\u00e3o \u00e0 natureza e naturalidade, o instituto \u00e9 um organismo t\u00e9cnico de assessoria teol\u00f3gica e pastoral.<\/p>\n<p style=\"text-align: justify;\">O regimento tamb\u00e9m prev\u00ea a composi\u00e7\u00e3o do conselho diretor e atividades inerentes ao Inapaz (reflex\u00f5es teol\u00f3gicos-pastorais, pesquisa interdisciplinar, produ\u00e7\u00e3o da an\u00e1lise de conjuntura eclesial, realiza\u00e7\u00e3o de semin\u00e1rio teol\u00f3gico-pastoral, produ\u00e7\u00e3o de subs\u00eddios e estudos e produ\u00e7\u00e3o de conhecimentos sobre a CNBB).<\/p>\n<p style=\"text-align: justify;\">O Conselho aprovou o regimento e fez algumas considera\u00e7\u00f5es e ressalvas. Tamb\u00e9m foram aprovados os nomes para diretor e secret\u00e1rio executivo do Inapaz, respectivamente. S\u00e3o eles: dom Paulo Cezar Costa, arcebispo de Bras\u00edlia (DF) e o padre Danilo Pinto, da arquidiocese de Salvador (BA).<\/p>\n<h3 style=\"text-align: justify;\"><strong>Carta ao Congresso<\/strong><\/h3>\n<p style=\"text-align: justify;\">O Conselho Permanente tratou tamb\u00e9m sobre a aprova\u00e7\u00e3o de uma carta a ser dirigida ao Congresso Nacional, com o objetivo de propor que o mesmo retire da pauta projetos de regulariza\u00e7\u00e3o fundi\u00e1ria. A proposta \u00e9 segundo o presidente da Comiss\u00e3o Pastoral da Terra (CPT), dom Jos\u00e9 Ionilton Lisboa de Oliveira, que a carta apresente as preocupa\u00e7\u00f5es com a defesa dos povos ind\u00edgenas, da floresta.<\/p>\n<p style=\"text-align: justify;\">\u201cA carta recorda que os bispos da Amaz\u00f4nia j\u00e1 fizeram uma manifesta\u00e7\u00e3o ao Senado e reafirmam a preocupa\u00e7\u00e3o com os outros projetos que circulam. A preocupa\u00e7\u00e3o \u00e9 com o momento que o Brasil vive, com o n\u00famero de mortes. Al\u00e9m disso, fazemos um pedido ao Congresso para que esses projetos sejam retirados de pauta e que se espere um momento oportuno para se realizar um amplo debate, uma ampla discuss\u00e3o com a popula\u00e7\u00e3o\u201d, explicou dom Ionilton.<\/p>\n<p style=\"text-align: justify;\">A carta ser\u00e1 publicada, em breve, no portal da Confer\u00eancia.<\/p>\n<h3 style=\"text-align: justify;\"><strong>Assembleia Eclesial da Am\u00e9rica Latina e do Caribe<\/strong><\/h3>\n<p style=\"text-align: justify;\">Dom Geremias Steinmetz, arcebispo de Londrina (PR), falou sobre a <a href=\"https:\/\/www.cnbb.org.br\/cnbb-apresenta-a-assembleia-eclesial-da-america-latina-e-do-caribe\/\">Assembleia Eclesial da Am\u00e9rica Latina e do Caribe<\/a> e os princ\u00edpios de renova\u00e7\u00e3o. \u201c\u00c9 um trabalho em chave sinodal para favorecer a responsabilidade eclesial e o di\u00e1logo permanente com as Confer\u00eancias Episcopais\u201d.<\/p>\n<p style=\"text-align: justify;\">A Assembleia se realizar\u00e1 de 21 a 28 de novembro no entorno do Santu\u00e1rio de Nossa Senhora de Guadalupe, na Cidade do M\u00e9xico e quer relembrar o que aconteceu na V Confer\u00eancia Geral de Aparecida, e contemplar a realidade com seus desafios.<\/p>\n<p style=\"text-align: justify;\">Dom Geremias ressaltou que a Assembleia \u00e9 um trabalho da Am\u00e9rica Latina como um todo e falou sobre o <a href=\"https:\/\/www.cnbb.org.br\/video-explica-os-quatro-passos-para-participar-do-processo-de-escuta-da-assembleia-eclesial-da-america-latina-e-do-caribe\/\">processo de escuta, base do discernimento<\/a>. Na sequ\u00eancia, padre Marcus Barbosa, secret\u00e1rio adjunto da CNBB, disse que sentiu uma grande mobiliza\u00e7\u00e3o de dioceses, regionais, movimentos no processo central da Assembleia, que \u00e9 o movimento de escuta.<\/p>\n<p style=\"text-align: justify;\">Padre Marcus relembrou a extens\u00e3o do processo de escuta, que era at\u00e9 junho e agora segue at\u00e9 o dia 30 de agosto, o que segundo ele tem facilitado o trabalho da Comiss\u00e3o organizadora.<\/p>\n<h3 style=\"text-align: justify;\"><strong>S\u00ednodo dos Bispos<\/strong><\/h3>\n<p style=\"text-align: justify;\">Tamb\u00e9m na parte da tarde, dom Joel Portella Amado, secret\u00e1rio-geral da Confer\u00eancia, falou sobre o itiner\u00e1rio sinodal para a XVI<a href=\"https:\/\/www.cnbb.org.br\/em-2022-assembleia-geral-ordinaria-do-sinodo-dos-bispos-sera-sobre-igreja-e-sinodalidade\/\"> Assembleia Geral do S\u00ednodo dos Bispos<\/a>, previsto para ocorrer em outubro de 2023, com o tema \u201cPor uma igreja sinodal: comunh\u00e3o, participa\u00e7\u00e3o e miss\u00e3o\u201d.<\/p>\n<p style=\"text-align: justify;\">Alguns prazos e datas foram apresentados, como a quest\u00e3o da abertura, a etapa nas igrejas locais, instrumentum laboris e reuni\u00f5es entre as confer\u00eancias.<\/p>\n<p style=\"text-align: justify;\">Dom Joel apresentou tamb\u00e9m a equipe de anima\u00e7\u00e3o do S\u00ednodo, que dever\u00e1 recolher contribui\u00e7\u00f5es vindas das dioceses e produzir um material.<\/p>\n<p><img decoding=\"async\" loading=\"lazy\" class=\"aligncenter size-full wp-image-309043\" src=\"https:\/\/www.cnbb.org.br\/wp-content\/uploads\/2021\/06\/Equipe-de-animacao-do-Sinodo.jpg\" alt=\"\" width=\"835\" height=\"478\" srcset=\"https:\/\/www.cnbb.org.br\/wp-content\/uploads\/2021\/06\/Equipe-de-animacao-do-Sinodo.jpg 835w, https:\/\/www.cnbb.org.br\/wp-content\/uploads\/2021\/06\/Equipe-de-animacao-do-Sinodo-300x172.jpg 300w, https:\/\/www.cnbb.org.br\/wp-content\/uploads\/2021\/06\/Equipe-de-animacao-do-Sinodo-768x440.jpg 768w, https:\/\/www.cnbb.org.br\/wp-content\/uploads\/2021\/06\/Equipe-de-animacao-do-Sinodo-500x286.jpg 500w, https:\/\/www.cnbb.org.br\/wp-content\/uploads\/2021\/06\/Equipe-de-animacao-do-Sinodo-700x400.jpg 700w\" sizes=\"(max-width: 835px) 100vw, 835px\" \/><\/p>\n<h3 style=\"text-align: justify;\"><strong>Associa\u00e7\u00e3o de m\u00e9dicos brasileiros cat\u00f3licos<\/strong><\/h3>\n<p style=\"text-align: justify;\">Ainda durante a reuni\u00e3o do Conselho foi aprovada a proposta da cria\u00e7\u00e3o de uma Associa\u00e7\u00e3o de M\u00e9dicos Brasileiros Cat\u00f3licos.<\/p>\n<p style=\"text-align: justify;\">A tentativa, de acordo com dom Ricardo Hoepers, bispo de Rio Grande (PR), \u00e9 que os m\u00e9dicos se organizem, tenham um estatuto nacional e sejam reconhecidos pela CNBB, para que possam se reunir e realizar suas atividades.<\/p>\n<p style=\"text-align: justify;\">A proposta foi submetida \u00e0 vota\u00e7\u00e3o do Conselho e foi aprovada, ad experimentum, com a condi\u00e7\u00e3o dos canonistas da Confer\u00eancia ajustarem o estatuto da Associa\u00e7\u00e3o.<\/p>\n<p>&nbsp;<\/p>\n<p>&nbsp;<\/p>\n","protected":false},"excerpt":{"rendered":"<p>No \u00faltimo dia do Conselho Permanente, 17 de junho, na parte da tarde, os bispos trataram sobre o regimento do Instituto Nacional de Pastoral, o Inapaz; a Assembleia Eclesial da Am\u00e9rica Latina e do Caribe, o S\u00ednodo dos Bispos, entre outros assuntos. Saiba quais foram os destaques.<\/p>\n","protected":false},"author":83,"featured_media":309055,"comment_status":"open","ping_status":"open","sticky":false,"template":"","format":"standard","meta":{"site-sidebar-layout":"default","site-content-layout":"default","ast-global-header-display":"","ast-banner-title-visibility":"","ast-main-header-display":"","ast-hfb-above-header-display":"","ast-hfb-below-header-display":"","ast-hfb-mobile-header-display":"","site-post-title":"","ast-breadcrumbs-content":"","ast-featured-img":"","footer-sml-layout":"","theme-transparent-header-meta":"default","adv-header-id-meta":"","stick-header-meta":"","header-above-stick-meta":"","header-main-stick-meta":"","header-below-stick-meta":""},"categories":[834,1841],"tags":[3343,3053,3655],"acf":[],"_links":{"self":[{"href":"https:\/\/www.cnbb.org.br\/cnbb-app\/wp\/v2\/posts\/309014"}],"collection":[{"href":"https:\/\/www.cnbb.org.br\/cnbb-app\/wp\/v2\/posts"}],"about":[{"href":"https:\/\/www.cnbb.org.br\/cnbb-app\/wp\/v2\/types\/post"}],"author":[{"embeddable":true,"href":"https:\/\/www.cnbb.org.br\/cnbb-app\/wp\/v2\/users\/83"}],"replies":[{"embeddable":true,"href":"https:\/\/www.cnbb.org.br\/cnbb-app\/wp\/v2\/comments?post=309014"}],"version-history":[{"count":0,"href":"https:\/\/www.cnbb.org.br\/cnbb-app\/wp\/v2\/posts\/309014\/revisions"}],"wp:featuredmedia":[{"embeddable":true,"href":"https:\/\/www.cnbb.org.br\/cnbb-app\/wp\/v2\/media\/309055"}],"wp:attachment":[{"href":"https:\/\/www.cnbb.org.br\/cnbb-app\/wp\/v2\/media?parent=309014"}],"wp:term":[{"taxonomy":"category","embeddable":true,"href":"https:\/\/www.cnbb.org.br\/cnbb-app\/wp\/v2\/categories?post=309014"},{"taxonomy":"post_tag","embeddable":true,"href":"https:\/\/www.cnbb.org.br\/cnbb-app\/wp\/v2\/tags?post=309014"}],"curies":[{"name":"wp","href":"https:\/\/api.w.org\/{rel}","templated":true}]}}