{"id":30922,"date":"2018-07-06T00:00:00","date_gmt":"2018-07-06T03:00:00","guid":{"rendered":"https:\/\/www.cnbb.org.br\/arte-que-reflete-a-importancia-das-politicas-publicas-vence-concurso-do-cartaz-da-cf-2019\/"},"modified":"2018-07-06T00:00:00","modified_gmt":"2018-07-06T03:00:00","slug":"arte-que-reflete-a-importancia-das-politicas-publicas-vence-concurso-do-cartaz-da-cf-2019","status":"publish","type":"post","link":"https:\/\/www.cnbb.org.br\/arte-que-reflete-a-importancia-das-politicas-publicas-vence-concurso-do-cartaz-da-cf-2019\/","title":{"rendered":"Arte que reflete a import\u00e2ncia das pol\u00edticas p\u00fablicas vence concurso do cartaz da CF 2019"},"content":{"rendered":"<p style=\"text-align: justify\">Em mar\u00e7o deste ano a Confer\u00eancia Nacional dos Bispos do Brasil (CNBB) divulgou o edital do concurso para a escolha do cartaz da Campanha da Fraternidade (CF) 2019. Uma das finalidades, de acordo com o certame era a elabora\u00e7\u00e3o de uma arte que expressasse a mensagem da Campanha de 2019 cujo objetivo principal \u00e9 estimular a participa\u00e7\u00e3o em pol\u00edticas p\u00fablicas, \u00e0 luz da palavra de Deus e da Doutrina Social da Igreja, para fortalecer a cidadania e o bem comum, sinais de fraternidade.<\/p>\n<figure id=\"attachment_196784\" aria-describedby=\"caption-attachment-196784\" style=\"width: 216px\" class=\"wp-caption alignright\"><img decoding=\"async\" loading=\"lazy\" class=\"wp-image-196784 size-medium\" src=\"https:\/\/www.cnbb.org.br\/wp-content\/uploads\/2018\/07\/Cartaz-CF-216x300.png\" alt=\"\" width=\"216\" height=\"300\" \/><figcaption id=\"caption-attachment-196784\" class=\"wp-caption-text\">Cartaz da Campanha da Fraternidade 2019<\/figcaption><\/figure>\n<p style=\"text-align: justify\">Para concorrer ao processo, o candidato tinha que obedecer algumas especifica\u00e7\u00f5es estipuladas no edital. O cartaz poderia ser ilustrado com foto, desenho, colagem, montagem, pintura ou outra forma. Al\u00e9m da arte, o tema \u201cFraternidade e Pol\u00edticas P\u00fablicas\u201d e o lema \u201cSer\u00e1s libertado pelo direito e pela justi\u00e7a (Is 1,27) da CF 2019 deveriam ficar evidenciados, entre outras exig\u00eancias. Passado o per\u00edodo de recebimento das propostas, a comiss\u00e3o organizadora fez uma avalia\u00e7\u00e3o t\u00e9cnica e o Conselho Episcopal Pastoral (Consep) da CNBB procedeu a escolha da obra vencedora.<\/p>\n<p style=\"text-align: justify\">Padre Erivaldo Dantas, religioso paulino foi o vencedor do concurso. Ele elaborou um cartaz cuja proposta apresentou de forma clara e objetiva os crit\u00e9rios estipulados no edital. \u201cO cartaz visa ser a imagem que nortear\u00e1 o desejo da Igreja do Brasil de ajudar a sociedade a refletir sobre import\u00e2ncia das pol\u00edticas p\u00fablicas, como meio de assegurar as condi\u00e7\u00f5es mais elementares para constru\u00e7\u00e3o e manuten\u00e7\u00e3o da sociedade, de modo que as pessoas possam viver dignamente nas suas v\u00e1rias realidades\u201d, explica a proposta.<\/p>\n<p style=\"text-align: justify\">A arte do cartaz, segundo padre Erivaldo busca expressar quest\u00f5es relacionadas \u00e0 educa\u00e7\u00e3o, sa\u00fade, meio-ambiente e desenvolvimento social. \u201cLevando em considera\u00e7\u00e3o que a tem\u00e1tica das pol\u00edticas p\u00fablicas \u00e9 bastante ampla e que dizem respeito a toda a sociedade, n\u00e3o se pode falar de pol\u00edticas p\u00fablicas sem levar em considera\u00e7\u00e3o tais aspectos. Por isso busquei de alguma forma, representar por meio de silhuetas, a presen\u00e7a de algumas destas categorias que considero fundamentais para a discuss\u00e3o das pol\u00edticas p\u00fablicas\u201d, explica.<\/p>\n<blockquote>\n<p style=\"text-align: justify\"><strong><span style=\"color: #993300\">\u201cFiquei bastante contente e muito agradecido com a escolha, uma honra poder colaborar com a Igreja em uma das suas maiores campanhas no Brasil, a Campanha da Fraternidade\u201d, finalizou.\u00a0<\/span><\/strong><\/p>\n<\/blockquote>\n<p style=\"text-align: justify\"><strong>A Campanha &#8211;\u00a0<\/strong>O tema das\u00a0pol\u00edticas p\u00fablicas\u00a0foi definido pelo Conselho Episcopal Pastoral (Consep) da CNBB no decorrer do ano de 2017 considerando o processo que se faz todos os anos\u00a0junto as dioceses por ocasi\u00e3o da avalia\u00e7\u00e3o da\u00a0Campanha da Fraternidade.<\/p>\n<p style=\"text-align: justify\">A\u00a0CF 2019\u00a0vai aprofundar o que s\u00e3o as pol\u00edticas p\u00fablicas enquanto garantidoras de direitos, buscar\u00e1 fazer a distin\u00e7\u00e3o entre pol\u00edtica de governo e pol\u00edticas de estado, bem como vai tratar do processo de uma pol\u00edtica p\u00fablica \u2013 da agenda \u00e0 avalia\u00e7\u00e3o e monitoramento.<\/p>\n","protected":false},"excerpt":{"rendered":"<p>Obra ganhadora \u00e9 de autoria do padre Erivaldo Dantas e evidencia tem\u00e1tica proposta para o ano de 2019: \u201cFraternidade e Pol\u00edticas P\u00fablicas\u201d<\/p>\n","protected":false},"author":83,"featured_media":0,"comment_status":"closed","ping_status":"open","sticky":false,"template":"","format":"standard","meta":{"site-sidebar-layout":"default","site-content-layout":"default","ast-global-header-display":"","ast-banner-title-visibility":"","ast-main-header-display":"","ast-hfb-above-header-display":"","ast-hfb-below-header-display":"","ast-hfb-mobile-header-display":"","site-post-title":"","ast-breadcrumbs-content":"","ast-featured-img":"","footer-sml-layout":"","theme-transparent-header-meta":"","adv-header-id-meta":"","stick-header-meta":"","header-above-stick-meta":"","header-main-stick-meta":"","header-below-stick-meta":""},"categories":[759,760],"tags":[],"acf":[],"_links":{"self":[{"href":"https:\/\/www.cnbb.org.br\/cnbb-app\/wp\/v2\/posts\/30922"}],"collection":[{"href":"https:\/\/www.cnbb.org.br\/cnbb-app\/wp\/v2\/posts"}],"about":[{"href":"https:\/\/www.cnbb.org.br\/cnbb-app\/wp\/v2\/types\/post"}],"author":[{"embeddable":true,"href":"https:\/\/www.cnbb.org.br\/cnbb-app\/wp\/v2\/users\/83"}],"replies":[{"embeddable":true,"href":"https:\/\/www.cnbb.org.br\/cnbb-app\/wp\/v2\/comments?post=30922"}],"version-history":[{"count":0,"href":"https:\/\/www.cnbb.org.br\/cnbb-app\/wp\/v2\/posts\/30922\/revisions"}],"wp:attachment":[{"href":"https:\/\/www.cnbb.org.br\/cnbb-app\/wp\/v2\/media?parent=30922"}],"wp:term":[{"taxonomy":"category","embeddable":true,"href":"https:\/\/www.cnbb.org.br\/cnbb-app\/wp\/v2\/categories?post=30922"},{"taxonomy":"post_tag","embeddable":true,"href":"https:\/\/www.cnbb.org.br\/cnbb-app\/wp\/v2\/tags?post=30922"}],"curies":[{"name":"wp","href":"https:\/\/api.w.org\/{rel}","templated":true}]}}