{"id":30940,"date":"2018-07-09T00:00:00","date_gmt":"2018-07-09T03:00:00","guid":{"rendered":"https:\/\/www.cnbb.org.br\/oracao-do-angelus-de-8-de-julho-a-falta-de-fe-e-um-obstaculo-a-graca-de-deus\/"},"modified":"2018-07-09T00:00:00","modified_gmt":"2018-07-09T03:00:00","slug":"oracao-do-angelus-de-8-de-julho-a-falta-de-fe-e-um-obstaculo-a-graca-de-deus","status":"publish","type":"post","link":"https:\/\/www.cnbb.org.br\/oracao-do-angelus-de-8-de-julho-a-falta-de-fe-e-um-obstaculo-a-graca-de-deus\/","title":{"rendered":"Ora\u00e7\u00e3o do &#8220;Angelus&#8221; de 8 de julho: a falta de f\u00e9 \u00e9 um obst\u00e1culo \u00e0 gra\u00e7a de Deus"},"content":{"rendered":"<p style=\"text-align: justify\">Na alocu\u00e7\u00e3o que precedeu a ora\u00e7\u00e3o mariana do Angelus no domingo, 08 de julho, o Papa Francisco falou do &#8220;esc\u00e2ndalo da encarna\u00e7\u00e3o&#8221;.<\/p>\n<p style=\"text-align: justify\"><strong>Bianca Fraccalvieri<\/strong> &#8211; Cidade do Vaticano\/ <em>Vatican News<\/em><\/p>\n<p style=\"text-align: justify\">Devemos nos esfor\u00e7ar para abrir o cora\u00e7\u00e3o e a mente, para acolher a realidade divina que vem ao nosso encontro: este foi o convite que o Papa Francisco fez este domingo, 8 de julho, ao rezar com os fi\u00e9is e peregrinos na Pra\u00e7a S. Pedro a ora\u00e7\u00e3o do Angelus.<\/p>\n<p style=\"text-align: justify\"><strong>Um profeta s\u00f3 n\u00e3o \u00e9 estimado em sua p\u00e1tria<\/strong><br \/>\nEm sua alocu\u00e7\u00e3o, o Pont\u00edfice comentou o Evangelho do dia, em que Jesus volta a Nazar\u00e9 e come\u00e7a a ensinar na sinagoga.<\/p>\n<p style=\"text-align: justify\">Desde que havia ido embora e iniciado a pregar nos povoados e nos vilarejos das redondezas, n\u00e3o tinha mais regressado \u00e0 sua p\u00e1tria. Portanto, toda a cidadezinha se reuniu para ouvir Jesus.<\/p>\n<p style=\"text-align: justify\">Mas aquilo que se anunciava um sucesso, se transformou numa \u201cclamorosa rejei\u00e7\u00e3o\u201d, a ponto que Jesus n\u00e3o p\u00f4de realizar nenhum milagre, mas somente curar alguns doentes.<\/p>\n<p style=\"text-align: justify\">Jesus utiliza uma express\u00e3o que se tornou proverbial: &#8220;Um profeta s\u00f3 n\u00e3o \u00e9 estimado em sua p\u00e1tria&#8221;.<\/p>\n<p style=\"text-align: justify\"><strong>Esc\u00e2ndalo da encarna\u00e7\u00e3o<\/strong><br \/>\nO Papa explica essa transforma\u00e7\u00e3o dos habitantes de Nazar\u00e9 porque eles fazem uma compara\u00e7\u00e3o entre a humilde origem de Jesus e as suas capacidades atuais: de um carpinteiro semestudos, se torna um pregador melhor que os escribas. E ao inv\u00e9s de se abrirem \u00e0 realidade, se escandalizam.<\/p>\n<p style=\"text-align: justify\">\u201c\u00c9 o esc\u00e2ndalo da encarna\u00e7\u00e3o: o evento desconcertante de um Deus feito carne, que pensa com a mente de um homem, trabalha e atua com as m\u00e3os de um homem, ama com cora\u00e7\u00e3o de homem, um Deus que fadiga, come e dorme como um de n\u00f3s. \u201d<\/p>\n<p style=\"text-align: justify\">O Filho de Deus, prosseguiu o Papa, inverte todo esquema humano: n\u00e3o s\u00e3o os disc\u00edpulos que lavam os p\u00e9s ao Senhor, mas \u00e9 o Senhor que lava os p\u00e9s aos disc\u00edpulos. \u201cEste \u00e9 um motivo de esc\u00e2ndalo e de incredulidade em todas as \u00e9pocas, inclusive hoje.\u201d<\/p>\n<p style=\"text-align: justify\"><strong>Ter f\u00e9<\/strong><br \/>\nA invers\u00e3o provocada por Jesus implica aos seus disc\u00edpulos de ontem e de hoje analisar a vida pessoal e comunit\u00e1ria. O Senhor nos convida a assumir uma atitude de escuta humilde e de espera d\u00f3cil, porque a gra\u00e7a de Deus com frequ\u00eancia se apresenta a n\u00f3s de maneira surpreendente, que n\u00e3o corresponde \u00e0s nossas expectativas. E citou como exemplo Madre Teresa de Calcut\u00e1, que &#8220;revolucionou a caridade na Igreja&#8221;.<br \/>\n\u201c Deus n\u00e3o se conforma aos preconceitos. Devemos nos esfor\u00e7ar para abrir o cora\u00e7\u00e3o e a mente, para acolher a realidade divina que vem ao nosso encontro. Trata-se de ter f\u00e9: a falta de f\u00e9 \u00e9 um obst\u00e1culo \u00e0 gra\u00e7a de Deus. \u201d<\/p>\n<p style=\"text-align: justify\">Muitos batizados, afirma Francisco, vivem como se Cristo n\u00e3o existisse: repetem-se os gestos e os sinais da f\u00e9, mas a eles n\u00e3o corresponde uma real ades\u00e3o \u00e0 pessoa de Jesus e ao seu Evangelho.<\/p>\n<p style=\"text-align: justify\"><strong>Vida coerente<\/strong><br \/>\nAo inv\u00e9s, todo crist\u00e3o \u00e9 chamado a aprofundar esta perten\u00e7a fundamental, buscando testemunh\u00e1-la com uma conduta de vida coerente, cujo fio condutor \u00e9 a caridade.<\/p>\n<p style=\"text-align: justify\">\u201cPe\u00e7amos ao Senhor, por intercess\u00e3o da Virgem Maria, que dissolva a dureza dos cora\u00e7\u00f5es e a limita\u00e7\u00e3o da mente, para que estejamos abertos \u00e0 sua gra\u00e7a, \u00e0 sua verdade e \u00e0 sua miss\u00e3o de bondade e de miseric\u00f3rdia, que \u00e9 endere\u00e7ada a todos, sem qualquer exclus\u00e3o.\u201d<\/p>\n","protected":false},"excerpt":{"rendered":"<p>&#8220;Pe\u00e7amos ao Senhor que dissolva a dureza dos cora\u00e7\u00f5es e a limita\u00e7\u00e3o da mente, para que estejamos abertos \u00e0 sua gra\u00e7a&#8221; disse o Papa<\/p>\n","protected":false},"author":83,"featured_media":30941,"comment_status":"closed","ping_status":"open","sticky":false,"template":"","format":"standard","meta":{"site-sidebar-layout":"default","site-content-layout":"default","ast-global-header-display":"","ast-banner-title-visibility":"","ast-main-header-display":"","ast-hfb-above-header-display":"","ast-hfb-below-header-display":"","ast-hfb-mobile-header-display":"","site-post-title":"","ast-breadcrumbs-content":"","ast-featured-img":"","footer-sml-layout":"","theme-transparent-header-meta":"","adv-header-id-meta":"","stick-header-meta":"","header-above-stick-meta":"","header-main-stick-meta":"","header-below-stick-meta":""},"categories":[784],"tags":[],"acf":[],"_links":{"self":[{"href":"https:\/\/www.cnbb.org.br\/cnbb-app\/wp\/v2\/posts\/30940"}],"collection":[{"href":"https:\/\/www.cnbb.org.br\/cnbb-app\/wp\/v2\/posts"}],"about":[{"href":"https:\/\/www.cnbb.org.br\/cnbb-app\/wp\/v2\/types\/post"}],"author":[{"embeddable":true,"href":"https:\/\/www.cnbb.org.br\/cnbb-app\/wp\/v2\/users\/83"}],"replies":[{"embeddable":true,"href":"https:\/\/www.cnbb.org.br\/cnbb-app\/wp\/v2\/comments?post=30940"}],"version-history":[{"count":0,"href":"https:\/\/www.cnbb.org.br\/cnbb-app\/wp\/v2\/posts\/30940\/revisions"}],"wp:featuredmedia":[{"embeddable":true,"href":"https:\/\/www.cnbb.org.br\/cnbb-app\/wp\/v2\/media\/30941"}],"wp:attachment":[{"href":"https:\/\/www.cnbb.org.br\/cnbb-app\/wp\/v2\/media?parent=30940"}],"wp:term":[{"taxonomy":"category","embeddable":true,"href":"https:\/\/www.cnbb.org.br\/cnbb-app\/wp\/v2\/categories?post=30940"},{"taxonomy":"post_tag","embeddable":true,"href":"https:\/\/www.cnbb.org.br\/cnbb-app\/wp\/v2\/tags?post=30940"}],"curies":[{"name":"wp","href":"https:\/\/api.w.org\/{rel}","templated":true}]}}