{"id":30945,"date":"2018-07-09T00:00:00","date_gmt":"2018-07-09T03:00:00","guid":{"rendered":"https:\/\/www.cnbb.org.br\/nossa-senhora-do-carmo-2\/"},"modified":"2018-07-09T00:00:00","modified_gmt":"2018-07-09T03:00:00","slug":"nossa-senhora-do-carmo-2","status":"publish","type":"post","link":"https:\/\/www.cnbb.org.br\/nossa-senhora-do-carmo-2\/","title":{"rendered":"Nossa Senhora do Carmo"},"content":{"rendered":"<p style=\"text-align: right\"><strong>Dom Fernando Ar\u00eaas Rifan<br \/>\n<\/strong><strong>Bispo da Administra\u00e7\u00e3o Apost\u00f3lica Pessoal S\u00e3o Jo\u00e3o Maria Vianney<\/strong><\/p>\n<p>&nbsp;<\/p>\n<p style=\"text-align: justify\">Uma data importante no m\u00eas de julho, dia 16, \u00e9 a festa de Nossa Senhora do Carmo ou do Monte Carmelo, em cuja novena preparat\u00f3ria estamos.<\/p>\n<p style=\"text-align: justify\">Quase na divisa com o L\u00edbano, o monte Carmelo, com 600 metros de altitude, situa-se na terra de Israel. \u201cCarmo\u201d, em hebraico, significa \u201cvinha\u201d e \u201cEl\u201d significa \u201cSenhor\u201d, donde Carmelo significa a vinha do Senhor. Ali se refugiou o profeta Elias, que l\u00e1 realizou grandes prod\u00edgios, e depois o seu sucessor, Eliseu. Eles reuniram no monte Carmelo os seus disc\u00edpulos e com eles viviam em ermidas. Na pequena nuvem portadora da chuva ap\u00f3s a grande seca, Elias viu simbolicamente Maria, a futura m\u00e3e do Messias esperado.<\/p>\n<p style=\"text-align: justify\">Assim, Maria foi venerada profeticamente por esses eremitas e, depois da vinda de Cristo, por seus sucessores crist\u00e3os, como Nossa Senhora do Monte Carmelo.<\/p>\n<p style=\"text-align: justify\">No s\u00e9culo XII, os mu\u00e7ulmanos conquistaram a Terra Santa e come\u00e7aram a perseguir os crist\u00e3os, entre eles os eremitas do Monte Carmelo, muitos dos quais fugiram para a Europa. No ano 1241, o Bar\u00e3o de Grey da Inglaterra retornava das Cruzadas com os ex\u00e9rcitos crist\u00e3os, convocados para defender e proteger contra os mu\u00e7ulmanos os peregrinos dos Lugares Santos, e trouxe consigo um grupo de religiosos do Monte Carmelo, doando-lhes uma casa no povoado de Aylesford. Juntou-se a eles um eremita chamado Sim\u00e3o Stock, ingl\u00eas de fam\u00edlia ilustre do condado de Kent. De tal modo se distinguiu na vida religiosa, que os Carmelitas o elegeram como Superior Geral da Ordem, que j\u00e1 se espalhara pela Europa.<\/p>\n<p style=\"text-align: justify\">No dia <u>16 de julho<\/u> de 1251, no seu convento de Cambridge, na Inglaterra, rezava o santo para que Nossa Senhora lhe desse um sinal do seu maternal carinho para com a Ordem do Carmo, por ela t\u00e3o amada, mas ent\u00e3o muito perseguida. A Virgem Sant\u00edssima ouviu essas preces fervorosas de S\u00e3o Sim\u00e3o Stock, dando-lhe, como prova do seu carinho e de seu amor por aquela Ordem, o Escapul\u00e1rio marrom, como veste de prote\u00e7\u00e3o, fazendo-lhe a c\u00e9lebre e consoladora promessa: \u201cRecebe, meu filho, este Escapul\u00e1rio da tua Ordem, que ser\u00e1 o penhor do privil\u00e9gio que eu alcancei para ti e para todos os filhos do Carmo. Todo aquele que morrer com este Escapul\u00e1rio ser\u00e1 preservado do fogo eterno. \u00c9, pois, um sinal de salva\u00e7\u00e3o, uma defesa nos perigos e um penhor da minha especial prote\u00e7\u00e3o\u201d.<\/p>\n<p style=\"text-align: justify\">O Papa Pio XII, em carta a todos os carmelitas (11\/2\/1950), escreveu que entre as manifesta\u00e7\u00f5es da devo\u00e7\u00e3o \u00e0 Sant\u00edssima Virgem \u201cdevemos colocar em primeiro lugar a devo\u00e7\u00e3o do Escapul\u00e1rio de Nossa Senhora do Carmo que, pela sua simplicidade, ao alcance de todos, e pelos abundantes frutos de santifica\u00e7\u00e3o, se encontra extensamente divulgada entre os fi\u00e9is crist\u00e3os\u201d. Mas faz uma advert\u00eancia sobre sua efic\u00e1cia, para que n\u00e3o seja usado como supersti\u00e7\u00e3o: \u201cO sagrado Escapul\u00e1rio, como veste mariana, \u00e9 penhor e sinal da prote\u00e7\u00e3o de Deus; mas n\u00e3o julgue quem o usar poder conseguir a vida eterna, abandonando-se \u00e0 indol\u00eancia e \u00e0 pregui\u00e7a espiritual\u201d.<\/p>\n","protected":false},"excerpt":{"rendered":"<p>Dom Fernando Ar\u00eaas Rifan Bispo da Administra\u00e7\u00e3o Apost\u00f3lica Pessoal S\u00e3o Jo\u00e3o Maria Vianney &nbsp; Uma data importante no m\u00eas de julho, dia 16, \u00e9 a festa de Nossa Senhora do Carmo ou do Monte Carmelo, em cuja novena preparat\u00f3ria estamos. Quase na divisa com o L\u00edbano, o monte Carmelo, com 600 metros de altitude, situa-se &hellip;<\/p>\n<p class=\"read-more\"> <a class=\"\" href=\"https:\/\/www.cnbb.org.br\/nossa-senhora-do-carmo-2\/\"> <span class=\"screen-reader-text\">Nossa Senhora do Carmo<\/span> Leia mais &raquo;<\/a><\/p>\n","protected":false},"author":29,"featured_media":0,"comment_status":"closed","ping_status":"open","sticky":false,"template":"","format":"standard","meta":{"site-sidebar-layout":"default","site-content-layout":"default","ast-global-header-display":"","ast-banner-title-visibility":"","ast-main-header-display":"","ast-hfb-above-header-display":"","ast-hfb-below-header-display":"","ast-hfb-mobile-header-display":"","site-post-title":"","ast-breadcrumbs-content":"","ast-featured-img":"","footer-sml-layout":"","theme-transparent-header-meta":"","adv-header-id-meta":"","stick-header-meta":"","header-above-stick-meta":"","header-main-stick-meta":"","header-below-stick-meta":""},"categories":[758],"tags":[],"acf":[],"_links":{"self":[{"href":"https:\/\/www.cnbb.org.br\/cnbb-app\/wp\/v2\/posts\/30945"}],"collection":[{"href":"https:\/\/www.cnbb.org.br\/cnbb-app\/wp\/v2\/posts"}],"about":[{"href":"https:\/\/www.cnbb.org.br\/cnbb-app\/wp\/v2\/types\/post"}],"author":[{"embeddable":true,"href":"https:\/\/www.cnbb.org.br\/cnbb-app\/wp\/v2\/users\/29"}],"replies":[{"embeddable":true,"href":"https:\/\/www.cnbb.org.br\/cnbb-app\/wp\/v2\/comments?post=30945"}],"version-history":[{"count":0,"href":"https:\/\/www.cnbb.org.br\/cnbb-app\/wp\/v2\/posts\/30945\/revisions"}],"wp:attachment":[{"href":"https:\/\/www.cnbb.org.br\/cnbb-app\/wp\/v2\/media?parent=30945"}],"wp:term":[{"taxonomy":"category","embeddable":true,"href":"https:\/\/www.cnbb.org.br\/cnbb-app\/wp\/v2\/categories?post=30945"},{"taxonomy":"post_tag","embeddable":true,"href":"https:\/\/www.cnbb.org.br\/cnbb-app\/wp\/v2\/tags?post=30945"}],"curies":[{"name":"wp","href":"https:\/\/api.w.org\/{rel}","templated":true}]}}