{"id":30964,"date":"2018-07-11T00:00:00","date_gmt":"2018-07-11T03:00:00","guid":{"rendered":"https:\/\/www.cnbb.org.br\/cimi-rebate-na-onu-que-as-demarcacoes-de-terras-indigenas-estao-avancando\/"},"modified":"2018-07-11T00:00:00","modified_gmt":"2018-07-11T03:00:00","slug":"cimi-rebate-na-onu-que-as-demarcacoes-de-terras-indigenas-estao-avancando","status":"publish","type":"post","link":"https:\/\/www.cnbb.org.br\/cimi-rebate-na-onu-que-as-demarcacoes-de-terras-indigenas-estao-avancando\/","title":{"rendered":"Cimi rebate, na ONU, que as demarca\u00e7\u00f5es de terras ind\u00edgenas est\u00e3o avan\u00e7ando"},"content":{"rendered":"<p style=\"text-align: justify\">Representa\u00e7\u00e3o do Brasil no Conselho de Direitos Humanos havia citado dados incompletos sobre demarca\u00e7\u00f5es de terras ind\u00edgenas. Em resposta, Cimi denunciou a paralisa\u00e7\u00e3o das demarca\u00e7\u00f5es e Parecer 001\/2017 da AGU. Veja a \u00edntegra da mat\u00e9ria:\u00a0https:\/\/<a href=\"https:\/\/www.cimi.org.br\/2018\/07\/na-onu-cimi-rebate-afirmacao-do-brasil-de-que-demarcacoes-estao-avancando\/\" target=\"_blank\" rel=\"noopener\">www.cimi.org.br<\/a><\/p>\n","protected":false},"excerpt":{"rendered":"<p>Representa\u00e7\u00e3o do Brasil no Conselho de Direitos Humanos citou dados incompletos sobre demarca\u00e7\u00f5es de terras ind\u00edgenas<\/p>\n","protected":false},"author":83,"featured_media":30965,"comment_status":"closed","ping_status":"open","sticky":false,"template":"","format":"standard","meta":{"site-sidebar-layout":"default","site-content-layout":"default","ast-global-header-display":"","ast-banner-title-visibility":"","ast-main-header-display":"","ast-hfb-above-header-display":"","ast-hfb-below-header-display":"","ast-hfb-mobile-header-display":"","site-post-title":"","ast-breadcrumbs-content":"","ast-featured-img":"","footer-sml-layout":"","theme-transparent-header-meta":"","adv-header-id-meta":"","stick-header-meta":"","header-above-stick-meta":"","header-main-stick-meta":"","header-below-stick-meta":""},"categories":[763,762],"tags":[],"acf":[],"_links":{"self":[{"href":"https:\/\/www.cnbb.org.br\/cnbb-app\/wp\/v2\/posts\/30964"}],"collection":[{"href":"https:\/\/www.cnbb.org.br\/cnbb-app\/wp\/v2\/posts"}],"about":[{"href":"https:\/\/www.cnbb.org.br\/cnbb-app\/wp\/v2\/types\/post"}],"author":[{"embeddable":true,"href":"https:\/\/www.cnbb.org.br\/cnbb-app\/wp\/v2\/users\/83"}],"replies":[{"embeddable":true,"href":"https:\/\/www.cnbb.org.br\/cnbb-app\/wp\/v2\/comments?post=30964"}],"version-history":[{"count":0,"href":"https:\/\/www.cnbb.org.br\/cnbb-app\/wp\/v2\/posts\/30964\/revisions"}],"wp:featuredmedia":[{"embeddable":true,"href":"https:\/\/www.cnbb.org.br\/cnbb-app\/wp\/v2\/media\/30965"}],"wp:attachment":[{"href":"https:\/\/www.cnbb.org.br\/cnbb-app\/wp\/v2\/media?parent=30964"}],"wp:term":[{"taxonomy":"category","embeddable":true,"href":"https:\/\/www.cnbb.org.br\/cnbb-app\/wp\/v2\/categories?post=30964"},{"taxonomy":"post_tag","embeddable":true,"href":"https:\/\/www.cnbb.org.br\/cnbb-app\/wp\/v2\/tags?post=30964"}],"curies":[{"name":"wp","href":"https:\/\/api.w.org\/{rel}","templated":true}]}}