{"id":30996,"date":"2018-07-16T00:00:00","date_gmt":"2018-07-16T03:00:00","guid":{"rendered":"https:\/\/www.cnbb.org.br\/coordenacao-colegiada-da-mesa-pro-bice-brasil-se-reune-em-brasilia-para-encaminhar-acoes\/"},"modified":"2020-03-11T17:09:43","modified_gmt":"2020-03-11T20:09:43","slug":"coordenacao-colegiada-da-mesa-pro-bice-brasil-se-reune-em-brasilia-para-encaminhar-acoes","status":"publish","type":"post","link":"https:\/\/www.cnbb.org.br\/coordenacao-colegiada-da-mesa-pro-bice-brasil-se-reune-em-brasilia-para-encaminhar-acoes\/","title":{"rendered":"Coordena\u00e7\u00e3o Colegiada da Mesa pro Bice Brasil se re\u00fane para encaminhar a\u00e7\u00f5es"},"content":{"rendered":"<figure id=\"attachment_197191\" aria-describedby=\"caption-attachment-197191\" style=\"width: 300px\" class=\"wp-caption alignright\"><img decoding=\"async\" loading=\"lazy\" class=\"wp-image-197191 size-medium\" src=\"https:\/\/www.cnbb.org.br\/wp-content\/uploads\/2020\/03\/IMG_1510-scaled.jpg\" alt=\"\" width=\"300\" height=\"200\" \/><figcaption id=\"caption-attachment-197191\" class=\"wp-caption-text\">Membros da Coordena\u00e7\u00e3o Colegiada da Mesa Bice Brasil com membro da Funda\u00e7\u00e3o Esquel. Foto: Assessoria de Imprensa\/Matheus de Souza<\/figcaption><\/figure>\n<p style=\"text-align: justify\">A coordena\u00e7\u00e3o colegiada da Mesa pro Bice Brasil se reuniu na manh\u00e3 da sexta-feira, 13 de julho, em Bras\u00edlia (DF) na sede da Confer\u00eancia Nacional dos Bispos do Brasil (CNBB) com o objetivo de alinhar as a\u00e7\u00f5es do projeto: \u201cMobiliza\u00e7\u00e3o, incid\u00eancia pol\u00edtica e monitoramento da situa\u00e7\u00e3o dos Direitos da Crian\u00e7a e Universal \u2013 RPU (4\u00ba Ciclo ONU)\u201d, que conta com aporte do Fundo Nacional de Solidariedade da Igreja no Brasil.<\/p>\n<p style=\"text-align: justify\">Os membros da coordena\u00e7\u00e3o colegiada Aldiza Soares (Pastoral da Crian\u00e7a), Francine Junqueira (Uni\u00e3o Marista do Brasil) e Leon Patrick (C\u00e1ritas Nacional) pensaram a\u00e7\u00f5es para avan\u00e7ar na consolida\u00e7\u00e3o da proposta de trabalho da Mesa Bice da Am\u00e9rica Latina (Argentina, Brasil, Chile e Guatemala), cujo foco de a\u00e7\u00e3o se d\u00e1 por meio de tr\u00eas eixos: Viol\u00eancia, Educa\u00e7\u00e3o e Migra\u00e7\u00e3o.<\/p>\n<p style=\"text-align: justify\">Entre as a\u00e7\u00f5es planejadas, merece destaque a produ\u00e7\u00e3o de uma Nota T\u00e9cnica sobre a viol\u00eancia contra crian\u00e7as e adolescentes no Brasil no pr\u00f3ximo semestre. A coordena\u00e7\u00e3o do projeto tamb\u00e9m produzir\u00e1 um informe sobre migra\u00e7\u00e3o com enfoque na situa\u00e7\u00e3o das crian\u00e7as e adolescentes no pa\u00eds.<\/p>\n<p style=\"text-align: justify\">Segundo Aldiza Soares, representante da Pastoral da Crian\u00e7a, a reuni\u00e3o conseguiu avan\u00e7ar no desenho das estrat\u00e9gias propostas para o Brasil e tamb\u00e9m para a Am\u00e9rica Latina. A reuni\u00e3o ainda contou com as participa\u00e7\u00f5es, por meio do \u201cSkype\u201d, do representante do Conselho Administrativo do Bice Internacional, o irm\u00e3o marista \u00c1lvaro Sep\u00falveda, direto de Roma; e presencialmente do representante da Funda\u00e7\u00e3o Esquel brasileira, Silvio Santana.<\/p>\n<p style=\"text-align: justify\">A Mesa pro Bice Brasil conta com 11 (onze) organiza\u00e7\u00f5es destinadas em sua miss\u00e3o a renovar, permanentemente, a viv\u00eancia do compromisso com a dignidade das crian\u00e7as e dos adolescentes, por meio da promo\u00e7\u00e3o, prote\u00e7\u00e3o e defesa de seus direitos. Integram-na al\u00e9m da Confer\u00eancia Nacional dos Bispos do Brasil, a Pastoral da Crian\u00e7a, a Confer\u00eancia dos Religiosos do Brasil (CRB), a C\u00e1ritas Brasileira, a Pastoral do Menor, a Associa\u00e7\u00e3o Nacional de Educa\u00e7\u00e3o Cat\u00f3lica do Brasil (ANEC), a Rede Jesu\u00edta Brasil, a Rede La Salle, a Rede Salesiana do Brasil, a Uni\u00e3o Marista do Brasil e o Bureau Internacional Catholique de l&#8217;Enfance (Bice).<\/p>\n","protected":false},"excerpt":{"rendered":"<p>Entre as a\u00e7\u00f5es planejadas, merece destaque a produ\u00e7\u00e3o de uma Nota T\u00e9cnica sobre a viol\u00eancia contra crian\u00e7as e adolescentes no Brasil<\/p>\n","protected":false},"author":83,"featured_media":30997,"comment_status":"closed","ping_status":"open","sticky":false,"template":"","format":"standard","meta":{"site-sidebar-layout":"default","site-content-layout":"default","ast-global-header-display":"","ast-banner-title-visibility":"","ast-main-header-display":"","ast-hfb-above-header-display":"","ast-hfb-below-header-display":"","ast-hfb-mobile-header-display":"","site-post-title":"","ast-breadcrumbs-content":"","ast-featured-img":"","footer-sml-layout":"","theme-transparent-header-meta":"","adv-header-id-meta":"","stick-header-meta":"","header-above-stick-meta":"","header-main-stick-meta":"","header-below-stick-meta":""},"categories":[1],"tags":[],"acf":[],"_links":{"self":[{"href":"https:\/\/www.cnbb.org.br\/cnbb-app\/wp\/v2\/posts\/30996"}],"collection":[{"href":"https:\/\/www.cnbb.org.br\/cnbb-app\/wp\/v2\/posts"}],"about":[{"href":"https:\/\/www.cnbb.org.br\/cnbb-app\/wp\/v2\/types\/post"}],"author":[{"embeddable":true,"href":"https:\/\/www.cnbb.org.br\/cnbb-app\/wp\/v2\/users\/83"}],"replies":[{"embeddable":true,"href":"https:\/\/www.cnbb.org.br\/cnbb-app\/wp\/v2\/comments?post=30996"}],"version-history":[{"count":0,"href":"https:\/\/www.cnbb.org.br\/cnbb-app\/wp\/v2\/posts\/30996\/revisions"}],"wp:featuredmedia":[{"embeddable":true,"href":"https:\/\/www.cnbb.org.br\/cnbb-app\/wp\/v2\/media\/30997"}],"wp:attachment":[{"href":"https:\/\/www.cnbb.org.br\/cnbb-app\/wp\/v2\/media?parent=30996"}],"wp:term":[{"taxonomy":"category","embeddable":true,"href":"https:\/\/www.cnbb.org.br\/cnbb-app\/wp\/v2\/categories?post=30996"},{"taxonomy":"post_tag","embeddable":true,"href":"https:\/\/www.cnbb.org.br\/cnbb-app\/wp\/v2\/tags?post=30996"}],"curies":[{"name":"wp","href":"https:\/\/api.w.org\/{rel}","templated":true}]}}