{"id":310303,"date":"2021-06-18T10:53:47","date_gmt":"2021-06-18T13:53:47","guid":{"rendered":"https:\/\/www.cnbb.org.br\/?p=310303"},"modified":"2021-06-18T10:54:07","modified_gmt":"2021-06-18T13:54:07","slug":"semana-nacional-das-migracoes","status":"publish","type":"post","link":"https:\/\/www.cnbb.org.br\/semana-nacional-das-migracoes\/","title":{"rendered":"Semana Nacional das Migra\u00e7\u00f5es"},"content":{"rendered":"<p style=\"text-align: right;\"><strong>Dom Rodolfo Lu\u00eds Weber\u00a0<\/strong><br \/>\n<strong>Arcebispo de Passo Fundo (RS)<\/strong><\/p>\n<p>&nbsp;<\/p>\n<p style=\"text-align: justify;\">\u00a0\u00a0\u00a0\u00a0\u00a0\u00a0\u00a0\u00a0\u00a0\u00a0\u00a0 Vivenciamos de 13 a 20 de junho a 36\u00aa Semana Nacional do Migrante no Brasil, com o lema <em>Migra\u00e7\u00e3o e di\u00e1logo: quem bate \u00e0 nossa porta? <\/em>O convite \u00e9 para dialogar sobre as migra\u00e7\u00f5es, pois elas s\u00e3o permanentes na hist\u00f3ria passada e presente da humanidade. A cada dia indiv\u00edduos, fam\u00edlias, ou grupos saem de seu lugar de origem e v\u00e3o para outros lugares dentro do mesmo pa\u00eds ou fora do pa\u00eds. As motiva\u00e7\u00f5es e as condi\u00e7\u00f5es dos que partem s\u00e3o as mais variadas poss\u00edveis. Uns partem e se mudam de forma planejada j\u00e1 tendo lugar para residir, emprego e garantias. Outros saem fugindo por raz\u00f5es de sobreviv\u00eancia, portanto sem possibilidade de planejamento. Estes n\u00e3o t\u00eam destino definido, nem recursos financeiros, nem documenta\u00e7\u00e3o. S\u00e3o os mais vulner\u00e1veis e os mais necessitados de acolhida, prote\u00e7\u00e3o e inser\u00e7\u00e3o.<\/p>\n<p style=\"text-align: justify;\">\u00a0\u00a0\u00a0\u00a0\u00a0\u00a0\u00a0\u00a0\u00a0\u00a0\u00a0 Dialogar sobre tudo que envolve as migra\u00e7\u00f5es se faz necess\u00e1rio. Migrar \u00e9 um direito fundamental assegurado pela Declara\u00e7\u00e3o Universal dos Direitos Humanos, conforme o art.13\u00b0 1. \u201cToda a pessoa tem o direito de livremente circular e escolher a sua resid\u00eancia no interior de um Estado. 2.Toda a pessoa tem o direito de abandonar o pa\u00eds em que se encontra, incluindo o seu, e o direito de regressar ao seu pa\u00eds\u201d.<\/p>\n<p style=\"text-align: justify;\">\u00a0\u00a0\u00a0\u00a0\u00a0\u00a0\u00a0\u00a0\u00a0\u00a0\u00a0 Mesmo sendo um direito da pessoa mudar-se, dentro do seu pa\u00eds ou deixar o pa\u00eds e morar em outro, a concretiza\u00e7\u00e3o deste direito \u00e9 complexo e exigente. Em primeiro lugar, cada pa\u00eds tem direito a ter uma legisla\u00e7\u00e3o sobre os migrantes. Est\u00e3o sujeitos a esta lei os habitantes do pa\u00eds que acolhem e os imigrantes que ingressam nesta p\u00e1tria. A Declara\u00e7\u00e3o tamb\u00e9m diz no art. 29\u00b0 \u201cO indiv\u00edduo tem deveres para com a comunidade, fora da qual n\u00e3o \u00e9 poss\u00edvel o livre e pleno desenvolvimento da sua personalidade\u201d.<\/p>\n<p style=\"text-align: justify;\">\u00a0\u00a0\u00a0\u00a0\u00a0\u00a0\u00a0\u00a0\u00a0\u00a0\u00a0 A parte legal \u00e9 importante e necess\u00e1ria. Por\u00e9m n\u00e3o \u00e9 suficiente, a esta se acrescenta a dimens\u00e3o humanit\u00e1ria em rela\u00e7\u00e3o aos imigrantes. \u00c9 a postura de acolhida, de prote\u00e7\u00e3o, de promo\u00e7\u00e3o e de integra\u00e7\u00e3o dos mesmos no novo ambiente que vivem. Para orientar os cat\u00f3licos e a todas pessoas de boa vontade sobre a terra, h\u00e1 107 anos a Igreja Cat\u00f3lica celebra Dia Mundial do Migrante e Refugiado. A mensagem do Papa Francisco para este ano traz o t\u00edtulo: <em>Rumo a um n\u00f3s cada vez maior. <\/em>Nela o papa recorda que \u201cna realidade, estamos todos no mesmo barco e somos chamados a empenhar-nos para que n\u00e3o existam mais muros que nos separam, nem existam mais os<em> outros<\/em>, mas s\u00f3 um<em> n\u00f3s<\/em>, do tamanho da humanidade inteira.<\/p>\n<p style=\"text-align: justify;\">\u00a0\u00a0\u00a0\u00a0\u00a0\u00a0\u00a0\u00a0\u00a0\u00a0\u00a0 O papa Francisco, falando diretamente aos cat\u00f3licos, lembra os cat\u00f3licos: \u201cH\u00e1 um s\u00f3 corpo e um s\u00f3 Esp\u00edrito, como tamb\u00e9m \u00e9 uma s\u00f3 a esperan\u00e7a (&#8230;). H\u00e1 um Senhor, uma s\u00f3 f\u00e9, um s\u00f3 batismo\u201d (Ef\u00e9sios 4,4-5). A catolicidade da Igreja e a sua universalidade \u00e9 uma realidade que requer ser acolhida e vivida. O Esp\u00edrito de Deus \u201ctorna-nos capazes de abra\u00e7ar a todos para se fazer comunh\u00e3o na diversidade, harmonizando as diferen\u00e7as sem nunca impor uma uniformidade que despersonaliza. No encontro com a diversidade dos estrangeiros, dos migrantes, dos refugiados e o di\u00e1logo intercultural que da\u00ed pode brotar, \u00e9-nos dada a oportunidade de crescer como Igreja, enriquecendo-nos mutuamente. Com efeito, todo o batizado, onde quer que se encontre, \u00e9 membro de pleno direito da comunidade eclesial local e membro da \u00fanica Igreja, habitante na \u00fanica casa, componente da \u00fanica fam\u00edlia. (&#8230;) O encontro com migrantes e refugiados de outras confiss\u00f5es e religi\u00f5es \u00e9 um terreno fecundo para o desenvolvimento de um di\u00e1logo ecum\u00eanico e inter-religioso sincero e enriquecedor\u201d<\/p>\n<p style=\"text-align: justify;\">\u00a0 \u00a0 \u00a0 \u00a0 \u00a0 \u201cA todos os homens e mulheres da terra, apelo a caminharem juntos rumo a um n\u00f3s cada vez maior, a recomporem a fam\u00edlia humana, a fim de construirmos em conjunto o nosso futuro de justi\u00e7a e paz, tendo o cuidado de ningu\u00e9m ficar exclu\u00eddo\u201d.<\/p>\n","protected":false},"excerpt":{"rendered":"<p>Dom Rodolfo Lu\u00eds Weber\u00a0 Arcebispo de Passo Fundo (RS) &nbsp; \u00a0\u00a0\u00a0\u00a0\u00a0\u00a0\u00a0\u00a0\u00a0\u00a0\u00a0 Vivenciamos de 13 a 20 de junho a 36\u00aa Semana Nacional do Migrante no Brasil, com o lema Migra\u00e7\u00e3o e di\u00e1logo: quem bate \u00e0 nossa porta? O convite \u00e9 para dialogar sobre as migra\u00e7\u00f5es, pois elas s\u00e3o permanentes na hist\u00f3ria passada e presente da &hellip;<\/p>\n<p class=\"read-more\"> <a class=\"\" href=\"https:\/\/www.cnbb.org.br\/semana-nacional-das-migracoes\/\"> <span class=\"screen-reader-text\">Semana Nacional das Migra\u00e7\u00f5es<\/span> Leia mais &raquo;<\/a><\/p>\n","protected":false},"author":27,"featured_media":0,"comment_status":"open","ping_status":"open","sticky":false,"template":"","format":"standard","meta":{"site-sidebar-layout":"default","site-content-layout":"default","ast-global-header-display":"","ast-banner-title-visibility":"","ast-main-header-display":"","ast-hfb-above-header-display":"","ast-hfb-below-header-display":"","ast-hfb-mobile-header-display":"","site-post-title":"","ast-breadcrumbs-content":"","ast-featured-img":"","footer-sml-layout":"","theme-transparent-header-meta":"default","adv-header-id-meta":"","stick-header-meta":"","header-above-stick-meta":"","header-main-stick-meta":"","header-below-stick-meta":""},"categories":[758],"tags":[],"acf":[],"_links":{"self":[{"href":"https:\/\/www.cnbb.org.br\/cnbb-app\/wp\/v2\/posts\/310303"}],"collection":[{"href":"https:\/\/www.cnbb.org.br\/cnbb-app\/wp\/v2\/posts"}],"about":[{"href":"https:\/\/www.cnbb.org.br\/cnbb-app\/wp\/v2\/types\/post"}],"author":[{"embeddable":true,"href":"https:\/\/www.cnbb.org.br\/cnbb-app\/wp\/v2\/users\/27"}],"replies":[{"embeddable":true,"href":"https:\/\/www.cnbb.org.br\/cnbb-app\/wp\/v2\/comments?post=310303"}],"version-history":[{"count":0,"href":"https:\/\/www.cnbb.org.br\/cnbb-app\/wp\/v2\/posts\/310303\/revisions"}],"wp:attachment":[{"href":"https:\/\/www.cnbb.org.br\/cnbb-app\/wp\/v2\/media?parent=310303"}],"wp:term":[{"taxonomy":"category","embeddable":true,"href":"https:\/\/www.cnbb.org.br\/cnbb-app\/wp\/v2\/categories?post=310303"},{"taxonomy":"post_tag","embeddable":true,"href":"https:\/\/www.cnbb.org.br\/cnbb-app\/wp\/v2\/tags?post=310303"}],"curies":[{"name":"wp","href":"https:\/\/api.w.org\/{rel}","templated":true}]}}