{"id":310322,"date":"2021-06-18T10:59:26","date_gmt":"2021-06-18T13:59:26","guid":{"rendered":"https:\/\/www.cnbb.org.br\/?p=310322"},"modified":"2021-06-18T10:59:51","modified_gmt":"2021-06-18T13:59:51","slug":"a-superacao-da-violencia-contra-a-pessoa-idosa","status":"publish","type":"post","link":"https:\/\/www.cnbb.org.br\/a-superacao-da-violencia-contra-a-pessoa-idosa\/","title":{"rendered":"A supera\u00e7\u00e3o da viol\u00eancia contra a pessoa idosa"},"content":{"rendered":"<p style=\"text-align: right;\"><strong>Dom Vital Corbellini<\/strong><br \/>\n<strong> Bispo de Marab\u00e1 (PA)<\/strong><\/p>\n<p>&nbsp;<\/p>\n<p style=\"text-align: justify;\">Em 15 de <em>junho<\/em> \u00e9 celebrado o Dia Mundial de Conscientiza\u00e7\u00e3o da <em>Viol\u00eancia<\/em> Contra a <em>Pessoa Idosa, com o objetivo de despertar reflex\u00f5es e a\u00e7\u00f5es para combater <\/em>a viol\u00eancia e os maus tratos praticados em desfavor dos idosos, para que juntos possamos vencer essa chaga social, oferecendo carinho e amor para esses irm\u00e3os. Desde 2006, a data foi institu\u00edda pela Organiza\u00e7\u00e3o das Na\u00e7\u00f5es Unidas (ONU), juntamente com a Rede Internacional de Preven\u00e7\u00e3o \u00e0 viol\u00eancia a pessoa idosa<a href=\"#_ftn1\" name=\"_ftnref1\">[1]<\/a>. As a\u00e7\u00f5es s\u00e3o as mais diversas, a exemplo de eventos online (lives) no \u00e2mbito da Igreja, onde essa problem\u00e1tica \u00e9 debatida, principalmente no que se refere \u00e0 dignidade da pessoa como imagem e semelhan\u00e7a de Deus (cfr. <em>Gn<\/em> 1,26), pois qualquer tipo de viol\u00eancia \u00e9 inaceit\u00e1vel, especialmente contra a pessoa idosa. A seguir, apresentamos alguns aspectos relacionados \u00e0 supera\u00e7\u00e3o da viol\u00eancia contra os idosos.<\/p>\n<p style=\"text-align: justify;\">A cor violeta<\/p>\n<p style=\"text-align: justify;\">A cor violeta foi escolhida como s\u00edmbolo do movimento porque remete \u00e0 temperan\u00e7a, \u00e0 lucidez. No \u00e2mbito lit\u00fargico, a cor violeta representa a necessidade da penit\u00eancia e da reconcilia\u00e7\u00e3o entre as pessoas e com Deus. Para a sociedade civil, o &#8220;Junho Violeta&#8221; busca sensibilizar a todos para a supera\u00e7\u00e3o da viol\u00eancia, promovendo a dignidade e os direitos da pessoa idosa. Na Igreja, durante o m\u00eas de junho, celebram-se as festividades do Sagrado Cora\u00e7\u00e3o de Jesus e de santos populares como Santo Ant\u00f4nio, S\u00e3o Jo\u00e3o Batista, S\u00e3o Pedro e S\u00e3o Paulo, todos eles sin\u00f4nimos de afabilidade, bondade, mansid\u00e3o e acolhimento. Este per\u00edodo estimula a reflex\u00e3o sobre as diversas formas de viola\u00e7\u00f5es contra os idosos e tamb\u00e9m incentiva as pessoas a denunciar qualquer ato de maus tratos ou viol\u00eancia.<\/p>\n<p style=\"text-align: justify;\">A import\u00e2ncia da pessoa idosa<\/p>\n<p style=\"text-align: justify;\">O jovem de hoje ser\u00e1 a pessoa idosa de amanh\u00e3. Com o avan\u00e7o da idade, chega \u00e0 maturidade, uma etapa da vida a ser mais tranq\u00fcila ap\u00f3s longos anos de servi\u00e7o, de trabalho, de doa\u00e7\u00e3o aos irm\u00e3os e a Deus. \u00c9 uma fase que exige cuidado porque o organismo da pessoa idosa se encontra fragilizado, havendo uma progressiva decad\u00eancia do organismo<a href=\"#_ftn2\" name=\"_ftnref2\">[2]<\/a>, cabendo, sobretudo aos filhos e filhas prestar assist\u00eancia aos seus pais, que merecem amor, carinho, apoio, e jamais viol\u00eancia ou abandono.<\/p>\n<p style=\"text-align: justify;\">A pessoa idosa \u00e9 merecedora de todo respeito assim como as demais em todas as etapas da vida. No mundo atual, marcado pela competi\u00e7\u00e3o, a pessoa que n\u00e3o mais se mostra produtiva ou n\u00e3o oferta resultados, n\u00e3o \u00e9 valorizada, sendo por vezes exclu\u00edda. O Papa Francisco alerta sobre a cultura do descart\u00e1vel, onde as pessoas s\u00e3o simplesmente esquecidas, abandonadas pela sociedade<a href=\"#_ftn3\" name=\"_ftnref3\">[3]<\/a>. Dentro desta realidade, devemos trabalhar pela inclus\u00e3o dos idosos na fam\u00edlia, na comunidade e na sociedade.<\/p>\n<p style=\"text-align: justify;\">O fator social: a pandemia<\/p>\n<p style=\"text-align: justify;\">Com a explos\u00e3o da pandemia em 2019, a viol\u00eancia contra os idosos aumentou exponencialmente em todo o pa\u00eds, sobretudo pela exig\u00eancia de maior perman\u00eancia das pessoas em suas casas. Segundo estudos e opini\u00f5es de analistas, a pessoa idosa foi ainda mais exposta \u00e0s viol\u00eancias com agress\u00f5es verbais e f\u00edsicas, as quais s\u00e3o praticadas principalmente pelos familiares e pessoas pr\u00f3ximas. A revers\u00e3o ou a ameniza\u00e7\u00e3o dessa situa\u00e7\u00e3o requer a participa\u00e7\u00e3o de toda a sociedade, especialmente dos poderes p\u00fablicos, com a ado\u00e7\u00e3o de pol\u00edticas que visem \u00e0 prote\u00e7\u00e3o da pessoa idosa.<\/p>\n<p style=\"text-align: justify;\">A viol\u00eancia econ\u00f4mica<\/p>\n<p style=\"text-align: justify;\">Segundo o Conselho da Pessoa Idosa, uma das viola\u00e7\u00f5es mais comum contra o idoso \u00e9 a viol\u00eancia econ\u00f4mica, a qual \u00e9 praticada principalmente por familiares que se apropriam em benef\u00edcio pessoal de parte do dinheiro da pens\u00e3o ou aposentadoria, utilizando-se do cart\u00e3o do idoso ou da idosa. Na maioria das vezes, o benef\u00edcio da pens\u00e3o ou aposentadoria \u00e9 de apenas 01 (um) sal\u00e1rio m\u00ednimo, o qual n\u00e3o fica \u00e0 inteira disponibilidade da pessoa idosa, tornando mais dif\u00edcil a sua subsist\u00eancia com dignidade.<\/p>\n<p style=\"text-align: justify;\">Conseq\u00fc\u00eancias da viol\u00eancia ligada \u00e0 economia<\/p>\n<p style=\"text-align: justify;\">O idoso, por vezes, n\u00e3o disp\u00f5e dos recursos financeiros necess\u00e1rios \u00e0 aquisi\u00e7\u00e3o dos medicamentos que deveria tomar para viver bem, ficando mais suscet\u00edvel \u00e0s mais diversas enfermidades. A pessoa idosa que n\u00e3o disp\u00f5e de recursos financeiros tamb\u00e9m n\u00e3o se alimenta adequadamente, podendo chegar \u00e0 fome ou \u00e0 desnutri\u00e7\u00e3o. Outro desdobramento da quest\u00e3o econ\u00f4mica \u00e9 a viol\u00eancia f\u00edsica, quando familiares ou pessoas pr\u00f3ximas, alcan\u00e7ados pela insufici\u00eancia de recursos financeiros, chegam a agredir a pessoa idosa. Ocorre ainda o abandono dos idosos em hospitais ou casas de repouso. Todas essas viola\u00e7\u00f5es representam a falta de amor por parte daqueles que deveriam cuidar dos seus familiares idosos.<\/p>\n<p style=\"text-align: justify;\">A dor presente nas diversas etapas da vida<\/p>\n<p style=\"text-align: justify;\">\u00c9 importante conhecer a vis\u00e3o da Igreja antiga sobre as pessoas idosas, a qual lhes dava o devido valor e considera\u00e7\u00e3o, pois elas merecem carinho e amor, notadamente porque, muitas vezes, passam por sofrimentos f\u00edsicos e morais.<\/p>\n<p style=\"text-align: justify;\">S\u00e3o Jo\u00e3o Cris\u00f3stomo, bispo dos s\u00e9culos IV e V, afirmava a exist\u00eancia de dores em qualquer idade e essas estariam presentes em todos os seres humanos. As dores aparecer\u00e3o com o avan\u00e7o da idade, de maneira que as pessoas idosas as enfrentar\u00e3o com serenidade e com amor. A supera\u00e7\u00e3o de todas as dores \u00e9 a viv\u00eancia da virtude, sobretudo da caridade, manifestada aos que mais sofrem, pois a conquista de tal virtude \u00e9 dada tamb\u00e9m pelo sofrimento n\u00e3o in\u00fatil, pois carrega lucro e vantagem<a href=\"#_ftn4\" name=\"_ftnref4\">[4]<\/a>.<\/p>\n<p style=\"text-align: justify;\">Os filhos honram os seus pais<\/p>\n<p style=\"text-align: justify;\">Ainda em S\u00e3o Jo\u00e3o Cris\u00f3stomo, manifesta-se o desejo de Deus no sentido de que os pais sejam honrados pelos seus filhos. Ele tinha presente dois textos b\u00edblicos importantes. O primeiro alude \u00e0queles que n\u00e3o consideram os seus pais: \u201cquem amaldi\u00e7oar o pai ou a m\u00e3e ser\u00e1 punido de morte\u201d (<em>Ex<\/em> 21,17). O segundo aponta para quem respeita os seus pais: \u201chonra teu pai e tua m\u00e3e, para que vivas longos anos na terra\u201d (<em>Ex<\/em> 20,12). O bispo de Constantinopla ressaltou que a ancianidade feliz e uma vida longa foram estabelecidas por Deus como pr\u00eamio para aqueles que honram os seus pr\u00f3prios pais. No entanto, aparece como mal supremo, uma morte precoce, foi colocada como castigo para aqueles que desprezam os seus pais. Se de um lado, h\u00e1 benevol\u00eancia para com os seus pais, prometendo-lhes a gl\u00f3ria, de outro lado, existe a puni\u00e7\u00e3o para aqueles que n\u00e3o amarem os seus pais. Por\u00e9m, segundo S\u00e3o Jo\u00e3o, Deus quer que todos os filhos e filhas cuidem de seus pais, sobretudo na idade avan\u00e7ada<a href=\"#_ftn5\" name=\"_ftnref5\">[5]<\/a>.<\/p>\n<p style=\"text-align: justify;\">Os idosos s\u00e3o importantes na evangeliza\u00e7\u00e3o<\/p>\n<p style=\"text-align: justify;\">O Papa Francisco transmitiu uma importante mensagem em rela\u00e7\u00e3o \u00e0s pessoas idosas, no Primeiro Congresso Internacional da Pastoral dos Idosos, com o tema: \u201cA riqueza dos anos\u201d, segundo o qual, os idosos s\u00e3o indispens\u00e1veis na educa\u00e7\u00e3o das crian\u00e7as e dos jovens na f\u00e9. Ele afirmou a import\u00e2ncia de promover a inclus\u00e3o dos idosos nos horizontes pastorais e consider\u00e1-los como um dos componentes vitais de nossas comunidades. A idade avan\u00e7ada n\u00e3o deve ser vista como doen\u00e7a, mas sim um privil\u00e9gio. Os idosos podem ser protagonistas de uma pastoral evangelizadora. A riqueza dos anos \u00e9 a riqueza das pessoas. \u00c9 o tesouro precioso que toma forma no percurso da vida. A vida \u00e9 um dom, e quando \u00e9 longa, \u00e9 um privil\u00e9gio para si e para os outros<a href=\"#_ftn6\" name=\"_ftnref6\">[6]<\/a><em>.<\/em><\/p>\n<p style=\"text-align: justify;\">A Igreja, como seguidora de Jesus Cristo, empenha-se em favorecer a vida da pessoa idosa contra qualquer tipo de viol\u00eancia. \u00c9 preciso que os crist\u00e3os participem dos Conselhos da Pessoa Idosa e exijam sempre mais pol\u00edticas p\u00fablicas em favor dos mesmos. O m\u00eas de junho, com a cor violeta, exalta \u00e0 conscientiza\u00e7\u00e3o para o fim da viol\u00eancia contra a pessoa idosa, que n\u00e3o condiz com o plano de Deus, de uma vida digna, longa e feliz para todas as pessoas neste mundo e um dia na eternidade.<\/p>\n<p style=\"text-align: justify;\"><a href=\"#_ftnref1\" name=\"_ftn1\">[1]<\/a> Cfr. <a href=\"https:\/\/www.gov.br\/mdh\/pt-br\/assuntos\/noticias\/2018\/junho\/15-de-junho-e-o-dia-mundial-de-conscientizacao-da-violencia-contra-a-pessoa-idosa\" target=\"_blank\" rel=\"noopener\">https:\/\/<em>www.gov.br\/mdh\/pt-br\/assuntos\/noticias\/2018\/junho\/15-de-junho-e-o-dia-mundial-de-conscientizacao-da-violencia-contra-a-pessoa-idosa#<\/em><\/a>:<\/p>\n<p style=\"text-align: justify;\"><a href=\"#_ftnref2\" name=\"_ftn2\">[2]<\/a> Cfr. <em>Vecchi\u00e0ia<\/em>. In: <em>Il vocabolario treccani<\/em>, <em>Il Conciso<\/em>. Milano, Trento, 1998, pg. 1871.<\/p>\n<p style=\"text-align: justify;\"><a href=\"#_ftnref3\" name=\"_ftn3\">[3]<\/a>Cfr. Francisco, <em>Exorta\u00e7\u00e3o apost\u00f3lica Evangelii Gaudium,<\/em> (24 de novembro de 2013), 53. <em>AAS<\/em> 105 (2013).<\/p>\n<p style=\"text-align: justify;\"><a href=\"#_ftnref4\" name=\"_ftn4\">[4]<\/a> Cfr. Giovanni Crisostomo.<em> Omelie sulla seconda lettera a Timoteo<\/em>, 1,2-3. In: <em>La teologia dei padri<\/em>, v.<em> 3<\/em>. Citt\u00e0 Nuova Editrice, Roma, 1982, pg. 68.<\/p>\n<p style=\"text-align: justify;\"><a href=\"#_ftnref5\" name=\"_ftn5\">[5]<\/a> Cfr. Giovanni Crisostomo, <em>Predica quaresimale<\/em>, 4. In: <em>Idem<\/em>, pg. 394.<\/p>\n<p style=\"text-align: justify;\"><a href=\"#_ftnref6\" name=\"_ftn6\">[6]<\/a> Cfr. https:\/\/www.vaticannews.va\/pt\/papa\/news\/2020-01\/papa-francisco&#8230;<\/p>\n","protected":false},"excerpt":{"rendered":"<p>Dom Vital Corbellini Bispo de Marab\u00e1 (PA) &nbsp; Em 15 de junho \u00e9 celebrado o Dia Mundial de Conscientiza\u00e7\u00e3o da Viol\u00eancia Contra a Pessoa Idosa, com o objetivo de despertar reflex\u00f5es e a\u00e7\u00f5es para combater a viol\u00eancia e os maus tratos praticados em desfavor dos idosos, para que juntos possamos vencer essa chaga social, oferecendo &hellip;<\/p>\n<p class=\"read-more\"> <a class=\"\" href=\"https:\/\/www.cnbb.org.br\/a-superacao-da-violencia-contra-a-pessoa-idosa\/\"> <span class=\"screen-reader-text\">A supera\u00e7\u00e3o da viol\u00eancia contra a pessoa idosa<\/span> Leia mais &raquo;<\/a><\/p>\n","protected":false},"author":16,"featured_media":0,"comment_status":"open","ping_status":"open","sticky":false,"template":"","format":"standard","meta":{"site-sidebar-layout":"default","site-content-layout":"default","ast-global-header-display":"","ast-banner-title-visibility":"","ast-main-header-display":"","ast-hfb-above-header-display":"","ast-hfb-below-header-display":"","ast-hfb-mobile-header-display":"","site-post-title":"","ast-breadcrumbs-content":"","ast-featured-img":"","footer-sml-layout":"","theme-transparent-header-meta":"default","adv-header-id-meta":"","stick-header-meta":"","header-above-stick-meta":"","header-main-stick-meta":"","header-below-stick-meta":""},"categories":[758],"tags":[],"acf":[],"_links":{"self":[{"href":"https:\/\/www.cnbb.org.br\/cnbb-app\/wp\/v2\/posts\/310322"}],"collection":[{"href":"https:\/\/www.cnbb.org.br\/cnbb-app\/wp\/v2\/posts"}],"about":[{"href":"https:\/\/www.cnbb.org.br\/cnbb-app\/wp\/v2\/types\/post"}],"author":[{"embeddable":true,"href":"https:\/\/www.cnbb.org.br\/cnbb-app\/wp\/v2\/users\/16"}],"replies":[{"embeddable":true,"href":"https:\/\/www.cnbb.org.br\/cnbb-app\/wp\/v2\/comments?post=310322"}],"version-history":[{"count":0,"href":"https:\/\/www.cnbb.org.br\/cnbb-app\/wp\/v2\/posts\/310322\/revisions"}],"wp:attachment":[{"href":"https:\/\/www.cnbb.org.br\/cnbb-app\/wp\/v2\/media?parent=310322"}],"wp:term":[{"taxonomy":"category","embeddable":true,"href":"https:\/\/www.cnbb.org.br\/cnbb-app\/wp\/v2\/categories?post=310322"},{"taxonomy":"post_tag","embeddable":true,"href":"https:\/\/www.cnbb.org.br\/cnbb-app\/wp\/v2\/tags?post=310322"}],"curies":[{"name":"wp","href":"https:\/\/api.w.org\/{rel}","templated":true}]}}