{"id":31195,"date":"2018-08-01T00:00:00","date_gmt":"2018-08-01T03:00:00","guid":{"rendered":"https:\/\/www.cnbb.org.br\/forum-nacional-reune-representantes-das-pastorais-sociais-organismos-e-setor-de-mobilidade-humana-da-cnbb\/"},"modified":"2018-08-01T00:00:00","modified_gmt":"2018-08-01T03:00:00","slug":"forum-nacional-reune-representantes-das-pastorais-sociais-organismos-e-setor-de-mobilidade-humana-da-cnbb","status":"publish","type":"post","link":"https:\/\/www.cnbb.org.br\/forum-nacional-reune-representantes-das-pastorais-sociais-organismos-e-setor-de-mobilidade-humana-da-cnbb\/","title":{"rendered":"F\u00f3rum Nacional re\u00fane representantes das Pastorais Sociais, Organismos e Setor de Mobilidade Humana da CNBB"},"content":{"rendered":"<p style=\"text-align: justify\">De 31 de julho a 3 de agosto se encontram em Bras\u00edlia (DF) 58 pessoas no F\u00f3rum Nacional das Pastorais Sociais, organismos e Setor de Mobilidade Humana da Confer\u00eancia Nacional dos Bispos do Brasil (CNBB). O encontro, que acontece no Centro Cultural de Bras\u00edlia (CCB), tem como objetivo: \u201cRefletir sobre o momento s\u00f3cio-pol\u00edtico e eclesial; partilhar e avaliar a caminhada das articula\u00e7\u00f5es regionais e coordena\u00e7\u00f5es das pastorais sociais e rever, \u00e0 luz do documento sobre \u2018Considera\u00e7\u00f5es \u00c9ticas sobre Economia e Finan\u00e7as\u2019, os desafios pastorais atuais\u201d.<\/p>\n<p style=\"text-align: justify\">No segundo dia de atividades, 1\u00ba de agosto, os participantes far\u00e3o uma an\u00e1lise da conjuntura pol\u00edtica, econ\u00f4mica, social com a colabora\u00e7\u00e3o de Francisco Botelho, da Comiss\u00e3o Brasileira de Justi\u00e7a e Paz, de Bras\u00edlia (DF), e de dom Jos\u00e9 Reginaldo Andrietta, bispo da diocese de Jales (SP) e referencial da Pastoral Oper\u00e1ria, que analisar\u00e1 a realidade eclesial.<\/p>\n<p style=\"text-align: justify\">Na pauta, est\u00e1 previsto um estudo do documento: \u201cConsidera\u00e7\u00f5es \u00c9ticas sobre economia e finan\u00e7as\u201d, \u00a0elaborado pelo Dicast\u00e9rio Desenvolvimento Humano Integral e Congrega\u00e7\u00e3o para a Doutrina da F\u00e9 do Vaticano. A parte da tarde do segundo dia, 1\u00ba de agosto, ser\u00e1 dedicada a apresenta\u00e7\u00e3o da caminhada das Pastorais Sociais, Organismos e Setor de Mobilidade Humana da CNBB, com enfoque para as articula\u00e7\u00f5es destes nos 18 regionais da CNBB, tendo em vista o levantamento dos desafios para sua organiza\u00e7\u00e3o.<\/p>\n<p style=\"text-align: justify\">Temas como a Jornada Mundial dos Pobres, a Auditoria da D\u00edvida P\u00fablica, o Grito dos Exclu\u00eddos e a 6\u00aa Semana Social Brasileira ser\u00e3o aprofundados e encaminhados na manh\u00e3 quinta-feira, dia 2 de agosto. O S\u00ednodo para a Amaz\u00f4nia tamb\u00e9m ser\u00e1 tratado pelo grupo. Os participantes retomar\u00e3o ainda o Plano Trienal das Pastorais Sociais com foco nos Semin\u00e1rios de Forma\u00e7\u00e3o sobre Incid\u00eancia Politica e discutir\u00e3o como potencializar a CF 2019 cujo tema ser\u00e1: \u201cPol\u00edticas P\u00fablicas\u201d. Uma oficina sobre a sustentabilidade das Pastorais Sociais tamb\u00e9m ser\u00e1 ofertada como subs\u00eddio para o trabalho.<\/p>\n<p>A manh\u00e3 da sexta-feira, 3 de agosto, ser\u00e1 dedicada a organizar o Calend\u00e1rio 2019 das Pastorais Sociais, Organismos, Setor de Mobilidade Humana bem como da Comiss\u00e3o Episcopal Pastoral para A\u00e7\u00e3o Social Transformadora da CNBB e a s\u00edntese final dos encaminhamentos do F\u00f3rum Nacional.<\/p>\n","protected":false},"excerpt":{"rendered":"<p>Participantes definir\u00e3o o calend\u00e1rio de atividades de 2019<\/p>\n","protected":false},"author":83,"featured_media":31196,"comment_status":"closed","ping_status":"open","sticky":false,"template":"","format":"standard","meta":{"site-sidebar-layout":"default","site-content-layout":"default","ast-global-header-display":"","ast-banner-title-visibility":"","ast-main-header-display":"","ast-hfb-above-header-display":"","ast-hfb-below-header-display":"","ast-hfb-mobile-header-display":"","site-post-title":"","ast-breadcrumbs-content":"","ast-featured-img":"","footer-sml-layout":"","theme-transparent-header-meta":"","adv-header-id-meta":"","stick-header-meta":"","header-above-stick-meta":"","header-main-stick-meta":"","header-below-stick-meta":""},"categories":[863,748],"tags":[],"acf":[],"_links":{"self":[{"href":"https:\/\/www.cnbb.org.br\/cnbb-app\/wp\/v2\/posts\/31195"}],"collection":[{"href":"https:\/\/www.cnbb.org.br\/cnbb-app\/wp\/v2\/posts"}],"about":[{"href":"https:\/\/www.cnbb.org.br\/cnbb-app\/wp\/v2\/types\/post"}],"author":[{"embeddable":true,"href":"https:\/\/www.cnbb.org.br\/cnbb-app\/wp\/v2\/users\/83"}],"replies":[{"embeddable":true,"href":"https:\/\/www.cnbb.org.br\/cnbb-app\/wp\/v2\/comments?post=31195"}],"version-history":[{"count":0,"href":"https:\/\/www.cnbb.org.br\/cnbb-app\/wp\/v2\/posts\/31195\/revisions"}],"wp:featuredmedia":[{"embeddable":true,"href":"https:\/\/www.cnbb.org.br\/cnbb-app\/wp\/v2\/media\/31196"}],"wp:attachment":[{"href":"https:\/\/www.cnbb.org.br\/cnbb-app\/wp\/v2\/media?parent=31195"}],"wp:term":[{"taxonomy":"category","embeddable":true,"href":"https:\/\/www.cnbb.org.br\/cnbb-app\/wp\/v2\/categories?post=31195"},{"taxonomy":"post_tag","embeddable":true,"href":"https:\/\/www.cnbb.org.br\/cnbb-app\/wp\/v2\/tags?post=31195"}],"curies":[{"name":"wp","href":"https:\/\/api.w.org\/{rel}","templated":true}]}}