{"id":31249,"date":"2018-08-03T00:00:00","date_gmt":"2018-08-03T03:00:00","guid":{"rendered":"https:\/\/www.cnbb.org.br\/brasil-escolha-a-vida\/"},"modified":"2018-08-03T00:00:00","modified_gmt":"2018-08-03T03:00:00","slug":"brasil-escolha-a-vida","status":"publish","type":"post","link":"https:\/\/www.cnbb.org.br\/brasil-escolha-a-vida\/","title":{"rendered":"Brasil, escolha a vida"},"content":{"rendered":"<p style=\"text-align: right\"><strong>Dom Walmor Oliveira de Azevedo<\/strong><br \/>\n<strong>Arcebispo de Belo Horizonte<\/strong><\/p>\n<p><strong>\u00a0<\/strong><\/p>\n<p style=\"text-align: justify\">Deve ecoar forte no cora\u00e7\u00e3o da sociedade brasileira o grito e a convoca\u00e7\u00e3o para que todos fa\u00e7am a escolha pela vida. \u00c9 esta rea\u00e7\u00e3o que indicar\u00e1, aos legisladores e \u00e0 Corte Suprema, que n\u00e3o se pode errar, permitindo a descriminaliza\u00e7\u00e3o do aborto. Omitir-se diante dessa convoca\u00e7\u00e3o \u00e9 empurrar a cidadania brasileira para o caos da permissividade e da hegemonia de grupos radicais. Por isso, todos s\u00e3o chamados a dizer \u201cn\u00e3o ao aborto\u201d. A mobiliza\u00e7\u00e3o na defesa da vida deve envolver cada cidad\u00e3o e cidad\u00e3, para que a for\u00e7a dessa uni\u00e3o pelo direito de viver recomponha o tecido \u00e9tico e moral da sociedade. O Poder Judici\u00e1rio deve ter cuidado ao interpretar a legisla\u00e7\u00e3o.\u00a0 Os representantes do povo &#8211; deputados e senadores &#8211; devem estar conscientes da tarefa de proteger a vida. E a popula\u00e7\u00e3o precisa permanecer atenta: neste ano eleitoral, n\u00e3o confiar seu voto em quem \u00e9 pr\u00f3-aborto.<\/p>\n<p style=\"text-align: justify\">Agir com permissividade diante de situa\u00e7\u00f5es diversas que amea\u00e7am a vida, nas suas mais diferentes etapas, \u00e9 se distanciar da oportunidade de recompor o caminho do Brasil, edificando uma sociedade mais s\u00e9ria, com din\u00e2micas culturais humanizadas, condizentes com o patrim\u00f4nio religioso e cultural do pa\u00eds, de muitas tradi\u00e7\u00f5es. \u00a0Escolher a vida \u00e9 o rem\u00e9dio que a na\u00e7\u00e3o precisa tomar, para que sejam corrigidos grav\u00edssimos descompassos, a exemplo da end\u00eamica corrup\u00e7\u00e3o que contamina diferentes lugares. A B\u00edblia apresenta importante li\u00e7\u00e3o nesse sentido.\u00a0 No Antigo Testamento, a partir da voz de Mois\u00e9s, o povo, liberto da escravid\u00e3o e rumo \u00e0 terra prometida, ouviu uma convoca\u00e7\u00e3o de Deus: \u201cEscolhe, pois, a vida, para que vivas, tu e teus descendentes\u201d. Naquela \u00e9poca, essa ordem reabriu o caminho da recomposi\u00e7\u00e3o de uma sociedade. Hoje, essa ordem de Deus precisa ser acolhida pelo povo brasileiro.<\/p>\n<p style=\"text-align: justify\">Espera-se que as autoridades n\u00e3o confundam os anseios de segmentos s\u00e9rios da sociedade, de grande parte da popula\u00e7\u00e3o, com o que \u00e9 o desejo de um partido, isto \u00e9, de uma parte, sujeita \u00e0s limita\u00e7\u00f5es do ambiente partid\u00e1rio. Mesmo diante de tantas conturba\u00e7\u00f5es que revelam fragilidades, ainda se acredita que a Suprema Corte e as outras inst\u00e2ncias do Poder n\u00e3o autorizar\u00e3o a pr\u00e1tica do aborto. \u00a0S\u00e3o abundantes os elementos conceituais, \u00e9ticos e antropol\u00f3gicos que permitem enxergar uma verdade: posicionar-se favoravelmente ao aborto \u00e9 o mesmo que concordar com a pr\u00e1tica de um crime.<\/p>\n<p style=\"text-align: justify\">Importante lembrar que o debate sobre a legaliza\u00e7\u00e3o do aborto ocorre no Supremo Tribunal Federal (STF) porque n\u00e3o conseguiram fazer tramitar essa proposta no Congresso Nacional \u2013 a institui\u00e7\u00e3o que tem o poder de legislar. Sabe-se que s\u00f3 uma Assembleia Nacional Constituinte pode modificar a Constitui\u00e7\u00e3o nos seus preceitos fundamentais. E a Constitui\u00e7\u00e3o Federal diz que a vida \u00e9 inviol\u00e1vel. O aborto, portanto, \u00e9 crime.<\/p>\n<p style=\"text-align: justify\">A sociedade brasileira, pela for\u00e7a da sua voz, deve exigir que a interpreta\u00e7\u00e3o de suas leis n\u00e3o seja pautada por interesses pequenos de grupos minorit\u00e1rios, com posicionamentos distantes da verdade e do bem. \u00a0A apreens\u00e3o deste momento, quando est\u00e1 em discuss\u00e3o a possibilidade de se permitir o aborto, deve converter-se em mobiliza\u00e7\u00e3o capaz de retirar a sociedade do lama\u00e7al em que se encontra, formado por situa\u00e7\u00f5es diversas que tem como base o desrespeito ao direito de viver.<\/p>\n<p style=\"text-align: justify\">H\u00e1 um princ\u00edpio moral que \u00e9 inegoci\u00e1vel, devendo orientar todas as normas e condutas: a vida \u00e9 dom sagrado e inviol\u00e1vel. Precisa ser defendida em todas as suas etapas &#8211; da fecunda\u00e7\u00e3o at\u00e9 o decl\u00ednio com a morte natural. Cientistas de diferentes campos do saber, profissionais s\u00e9rios da \u00e1rea m\u00e9dica, perspectivas religiosas, filos\u00f3ficas e antropol\u00f3gicas apresentam argumentos convincentes nesse sentido.\u00a0 Nenhuma liberdade individual ou ideologia, de grupos ou partidos, pode relativizar a essencialidade deste princ\u00edpio. Sua relativiza\u00e7\u00e3o leva \u00e0 instala\u00e7\u00e3o hegem\u00f4nica de um cen\u00e1rio desolador.\u00a0 Por isso, unam-se as vozes para dizer n\u00e3o ao aborto. Brasil, escolha a vida!<\/p>\n<p>&nbsp;<\/p>\n<p>&nbsp;<\/p>\n","protected":false},"excerpt":{"rendered":"<p>Dom Walmor Oliveira de Azevedo Arcebispo de Belo Horizonte \u00a0 Deve ecoar forte no cora\u00e7\u00e3o da sociedade brasileira o grito e a convoca\u00e7\u00e3o para que todos fa\u00e7am a escolha pela vida. \u00c9 esta rea\u00e7\u00e3o que indicar\u00e1, aos legisladores e \u00e0 Corte Suprema, que n\u00e3o se pode errar, permitindo a descriminaliza\u00e7\u00e3o do aborto. Omitir-se diante dessa &hellip;<\/p>\n<p class=\"read-more\"> <a class=\"\" href=\"https:\/\/www.cnbb.org.br\/brasil-escolha-a-vida\/\"> <span class=\"screen-reader-text\">Brasil, escolha a vida<\/span> Leia mais &raquo;<\/a><\/p>\n","protected":false},"author":8,"featured_media":0,"comment_status":"closed","ping_status":"open","sticky":false,"template":"","format":"standard","meta":{"site-sidebar-layout":"default","site-content-layout":"default","ast-global-header-display":"","ast-banner-title-visibility":"","ast-main-header-display":"","ast-hfb-above-header-display":"","ast-hfb-below-header-display":"","ast-hfb-mobile-header-display":"","site-post-title":"","ast-breadcrumbs-content":"","ast-featured-img":"","footer-sml-layout":"","theme-transparent-header-meta":"","adv-header-id-meta":"","stick-header-meta":"","header-above-stick-meta":"","header-main-stick-meta":"","header-below-stick-meta":""},"categories":[758],"tags":[],"acf":[],"_links":{"self":[{"href":"https:\/\/www.cnbb.org.br\/cnbb-app\/wp\/v2\/posts\/31249"}],"collection":[{"href":"https:\/\/www.cnbb.org.br\/cnbb-app\/wp\/v2\/posts"}],"about":[{"href":"https:\/\/www.cnbb.org.br\/cnbb-app\/wp\/v2\/types\/post"}],"author":[{"embeddable":true,"href":"https:\/\/www.cnbb.org.br\/cnbb-app\/wp\/v2\/users\/8"}],"replies":[{"embeddable":true,"href":"https:\/\/www.cnbb.org.br\/cnbb-app\/wp\/v2\/comments?post=31249"}],"version-history":[{"count":0,"href":"https:\/\/www.cnbb.org.br\/cnbb-app\/wp\/v2\/posts\/31249\/revisions"}],"wp:attachment":[{"href":"https:\/\/www.cnbb.org.br\/cnbb-app\/wp\/v2\/media?parent=31249"}],"wp:term":[{"taxonomy":"category","embeddable":true,"href":"https:\/\/www.cnbb.org.br\/cnbb-app\/wp\/v2\/categories?post=31249"},{"taxonomy":"post_tag","embeddable":true,"href":"https:\/\/www.cnbb.org.br\/cnbb-app\/wp\/v2\/tags?post=31249"}],"curies":[{"name":"wp","href":"https:\/\/api.w.org\/{rel}","templated":true}]}}