{"id":31340,"date":"2018-08-13T00:00:00","date_gmt":"2018-08-13T03:00:00","guid":{"rendered":"https:\/\/www.cnbb.org.br\/pais-uma-vocacao-nobre-e-insubstituivel\/"},"modified":"2018-08-13T00:00:00","modified_gmt":"2018-08-13T03:00:00","slug":"pais-uma-vocacao-nobre-e-insubstituivel","status":"publish","type":"post","link":"https:\/\/www.cnbb.org.br\/pais-uma-vocacao-nobre-e-insubstituivel\/","title":{"rendered":"Pais, uma voca\u00e7\u00e3o nobre e insubstitu\u00edvel"},"content":{"rendered":"<p style=\"text-align: right\"><strong>Dom Roberto Francisco Ferreria Paz<br \/>\n<\/strong><strong>Bispo de Campos (RJ)<\/strong><\/p>\n<p style=\"text-align: justify\"><strong>\u00a0<\/strong><\/p>\n<p style=\"text-align: justify\">O Dia dos Pais come\u00e7ou a ser celebrado no dia 19\/06\/1910 e teve, como inspiradora, Sonora Smart Dodd, que, ap\u00f3s ouvir um serm\u00e3o no Dia das M\u00e3es, em Washington, desejou fazer o mesmo em rela\u00e7\u00e3o a seu pai, a quem admirava muito por ter criado sozinho seis filhos, pela morte da sua mulher. Na verdade, todas as culturas reverenciaram os pais como conferimos num antigo cart\u00e3o da Babil\u00f4nia, onde um jovem, chamado Elmesu, deseja sa\u00fade e vida longa ao seu amado pai.<\/p>\n<p style=\"text-align: justify\">Sempre se considerou, especialmente no cristianismo, ser pai, como uma voca\u00e7\u00e3o e ben\u00e7\u00e3o de Deus, transcendendo o plano meramente biol\u00f3gico, elevando-o a uma miss\u00e3o que compartilha, em certo modo, a paternidade divina. Por isso, \u00e9 insubstitu\u00edvel e vinculado ao Projeto divino sobre a fam\u00edlia, que o tem como seu l\u00edder, cust\u00f3dio, educador e provedor, em colabora\u00e7\u00e3o e partilha com sua esposa. Quando uma sociedade n\u00e3o honra e valoriza mais os pais, ela iniciou um processo de autodestrui\u00e7\u00e3o irrevog\u00e1vel, deixando um vazio irrepar\u00e1vel e quase imposs\u00edvel de preencher. O melhor presente que anseiam os pais \u00e9 o reconhecimento e o afeto espont\u00e2neo dos filhos, pois sempre est\u00e3o dispostos a dar tudo por eles, a sua pr\u00f3pria vida.<\/p>\n<p style=\"text-align: justify\">Caros pais, n\u00e3o pensem em nenhum momento que s\u00e3o desnecess\u00e1rios, desatualizados ou que \u201cj\u00e1 eram\u201d; ser pai n\u00e3o \u00e9 quest\u00e3o de moda ou popularidade, mas de honrosa e prec\u00edpua tarefa dada pelo pr\u00f3prio Criador e Pai de todos (as), do qual recebem a for\u00e7a, a inspira\u00e7\u00e3o e a sabedoria.<\/p>\n<p style=\"text-align: justify\">N\u00e3o s\u00e3o os pais que devem imitar os filhos, embora existam muitas \u00e1reas para uma ben\u00e9fica intera\u00e7\u00e3o e aprendizado, mas os pais, que, com seu testemunho e exemplo, marcar\u00e3o indelevelmente a alma e o cora\u00e7\u00e3o dos seus filhos.<\/p>\n<p style=\"text-align: justify\">Nunca desistam de influenciar, educar, e corrigir, de modo am\u00e1vel, mas firme, a seus filhos, pois a presen\u00e7a, aten\u00e7\u00e3o e vigil\u00e2ncia de um bom pai, garantem um destino e um caminho bem sucedidos rumo a uma vida plena. Que S\u00e3o Jos\u00e9, modelo de paternidade cuidadosa e sol\u00edcita os aben\u00e7oe. Deus seja louvado!<\/p>\n<p>&nbsp;<\/p>\n<p>&nbsp;<\/p>\n","protected":false},"excerpt":{"rendered":"<p>Dom Roberto Francisco Ferreria Paz Bispo de Campos (RJ) \u00a0 O Dia dos Pais come\u00e7ou a ser celebrado no dia 19\/06\/1910 e teve, como inspiradora, Sonora Smart Dodd, que, ap\u00f3s ouvir um serm\u00e3o no Dia das M\u00e3es, em Washington, desejou fazer o mesmo em rela\u00e7\u00e3o a seu pai, a quem admirava muito por ter criado &hellip;<\/p>\n<p class=\"read-more\"> <a class=\"\" href=\"https:\/\/www.cnbb.org.br\/pais-uma-vocacao-nobre-e-insubstituivel\/\"> <span class=\"screen-reader-text\">Pais, uma voca\u00e7\u00e3o nobre e insubstitu\u00edvel<\/span> Leia mais &raquo;<\/a><\/p>\n","protected":false},"author":23,"featured_media":0,"comment_status":"closed","ping_status":"open","sticky":false,"template":"","format":"standard","meta":{"site-sidebar-layout":"default","site-content-layout":"default","ast-global-header-display":"","ast-banner-title-visibility":"","ast-main-header-display":"","ast-hfb-above-header-display":"","ast-hfb-below-header-display":"","ast-hfb-mobile-header-display":"","site-post-title":"","ast-breadcrumbs-content":"","ast-featured-img":"","footer-sml-layout":"","theme-transparent-header-meta":"","adv-header-id-meta":"","stick-header-meta":"","header-above-stick-meta":"","header-main-stick-meta":"","header-below-stick-meta":""},"categories":[758],"tags":[],"acf":[],"_links":{"self":[{"href":"https:\/\/www.cnbb.org.br\/cnbb-app\/wp\/v2\/posts\/31340"}],"collection":[{"href":"https:\/\/www.cnbb.org.br\/cnbb-app\/wp\/v2\/posts"}],"about":[{"href":"https:\/\/www.cnbb.org.br\/cnbb-app\/wp\/v2\/types\/post"}],"author":[{"embeddable":true,"href":"https:\/\/www.cnbb.org.br\/cnbb-app\/wp\/v2\/users\/23"}],"replies":[{"embeddable":true,"href":"https:\/\/www.cnbb.org.br\/cnbb-app\/wp\/v2\/comments?post=31340"}],"version-history":[{"count":0,"href":"https:\/\/www.cnbb.org.br\/cnbb-app\/wp\/v2\/posts\/31340\/revisions"}],"wp:attachment":[{"href":"https:\/\/www.cnbb.org.br\/cnbb-app\/wp\/v2\/media?parent=31340"}],"wp:term":[{"taxonomy":"category","embeddable":true,"href":"https:\/\/www.cnbb.org.br\/cnbb-app\/wp\/v2\/categories?post=31340"},{"taxonomy":"post_tag","embeddable":true,"href":"https:\/\/www.cnbb.org.br\/cnbb-app\/wp\/v2\/tags?post=31340"}],"curies":[{"name":"wp","href":"https:\/\/api.w.org\/{rel}","templated":true}]}}