{"id":31357,"date":"2018-08-15T00:00:00","date_gmt":"2018-08-15T03:00:00","guid":{"rendered":"https:\/\/www.cnbb.org.br\/papa-francisco-reza-o-angelus-nesta-quarta-feira-15-de-junho-e-lembra-n-sra-da-gloria\/"},"modified":"2018-08-15T00:00:00","modified_gmt":"2018-08-15T03:00:00","slug":"papa-francisco-reza-o-angelus-nesta-quarta-feira-15-de-junho-e-lembra-n-sra-da-gloria","status":"publish","type":"post","link":"https:\/\/www.cnbb.org.br\/papa-francisco-reza-o-angelus-nesta-quarta-feira-15-de-junho-e-lembra-n-sra-da-gloria\/","title":{"rendered":"Papa Francisco reza o &#8220;Angelus&#8221; nesta quarta-feira, 15 de agosto, e lembra N. Sra. da Gl\u00f3ria"},"content":{"rendered":"<p style=\"text-align: justify\">Milhares atenderam ao apelo da Comunidade de Santo Eg\u00eddio e v\u00e3o festejar juntos a \u201cAssunta\u201d. Quem for \u00e0 Pra\u00e7a S\u00e3o Pedro, ou estiver ligado no Vatican News, poder\u00e1 acompanhar ao vivo a ora\u00e7\u00e3o do Angelus do Papa Francisco.<\/p>\n<p style=\"text-align: justify\">O dia em que a Igreja celebra Nossa Senhora da Gl\u00f3ria, 15 de agosto, \u00e9 um tradicional feriado de ver\u00e3o em muitos pa\u00edses europeus. Com temperaturas t\u00f3rridas, escolas fechadas, com\u00e9rcio e transporte reduzidos, muitos deixam as cidades e que tem a possibilidade, busca al\u00edvio ao calor perto do mar ou em colinas e montanhas.<\/p>\n<p style=\"text-align: justify\">Al\u00e9m dos trabalhadores que garantem servi\u00e7os essenciais, permanecem nos grandes centros muitos pobres, migrantes, idosos e pessoas s\u00f3s.<\/p>\n<p style=\"text-align: justify\">Em dezenas de cidades italianas, milhares deles atenderam ao apelo feito pela Comunidade de Santo Eg\u00eddio e v\u00e3o sair de suas casas, de norte a sul do pa\u00eds, e festejar juntos a \u201cAssunta\u201d na grande \u201cCocomerata (festa da melancia) da Integra\u00e7\u00e3o\u201d.<\/p>\n<p style=\"text-align: justify\"><strong>Pensando no futuro com responsabilidade<\/strong><br \/>\nNestes tempos em que epis\u00f3dios de intoler\u00e2ncia, desconfian\u00e7a, pessimismo e at\u00e9 agressividade contra estrangeiros est\u00e3o se tornando comuns, a Comunidade quer recordar que \u201cviver juntos \u00e9 tradi\u00e7\u00e3o e realidade na It\u00e1lia\u201d. Como exemplo, cita os tantos migrantes que trabalham como ajuda dom\u00e9stica na casa dos italianos, cuidando de crian\u00e7as e idosos.<\/p>\n<p style=\"text-align: justify\">Assim \u2013 apela a Comunidade \u2013 que esta festa de \u201cFerragosto\u201d seja um modo de olhar ao futuro com responsabilidade: n\u00e3o ao medo, sim \u00e0 integra\u00e7\u00e3o e ao \u2018viver juntos\u2019 que garante a todos \u2013 italianos e migrantes \u2013 seguran\u00e7a e trabalho.<\/p>\n<p style=\"text-align: justify\"><strong>Angelus com o Papa<\/strong><br \/>\nO Papa Francisco reza a tradicional ora\u00e7\u00e3o mariana do Angelus ao meio-dia, da sacada de seu escrit\u00f3rio. O Vatican News transmite em streaming. O sinal \u00e9 enviado a todas as r\u00e1dios e TVs em conex\u00e3o direta.<\/p>\n<p style=\"text-align: right\"><em>(Texto: Vatican News)<\/em><\/p>\n","protected":false},"excerpt":{"rendered":"<p>O dia em que a Igreja celebra Nossa Senhora da Gl\u00f3ria, 15 de agosto, \u00e9 um tradicional feriado de ver\u00e3o em muitos pa\u00edses europeus<\/p>\n","protected":false},"author":83,"featured_media":31358,"comment_status":"closed","ping_status":"open","sticky":false,"template":"","format":"standard","meta":{"site-sidebar-layout":"default","site-content-layout":"default","ast-global-header-display":"","ast-banner-title-visibility":"","ast-main-header-display":"","ast-hfb-above-header-display":"","ast-hfb-below-header-display":"","ast-hfb-mobile-header-display":"","site-post-title":"","ast-breadcrumbs-content":"","ast-featured-img":"","footer-sml-layout":"","theme-transparent-header-meta":"","adv-header-id-meta":"","stick-header-meta":"","header-above-stick-meta":"","header-main-stick-meta":"","header-below-stick-meta":""},"categories":[784],"tags":[],"acf":[],"_links":{"self":[{"href":"https:\/\/www.cnbb.org.br\/cnbb-app\/wp\/v2\/posts\/31357"}],"collection":[{"href":"https:\/\/www.cnbb.org.br\/cnbb-app\/wp\/v2\/posts"}],"about":[{"href":"https:\/\/www.cnbb.org.br\/cnbb-app\/wp\/v2\/types\/post"}],"author":[{"embeddable":true,"href":"https:\/\/www.cnbb.org.br\/cnbb-app\/wp\/v2\/users\/83"}],"replies":[{"embeddable":true,"href":"https:\/\/www.cnbb.org.br\/cnbb-app\/wp\/v2\/comments?post=31357"}],"version-history":[{"count":0,"href":"https:\/\/www.cnbb.org.br\/cnbb-app\/wp\/v2\/posts\/31357\/revisions"}],"wp:featuredmedia":[{"embeddable":true,"href":"https:\/\/www.cnbb.org.br\/cnbb-app\/wp\/v2\/media\/31358"}],"wp:attachment":[{"href":"https:\/\/www.cnbb.org.br\/cnbb-app\/wp\/v2\/media?parent=31357"}],"wp:term":[{"taxonomy":"category","embeddable":true,"href":"https:\/\/www.cnbb.org.br\/cnbb-app\/wp\/v2\/categories?post=31357"},{"taxonomy":"post_tag","embeddable":true,"href":"https:\/\/www.cnbb.org.br\/cnbb-app\/wp\/v2\/tags?post=31357"}],"curies":[{"name":"wp","href":"https:\/\/api.w.org\/{rel}","templated":true}]}}