{"id":31365,"date":"2018-08-15T00:00:00","date_gmt":"2018-08-15T03:00:00","guid":{"rendered":"https:\/\/www.cnbb.org.br\/cnbb-estreia-coluna-no-jornal-noticias-em-trinta-da-radio-aparecida\/"},"modified":"2020-10-23T15:31:44","modified_gmt":"2020-10-23T18:31:44","slug":"cnbb-estreia-coluna-no-jornal-noticias-em-trinta-da-radio-aparecida","status":"publish","type":"post","link":"https:\/\/www.cnbb.org.br\/cnbb-estreia-coluna-no-jornal-noticias-em-trinta-da-radio-aparecida\/","title":{"rendered":"CNBB estreia coluna no jornal \u201cNot\u00edcias em trinta\u201d da R\u00e1dio Aparecida"},"content":{"rendered":"<p style=\"text-align: justify\">A Confer\u00eancia Nacional dos Bispos do Brasil (CNBB) amplia sua participa\u00e7\u00e3o nos meios de comunica\u00e7\u00e3o e estreia na R\u00e1dio Aparecida. Toda quarta-feira, \u00e0s 7h15, o jornal matutino \u201cNot\u00edcias em trinta\u201d, que traz as principais not\u00edcias do Brasil e do mundo vai contar com uma coluna fixa com os principais destaques das atividades e a\u00e7\u00f5es dos bispos da CNBB.<\/p>\n<p style=\"text-align: justify\">A participa\u00e7\u00e3o ao vivo ser\u00e1 feita pelos jornalistas da equipe de assessoria de imprensa da Confer\u00eancia de forma direta e descontra\u00edda. Semanalmente, os ouvintes ter\u00e3o informa\u00e7\u00f5es relevantes sobre \u00e0s atividades do episcopado brasileiro.<\/p>\n<p style=\"text-align: justify\">O assessor de imprensa da CNBB, padre Rafael Vieira, ressalta que:\u00a0<em>\u201cNosso trabalho na assessoria de imprensa tem obedecido um planejamento estrat\u00e9gico de comunica\u00e7\u00e3o no qual o R\u00e1dio tem grande import\u00e2ncia. Reconhecemos que a for\u00e7a das emissoras \u00e9 enorme, sobretudo no interior do Pa\u00eds, e, por isso, esse novo passo \u00e9 de grande import\u00e2ncia para n\u00f3s\u201d.<\/em><\/p>\n<p style=\"font-weight: 400;text-align: justify\">\u201c<em>A participa\u00e7\u00e3o regular da CNBB no radiojornal da Rede Aparecida \u00e9 motivo de alegria para nossa equipe e concretiza a nossa inten\u00e7\u00e3o de levar a um n\u00famero maior de pessoas as palavras e as a\u00e7\u00f5es dos nossos bispos em favor da evangeliza\u00e7\u00e3o e do Brasil\u201d.<\/em><\/p>\n<figure id=\"attachment_198950\" aria-describedby=\"caption-attachment-198950\" style=\"width: 230px\" class=\"wp-caption alignright\"><img decoding=\"async\" loading=\"lazy\" class=\"wp-image-198950\" style=\"text-align: justify\" src=\"https:\/\/www.cnbb.org.br\/wp-content\/uploads\/2020\/03\/R\u00e1dio-Aparecida-e1534259476729-300x241-1.jpg\" alt=\"\" width=\"230\" height=\"185\" \/><figcaption id=\"caption-attachment-198950\" class=\"wp-caption-text\"><em>Divulga\u00e7\u00e3o<\/em><\/figcaption><\/figure>\n<p style=\"text-align: justify\">A R\u00e1dio Aparecida pode ser sintonizada em 104,3 FM ou 820 AM, ondas curtas e ondas tropicais. Os ouvintes tamb\u00e9m podem acompanhar a programa\u00e7\u00e3o da r\u00e1dio pela internet no Portal A12.com, no celular e tablets pelo aplicativo da R\u00e1dio Aparecida, que est\u00e1 dispon\u00edvel gratuitamente nas plataformas Android ou iOS.<\/p>\n<p style=\"text-align: justify\"><strong>Jornal \u201cNot\u00edcias em Trinta\u201d<\/strong><\/p>\n<p style=\"text-align: justify\">Diariamente de 7h \u00e0s 7h30, ao vivo pata todo o Brasil, Est\u00e9fani Braz e Carolina Barros comandam o \u201cNot\u00edcias em Trinta\u201d. O notici\u00e1rio matutino, que tem edi\u00e7\u00e3o de jornalismo de Andr\u00e9 Costa, traz as principais not\u00edcias do Brasil e do mundo com uma linguagem renovada e a colabora\u00e7\u00e3o de rep\u00f3rteres das r\u00e1dios parceiras.<\/p>\n<p style=\"text-align: justify\"><strong>Hist\u00f3ria da R\u00e1dio Aparecida<\/strong><\/p>\n<p style=\"text-align: justify\">A hist\u00f3ria da R\u00e1dio Aparecida come\u00e7ou em 1935, quando os Mission\u00e1rios Redentoristas perceberam a import\u00e2ncia do r\u00e1dio como meio de comunica\u00e7\u00e3o importante ao servi\u00e7o pastoral. A ideia foi amadurecida at\u00e9 a gera\u00e7\u00e3o da emissora no dia 8 de setembro de 1951 com o objetivo de anunciar o Evangelho de Cristo atrav\u00e9s das ondas radiof\u00f4nicas. Desde o in\u00edcio, a R\u00e1dio Aparecida ofereceu uma programa\u00e7\u00e3o com forma\u00e7\u00e3o crist\u00e3, m\u00fasicas de qualidade, informa\u00e7\u00e3o e presta\u00e7\u00e3o de servi\u00e7o com verdade e responsabilidade.<\/p>\n<p><img decoding=\"async\" loading=\"lazy\" class=\" wp-image-199042 alignleft\" src=\"https:\/\/www.cnbb.org.br\/wp-content\/uploads\/2020\/03\/podcasts-cnbb@4x-300x201-1.jpg\" alt=\"\" width=\"200\" height=\"134\" \/>Ou\u00e7a <a href=\"https:\/\/soundcloud.com\/user-939115135\" target=\"_blank\" rel=\"noopener\">aqui<\/a> o Podcast da coluna CNBB no R\u00e1dio<\/p>\n","protected":false},"excerpt":{"rendered":"<p>Toda quarta-feira, \u00e0s 7h15, informa\u00e7\u00f5es sobre \u00e0s atividades do episcopado brasileiro<\/p>\n","protected":false},"author":83,"featured_media":31367,"comment_status":"closed","ping_status":"open","sticky":false,"template":"","format":"standard","meta":{"site-sidebar-layout":"default","site-content-layout":"default","ast-global-header-display":"","ast-banner-title-visibility":"","ast-main-header-display":"","ast-hfb-above-header-display":"","ast-hfb-below-header-display":"","ast-hfb-mobile-header-display":"","site-post-title":"","ast-breadcrumbs-content":"","ast-featured-img":"","footer-sml-layout":"","theme-transparent-header-meta":"","adv-header-id-meta":"","stick-header-meta":"","header-above-stick-meta":"","header-main-stick-meta":"","header-below-stick-meta":""},"categories":[748,878],"tags":[3046],"acf":[],"_links":{"self":[{"href":"https:\/\/www.cnbb.org.br\/cnbb-app\/wp\/v2\/posts\/31365"}],"collection":[{"href":"https:\/\/www.cnbb.org.br\/cnbb-app\/wp\/v2\/posts"}],"about":[{"href":"https:\/\/www.cnbb.org.br\/cnbb-app\/wp\/v2\/types\/post"}],"author":[{"embeddable":true,"href":"https:\/\/www.cnbb.org.br\/cnbb-app\/wp\/v2\/users\/83"}],"replies":[{"embeddable":true,"href":"https:\/\/www.cnbb.org.br\/cnbb-app\/wp\/v2\/comments?post=31365"}],"version-history":[{"count":0,"href":"https:\/\/www.cnbb.org.br\/cnbb-app\/wp\/v2\/posts\/31365\/revisions"}],"wp:featuredmedia":[{"embeddable":true,"href":"https:\/\/www.cnbb.org.br\/cnbb-app\/wp\/v2\/media\/31367"}],"wp:attachment":[{"href":"https:\/\/www.cnbb.org.br\/cnbb-app\/wp\/v2\/media?parent=31365"}],"wp:term":[{"taxonomy":"category","embeddable":true,"href":"https:\/\/www.cnbb.org.br\/cnbb-app\/wp\/v2\/categories?post=31365"},{"taxonomy":"post_tag","embeddable":true,"href":"https:\/\/www.cnbb.org.br\/cnbb-app\/wp\/v2\/tags?post=31365"}],"curies":[{"name":"wp","href":"https:\/\/api.w.org\/{rel}","templated":true}]}}