{"id":31385,"date":"2018-08-15T00:00:00","date_gmt":"2018-08-15T03:00:00","guid":{"rendered":"https:\/\/www.cnbb.org.br\/dom-mario-migrantes-venezuelanos-dao-novos-tracos-a-igreja-em-roraima\/"},"modified":"2020-03-11T17:09:41","modified_gmt":"2020-03-11T20:09:41","slug":"dom-mario-migrantes-venezuelanos-dao-novos-tracos-a-igreja-em-roraima","status":"publish","type":"post","link":"https:\/\/www.cnbb.org.br\/dom-mario-migrantes-venezuelanos-dao-novos-tracos-a-igreja-em-roraima\/","title":{"rendered":"Dom M\u00e1rio: Migrantes venezuelanos d\u00e3o novos tra\u00e7os \u00e0 Igreja em Roraima"},"content":{"rendered":"<p style=\"text-align: justify\">J\u00e1 s\u00e3o mais de 50 mil venezuelanos que cruzaram a fronteira entre o pa\u00eds vizinho e o Brasil, ocupando Pacaraima, Boa Vista e outras cidades de Roraima. A situa\u00e7\u00e3o, de acordo com o bispo local, dom M\u00e1rio Ant\u00f4nio da Silva, \u201ccontinua muito dram\u00e1tica, tanto na quest\u00e3o do atendimento \u00e0 sa\u00fade, do atendimento educacional e tamb\u00e9m da seguran\u00e7a\u201d.<\/p>\n<p style=\"text-align: justify\">Em entrevista, o prelado comenta a pol\u00eamica em torno de um decreto do governo local que, na \u00faltima semana, pedia passaporte para acesso a servi\u00e7os p\u00fablicos. A medida foi suspensa pelo Supremo Tribunal Federal (STF). Dom M\u00e1rio tamb\u00e9m aborda o encaminhamento e a interioriza\u00e7\u00e3o de fam\u00edlias venezuelanas, o acesso a trabalho, a inser\u00e7\u00e3o dos migrantes no contexto pastoral da diocese e a cria\u00e7\u00e3o de um plano de integra\u00e7\u00e3o dos venezuelanos apoiado com os recursos do Fundo Nacional de Solidariedade (FNS) da Confer\u00eancia Nacional dos Bispos do Brasil (CNBB).<\/p>\n<p style=\"text-align: justify\">Tamb\u00e9m falou sobre uma situa\u00e7\u00e3o espec\u00edfica de Pacaraima, o p\u00e1roco da Par\u00f3quia Sagrado Cora\u00e7\u00e3o de Jesus, padre Jesus Lopez Fernandez de Bobadilla. Para ele \u00e9 um caso \u201calarmante\u201d.<\/p>\n<p style=\"text-align: justify\">Em Roraima, atualmente, dos 50 mil venezuelanos que cruzaram a fronteira, 10% est\u00e1 em nos abrigos, de acordo com dom M\u00e1rio. S\u00e3o mais de 2 mil pessoas nas ruas, cal\u00e7adas e pra\u00e7as da capital Boa Vista. Os demais est\u00e3o em casas alugadas ou ocupadas.<\/p>\n<p style=\"text-align: justify\">Confira a entrevista na \u00edntegra:<\/p>\n<p style=\"text-align: justify\"><strong>Gostar\u00edamos de atualizar as informa\u00e7\u00f5es sobre a realidade da migra\u00e7\u00e3o em Roraima. Sobre as dificuldades impostas pelo governo do estado, ao pedir passaporte para acesso aos servi\u00e7os p\u00fablicos. Ap\u00f3s a suspens\u00e3o pelo STF, o que mudou?<\/strong><br \/>\n<em>Na verdade, o governo do estado, atrav\u00e9s de um decreto, emitiu um pedido de passaporte para os imigrantes mediante os atendimentos ou servi\u00e7os p\u00fablicos, mas um decreto que n\u00e3o chegou a vigorar devido \u00e0 suspens\u00e3o do STF. Na verdade, o que mudou foi o acirramento dos \u00e2nimos tanto de venezuelanos, quanto de brasileiros, o que gerou um pouco mais de irrita\u00e7\u00e3o e coment\u00e1rios um tanto xen\u00f3fobos por parte da popula\u00e7\u00e3o brasileira. N\u00e3o causou grandes transtornos, tendo em vista que o decreto n\u00e3o entrou em execu\u00e7\u00e3o, mas na verdade a situa\u00e7\u00e3o continua muito dram\u00e1tica, tanto na quest\u00e3o do atendimento \u00e0 sa\u00fade, do atendimento educacional e tamb\u00e9m da seguran\u00e7a. Muitos casos de viol\u00eancia envolvendo brasileiros e venezuelanos. Uma situa\u00e7\u00e3o preocupante que nos faz estar vivendo numa cidade assim de uma tens\u00e3o muito grande. <\/em><\/p>\n<figure id=\"attachment_165290\" aria-describedby=\"caption-attachment-165290\" style=\"width: 300px\" class=\"wp-caption alignright\"><img decoding=\"async\" loading=\"lazy\" class=\"wp-image-165290 size-medium\" src=\"https:\/\/www.cnbb.org.br\/wp-content\/uploads\/2020\/03\/Dom-Mario-Antonio-Silva-2-760-300x168.jpg\" alt=\"\" width=\"300\" height=\"168\" \/><figcaption id=\"caption-attachment-165290\" class=\"wp-caption-text\"><em>Dom M\u00e1rio Ant\u00f4nio da Silva<\/em><\/figcaption><\/figure>\n<p style=\"text-align: justify\"><em>A gente espera que essas atitudes do governo do estado possam abrir um pouco mais o olho do Governo Federal, porque o Governo Federal est\u00e1 dando uma ajuda muito t\u00edmida para a quest\u00e3o migrat\u00f3ria aqui em Roraima. Tem aqui o Ex\u00e9rcito com a For\u00e7a Tarefa Humanit\u00e1ria, os milh\u00f5es [de reais] todos no Minist\u00e9rio da Defesa, mas que atende nos abrigos cerca de 10% da popula\u00e7\u00e3o migrante e refugiada no Estado de Roraima, ent\u00e3o atende uma popula\u00e7\u00e3o muito pequena. Essas atitudes do Governo do Estado, mais do que efetiv\u00e1-las em si s\u00e3o para importunar ou provocar o Governo Federal a dar mais aten\u00e7\u00e3o, ou seja, subsidiar economicamente o setor da sa\u00fade, da educa\u00e7\u00e3o, da seguran\u00e7a e outros fundamentais da vida da popula\u00e7\u00e3o brasileira e tamb\u00e9m dos migrantes.<\/em><\/p>\n<p style=\"text-align: justify\"><strong>Como tem acontecido o encaminhamento e a interioriza\u00e7\u00e3o de fam\u00edlias venezuelanas? E o acesso a trabalho e melhores condi\u00e7\u00f5es tem sido promovido de que forma e por quem?<\/strong><br \/>\n<em>Um dos principais pontos do projeto do Governo Federal, atrav\u00e9s do Minist\u00e9rio da Defesa, com a For\u00e7a Tarefa Humanit\u00e1ria comandada pelas For\u00e7as Armadas, sobretudo o Ex\u00e9rcito, \u00e9 realmente a interioriza\u00e7\u00e3o de pessoas e fam\u00edlias venezuelanas nos demais estados no Brasil. \u00c9 um trabalho que come\u00e7ou, mas, at\u00e9 o dia de hoje foram interiorizadas pouco mais de 800 pessoas. O que se concluiu \u00e9 que est\u00e1 sendo uma interioriza\u00e7\u00e3o muito lenta, talvez por falta de abertura dos estados e munic\u00edpios em acolher e prontificar para viabilizar trabalho e fonte de renda para os venezuelanos em suas localidades. De tal maneira que o processo de interioriza\u00e7\u00e3o n\u00e3o est\u00e1 sendo a contento. Na quest\u00e3o de trabalho e melhores condi\u00e7\u00f5es, aqueles que est\u00e3o em Boa Vista procuram atrav\u00e9s de trabalhos informais, muitos empres\u00e1rios, pequenos empres\u00e1rios, muitas fam\u00edlias, muitos sitiantes est\u00e3o possibilitando trabalho e gera\u00e7\u00e3o de renda para os migrantes. <\/em><\/p>\n<p style=\"text-align: justify\"><em>A gente tem at\u00e9 reconhecido e valorizado todas as pessoas, institui\u00e7\u00f5es e empresas que t\u00eam gerado emprego e oferecido oportunidade de renda para a popula\u00e7\u00e3o migrante, sem esquecer, evidentemente, tamb\u00e9m as necessidades de brasileiros e brasileiras \u00e0 luz de tanto desemprego em nossa na\u00e7\u00e3o. <\/em><\/p>\n<p style=\"text-align: justify\"><em>Estamos com v\u00e1rios projetos e parcerias na tentativa de provocar ou construir algo no campo da gera\u00e7\u00e3o de renda, mas ainda n\u00e3o temos nada efetivado. O que se depende \u00e9 da boa vontade das pessoas que podem oferecer oportunidade de emprego e a\u00ed uma oportunidade de gera\u00e7\u00e3o de renda. Em v\u00e1rios servi\u00e7os, inclusive na diocese, temos oferecido vaga de trabalho para os venezuelanos que est\u00e3o a\u00ed com qualifica\u00e7\u00e3o para o mercado de trabalho.<\/em><\/p>\n<p>&nbsp;<\/p>\n<p style=\"text-align: justify\"><strong>&#8211; &#8211; Uma quest\u00e3o interessante do ponto de vista da evangeliza\u00e7\u00e3o: A Igreja de Roraima j\u00e1 pode ser considerada com um novo rosto? Como tem sido a acolhida e a inser\u00e7\u00e3o destes irm\u00e3os no contexto pastoral da Igreja?<\/strong><br \/>\n<em>Temos dito, desde 2016, que a nossa vida mudou. O cen\u00e1rio de Roraima mudou, de nossas cidades e tamb\u00e9m de nossas comunidades. Mudou tamb\u00e9m a maneira de rezarmos, a maneira tamb\u00e9m fazermos a caridade e de conviver com nossos irm\u00e3os venezuelanos. Uma quest\u00e3o muito importante que acontece aqui s\u00e3o as programa\u00e7\u00f5es pastorais e celebrativas em l\u00edngua espanhola e na l\u00edngua ind\u00edgena Warao para possibilitar a eles uma melhor participa\u00e7\u00e3o. V\u00e1rias comunidades aqui de Boa Vista e tamb\u00e9m de outros munic\u00edpios onde se encontram os venezuelanos, t\u00eam oferecido espa\u00e7o para estudo da l\u00edngua portuguesa, para orienta\u00e7\u00f5es de documenta\u00e7\u00e3o e at\u00e9 mesmo de possibilidade de estar se integrando entre eles para se formarem como grupo, se encontrarem como fam\u00edlias e como grupos em nosso meio. Se ainda n\u00e3o tem um novo rosto, a Igreja de Roraima j\u00e1 tem novos tra\u00e7os. E esses tra\u00e7os s\u00e3o dos migrantes venezuelanos que v\u00eam com sua alegria, com a sua espiritualidade, com sua participa\u00e7\u00e3o no canto lit\u00fargico, tamb\u00e9m na dan\u00e7a e em todas outras atividades de nossas comunidades. <\/em><\/p>\n<p style=\"text-align: justify\"><em><img decoding=\"async\" loading=\"lazy\" class=\"size-medium wp-image-187425 alignleft\" src=\"https:\/\/www.cnbb.org.br\/wp-content\/uploads\/2020\/02\/domM\u00e1rio.jpg\" alt=\"\" width=\"300\" height=\"200\" \/>A acolhida e a inser\u00e7\u00e3o t\u00eam exigido bastante de algumas comunidades que t\u00eam ao redor de suas Igrejas, at\u00e9 mesmo da resid\u00eancia de nossos fi\u00e9is, os venezuelanos que est\u00e3o nas ruas, porque, infelizmente, com toda a popula\u00e7\u00e3o migrante em Roraima, s\u00f3 na capital Boa Vista tem mais de 2 mil pessoas nas ruas. <\/em><\/p>\n<p style=\"text-align: justify\"><em>O trabalho de inser\u00e7\u00e3o n\u00e3o est\u00e1 sendo f\u00e1cil, at\u00e9 mesmo no contexto da Igreja, mas tem existido por parte dos nossos irm\u00e3os cat\u00f3licos e at\u00e9 mesmo de outras religi\u00f5es, mobiliza\u00e7\u00f5es de grupos para oferecer alimenta\u00e7\u00e3o e roupa, para se mobilizar campanhas at\u00e9 de rem\u00e9dio ou providenciar o necess\u00e1rio tratamento para eles. <\/em><\/p>\n<p style=\"text-align: justify\"><strong>Plano de Integra\u00e7\u00e3o<\/strong><br \/>\n<em>N\u00f3s estamos elaborando neste m\u00eas um \u201cplano de integra\u00e7\u00e3o\u201d que est\u00e1 sendo pensado juntamente com a C\u00e1ritas Brasileira, com v\u00e1rias institui\u00e7\u00f5es, organismos, congrega\u00e7\u00f5es e com institui\u00e7\u00f5es que est\u00e3o trabalhando com a migra\u00e7\u00e3o aqui em Roraima.\u00a0<\/em><em>\u00c9 um plano de integra\u00e7\u00e3o que tem o apoio total da CNBB, atrav\u00e9s do Fundo Nacional de Solidariedade. E queremos contar com a colabora\u00e7\u00e3o de arquidioceses, dioceses e par\u00f3quias, tamb\u00e9m contar com o apoio da C\u00e1ritas Brasileira, diocesanas e c\u00e1ritas paroquiais, al\u00e9m de contar com as congrega\u00e7\u00f5es religiosas e outras institui\u00e7\u00f5es que participam de nossas comunidades cat\u00f3licas.\u00a0<\/em><em>Tamb\u00e9m estaremos abrindo este plano para coopera\u00e7\u00e3o de outras institui\u00e7\u00f5es e organismos que visem e que possibilitem a acolhida de fam\u00edlias e pessoas venezuelanas em suas localidades. <\/em><\/p>\n<p style=\"text-align: justify\"><em>A gente espera que, com esse plano de integra\u00e7\u00e3o, possamos dar mais dignidade \u00e0 popula\u00e7\u00e3o venezuelana que chega a Roraima e, sem condi\u00e7\u00f5es de se permanecer aqui dignamente, poder\u00e3o viver com esperan\u00e7a e dignidade em outra regi\u00e3o do Brasil.<\/em><\/p>\n<p>&nbsp;<\/p>\n<p style=\"text-align: justify\">Dom M\u00e1rio pede ao <strong>padre Jesus Lopez Fernandez de Bobadilla, da par\u00f3quia Sagrado Cora\u00e7\u00e3o de Jesus<\/strong>, onde acontecem v\u00e1rios trabalhos de acolhimento e acompanhamento para com os venezuelanos, que fale como est\u00e1 a situa\u00e7\u00e3o dos \u00faltimos dias em\u00a0Pacaraima.<\/p>\n<figure id=\"attachment_199069\" aria-describedby=\"caption-attachment-199069\" style=\"width: 300px\" class=\"wp-caption alignright\"><img decoding=\"async\" loading=\"lazy\" class=\"size-medium wp-image-199069\" src=\"https:\/\/www.cnbb.org.br\/wp-content\/uploads\/2020\/03\/MIgrantes-padre-Jesus-300x163-1.jpg\" alt=\"\" width=\"300\" height=\"163\" \/><figcaption id=\"caption-attachment-199069\" class=\"wp-caption-text\"><em>Migrantes e dom M\u00e1rio celebram anivers\u00e1rio do padre Jesus | Diocese de Roraima\/reprodu\u00e7\u00e3o Facebook<\/em><\/figcaption><\/figure>\n<p style=\"text-align: justify\"><em>A situa\u00e7\u00e3o nos \u00faltimos dias aqui em Pacaraima \u00e9 simplesmente alarmante. O n\u00famero de nossos irm\u00e3os venezuelanos que chegam \u00e0 nossa pequena e pacata cidade est\u00e1 se multiplicando. Eles v\u00eam, ali\u00e1s, com pressa, com medo de que aconte\u00e7a o que correu em boato de que a fronteira seria fechada. Ent\u00e3o, l\u00f3gico, o n\u00famero de venezuelanos se multiplicou. Eu calculo mais de tr\u00eas mil pessoas na rua, passando frio, passando fome, enfrentando a chuva. E n\u00f3s, como par\u00f3quia, tentamos palear de alguma maneira essa situa\u00e7\u00e3o. <\/em><\/p>\n<p style=\"text-align: justify\"><em>Faz mais de um ano que inauguramos o caf\u00e9 fraterno, damos caf\u00e9 da manh\u00e3 para os venezuelanos. Hoje [ontem, dia 14 de agosto] foi algo tremendo: n\u00f3s estamos dando uns 1600 por dia e hoje ficaram mais de 500 pessoas sem caf\u00e9. Tanto \u00e9 assim que, j\u00e1 amanh\u00e3 [hoje], estamos j\u00e1 dispondo de caf\u00e9 e p\u00e3o para umas 2 mil pessoas. A perspectiva n\u00e3o \u00e9 boa, os sinais que vem de Caracas continuam sendo alarmantes e n\u00e3o sei se continua assim, a situa\u00e7\u00e3o est\u00e1 \u2018explosiva\u2019. <\/em><\/p>\n<p style=\"text-align: justify\"><em>Que Deus continue nos ajudando e procuremos tamb\u00e9m que os governos do mundo inteiro pressionem as autoridades venezuelanas para que procurem fazer alguma coisa que favore\u00e7a a popula\u00e7\u00e3o, que simplesmente est\u00e1 morrendo de fome e fugindo para n\u00e3o morrer de fome. No Brasil, aqui em Pacaraima, est\u00e1 uma demonstra\u00e7\u00e3o de acolhida e atendimento a este povo t\u00e3o maltratado.<\/em><\/p>\n","protected":false},"excerpt":{"rendered":"<p>Bispo de Roraima traz informa\u00e7\u00f5es atualizadas sobre os venezuelanos que chegam ao Brasil e anuncia plano de integra\u00e7\u00e3o apoiado pelo FNS da CNBB<\/p>\n","protected":false},"author":83,"featured_media":31387,"comment_status":"closed","ping_status":"open","sticky":false,"template":"","format":"standard","meta":{"site-sidebar-layout":"default","site-content-layout":"default","ast-global-header-display":"","ast-banner-title-visibility":"","ast-main-header-display":"","ast-hfb-above-header-display":"","ast-hfb-below-header-display":"","ast-hfb-mobile-header-display":"","site-post-title":"","ast-breadcrumbs-content":"","ast-featured-img":"","footer-sml-layout":"","theme-transparent-header-meta":"","adv-header-id-meta":"","stick-header-meta":"","header-above-stick-meta":"","header-main-stick-meta":"","header-below-stick-meta":""},"categories":[1],"tags":[],"acf":[],"_links":{"self":[{"href":"https:\/\/www.cnbb.org.br\/cnbb-app\/wp\/v2\/posts\/31385"}],"collection":[{"href":"https:\/\/www.cnbb.org.br\/cnbb-app\/wp\/v2\/posts"}],"about":[{"href":"https:\/\/www.cnbb.org.br\/cnbb-app\/wp\/v2\/types\/post"}],"author":[{"embeddable":true,"href":"https:\/\/www.cnbb.org.br\/cnbb-app\/wp\/v2\/users\/83"}],"replies":[{"embeddable":true,"href":"https:\/\/www.cnbb.org.br\/cnbb-app\/wp\/v2\/comments?post=31385"}],"version-history":[{"count":0,"href":"https:\/\/www.cnbb.org.br\/cnbb-app\/wp\/v2\/posts\/31385\/revisions"}],"wp:featuredmedia":[{"embeddable":true,"href":"https:\/\/www.cnbb.org.br\/cnbb-app\/wp\/v2\/media\/31387"}],"wp:attachment":[{"href":"https:\/\/www.cnbb.org.br\/cnbb-app\/wp\/v2\/media?parent=31385"}],"wp:term":[{"taxonomy":"category","embeddable":true,"href":"https:\/\/www.cnbb.org.br\/cnbb-app\/wp\/v2\/categories?post=31385"},{"taxonomy":"post_tag","embeddable":true,"href":"https:\/\/www.cnbb.org.br\/cnbb-app\/wp\/v2\/tags?post=31385"}],"curies":[{"name":"wp","href":"https:\/\/api.w.org\/{rel}","templated":true}]}}