{"id":31404,"date":"2018-08-17T00:00:00","date_gmt":"2018-08-17T03:00:00","guid":{"rendered":"https:\/\/www.cnbb.org.br\/presidente-da-comissao-de-educacao-e-cultura-da-cnbb-apresenta-5-pontos-que-merecem-atencao-dos-cristaos-no-periodo-eleitoral\/"},"modified":"2018-08-17T00:00:00","modified_gmt":"2018-08-17T03:00:00","slug":"presidente-da-comissao-de-educacao-e-cultura-da-cnbb-apresenta-5-pontos-que-merecem-atencao-dos-cristaos-no-periodo-eleitoral","status":"publish","type":"post","link":"https:\/\/www.cnbb.org.br\/presidente-da-comissao-de-educacao-e-cultura-da-cnbb-apresenta-5-pontos-que-merecem-atencao-dos-cristaos-no-periodo-eleitoral\/","title":{"rendered":"Bispo auxiliar de Belo Horizonte (MG) apresenta 5 pontos que merecem aten\u00e7\u00e3o no per\u00edodo eleitoral"},"content":{"rendered":"<div style=\"text-align: justify\">\n<p>Apesar do desencanto, da descren\u00e7a e da falta de confian\u00e7a na Pol\u00edtica no Brasil, o bispo auxiliar da arquidiocese de Belo Horizonte (MG), dom Joaquim Geovani Mol defende que \u00e9 importante acompanhar o processo eleitoral pelo qual o pa\u00eds atravessa com as campanhas j\u00e1 nas ruas em plena busca de votos.<\/p>\n<p>O reitor da pontif\u00edcia Universidade Cat\u00f3lica de Minas Gerais afirma que a pol\u00edtica n\u00e3o \u00e9 um mau sem si. \u201cO mau s\u00e3o os pol\u00edticos eleitos para trabalharem pelo bem comum e que passam a trabalhar pelos seus pr\u00f3prios interesses e interesses de grupos econ\u00f4micos e elitistas da sociedade brasileira\u201d, afirmou.<\/p>\n<p>Neste processo eleitoral que o Brasil est\u00e1 vivendo, o religioso convoca os crist\u00e3os a ficarem atentos \u00e0s falsas informa\u00e7\u00f5es, conhecidas como \u201cFake News\u201d. \u201cAntes de acreditar, desconfie. Nunca passe adiante uma informa\u00e7\u00e3o que voc\u00ea n\u00e3o tem certeza sobre ela\u201d, ressaltou.\u00a0H\u00e1 uma outra quest\u00e3o crucial, de vida ou morte, em sua avalia\u00e7\u00e3o: \u201cA que segmento da sociedade e segmento pol\u00edtico o candidato est\u00e1 vinculado?\u201d. \u00a0\u201cIsso \u00e9 indispens\u00e1vel porque, embora todos dizem que \u00e9 necess\u00e1rio &#8216;mudar&#8217; o Brasil, muitos querem mesmo \u00e9 \u2018continuar tirando proveito\u2019 do Brasil\u201d, avaliou.<\/p>\n<p>Outra postura importante, ressalta dom Mol, \u00e9 confrontar as informa\u00e7\u00f5es que est\u00e3o sendo disseminadas com a trajet\u00f3ria e com a vida do candidato, sempre com algumas perguntas em mente: Como ele vive? Quem s\u00e3o seus amigos? Com quem ele anda? O que ele faz com os pobres? J\u00e1 exerceu cargos pol\u00edticos? \u00c9 um defensor das causas populares? Est\u00e1 envolvido com corrup\u00e7\u00e3o? Usa a religi\u00e3o para se promover? \u00c9 democr\u00e1tico? Respeita as diversidades? Estimula a participa\u00e7\u00e3o das pessoas? Pensa e trabalha por um Brasil mais justo e fraterno? \u00c9 uma pessoa de paz e di\u00e1logo?<\/p>\n<p>\u201cS\u00f3 mesmo confrontando o que \u2018falam\u2019 com o que \u2018fazem\u2019 ou fizeram at\u00e9 agora poderemos ter mais possibilidade de acerto na escolha\u201d, refor\u00e7a. O religioso tamb\u00e9m chama a aten\u00e7\u00e3o para a import\u00e2ncia de prestar aten\u00e7\u00e3o \u00e0s ideias dos candidatos alertando que muitas delas s\u00e3o pregadas em tempo de campanha eleitoral apenas para satisfazer o eleitor e faz\u00ea-lo acreditar que, o que ele deseja, est\u00e1 expresso naquelas ideias, mas apenas como recurso para angariar votos.<\/p>\n<\/div>\n<div style=\"text-align: justify\">\n<p><span style=\"color: #0000ff\"><strong><img decoding=\"async\" loading=\"lazy\" class=\"size-medium wp-image-199134 alignleft\" src=\"https:\/\/www.cnbb.org.br\/wp-content\/uploads\/2020\/03\/M\u00e3os-300x169.jpg\" alt=\"\" width=\"300\" height=\"169\" \/>5 pontos que merecem aten\u00e7\u00e3o dos crist\u00e3os no Per\u00edodo Eleitoral do Brasil:<\/strong><\/span><\/p>\n<p><span style=\"color: #0000ff\">1.<\/span><span style=\"text-align: justify\"> \u00c9 preciso identificar candidatos\/as que defendam a vida em toda em qualquer circunst\u00e2ncia, da gesta\u00e7\u00e3o ao seu t\u00e9rmino natural. Mas, como nos lembrou o Papa Francisco, \u00e9 preciso defender a vida tanto contra o aborto quanto contra as desigualdades sociais e suas mazelas e mis\u00e9rias. Pois ambos matam com a mesma intensidade. O papa e a Igreja s\u00e3o movidos pela mesma convic\u00e7\u00e3o, numa postura de coer\u00eancia, principalmente agora que ele declarou a pena de morte inaceit\u00e1vel em qualquer situa\u00e7\u00e3o.<\/span><\/p>\n<\/div>\n<div style=\"text-align: justify;padding-left: 60px\">\n<p><span style=\"color: #0000ff\">2.<\/span> \u00c9 preciso identificar candidatos\/as que priorizem tr\u00eas \u00e1reas de atua\u00e7\u00e3o de forma clara e inequ\u00edvoca e apresentem propostas concretas para a educa\u00e7\u00e3o, a sa\u00fade e o emprego. Uma das graves causas da situa\u00e7\u00e3o dif\u00edcil de nosso Pa\u00eds s\u00e3o os baixos n\u00edveis de qualidade na educa\u00e7\u00e3o, no cuidado da sa\u00fade e na gera\u00e7\u00e3o de empregos. Um povo educado com qualidade e consci\u00eancia cr\u00edtica, com boa sa\u00fade universalizada e pleno emprego consegue dar passos largos na constru\u00e7\u00e3o dos seus destinos.<\/p>\n<\/div>\n<div style=\"text-align: justify;padding-left: 60px\">\n<p><span style=\"color: #0000ff\">3.<\/span> \u00c9 preciso identificar candidatos\/as que tenham compromisso s\u00e9rio com o meio ambiente, numa express\u00e3o do cuidado com a Casa Comum e neste contexto seja inserido o compromisso de respeito e forte defesa dos povos tradicionais, comunidades ind\u00edgenas, ribeirinhas, negras e outras.<\/p>\n<\/div>\n<div style=\"text-align: justify;padding-left: 60px\">\n<p><span style=\"color: #0000ff\">4.<\/span> \u00c9 preciso identificar candidatos\/as que promovam a paz e a dignidade humana; trabalhem contra toda viol\u00eancia; restaurem a confian\u00e7a e a democracia, aperfei\u00e7oando-a com a participa\u00e7\u00e3o popular; comprometam-se com as reformas necess\u00e1rias de forma justa, sem supress\u00e3o de direitos do povo trabalhador e dos segmentos exclu\u00eddos da sociedade; colaborem com a necess\u00e1ria reforma do Judici\u00e1rio e do Minist\u00e9rio P\u00fablico do Pa\u00eds, que a cada dia se mostram como &#8220;castas&#8221; superiores e corporativistas.<\/p>\n<\/div>\n<div style=\"padding-left: 60px;text-align: justify\"><span style=\"color: #0000ff\">5.<\/span> Ainda, \u00e9 preciso identificar candidatos\/as que respeitem a laicidade do Estado e cuidem da pac\u00edfica conviv\u00eancia entre as v\u00e1rias culturas e religi\u00f5es, as regionalidades e as tradi\u00e7\u00f5es, com esp\u00edrito fraterno de toler\u00e2ncia e justi\u00e7a.<\/div>\n<div style=\"padding-left: 60px\"><\/div>\n","protected":false},"excerpt":{"rendered":"<p>Defesa da vida, educa\u00e7\u00e3o, sa\u00fade, emprego, cuidado com o meio ambiente e laicidade do Estado s\u00e3o valores que integram os pontos apresentados dom Joaquim Geovani Mol. &#8220;Apesar do desencanto, da descren\u00e7a e da falta de confian\u00e7a na Pol\u00edtica no Brasil \u00e9 importante acompanhar o processo eleitoral&#8221;, disse<\/p>\n","protected":false},"author":83,"featured_media":31405,"comment_status":"closed","ping_status":"open","sticky":false,"template":"","format":"standard","meta":{"site-sidebar-layout":"default","site-content-layout":"default","ast-global-header-display":"","ast-banner-title-visibility":"","ast-main-header-display":"","ast-hfb-above-header-display":"","ast-hfb-below-header-display":"","ast-hfb-mobile-header-display":"","site-post-title":"","ast-breadcrumbs-content":"","ast-featured-img":"","footer-sml-layout":"","theme-transparent-header-meta":"","adv-header-id-meta":"","stick-header-meta":"","header-above-stick-meta":"","header-main-stick-meta":"","header-below-stick-meta":""},"categories":[841],"tags":[],"acf":[],"_links":{"self":[{"href":"https:\/\/www.cnbb.org.br\/cnbb-app\/wp\/v2\/posts\/31404"}],"collection":[{"href":"https:\/\/www.cnbb.org.br\/cnbb-app\/wp\/v2\/posts"}],"about":[{"href":"https:\/\/www.cnbb.org.br\/cnbb-app\/wp\/v2\/types\/post"}],"author":[{"embeddable":true,"href":"https:\/\/www.cnbb.org.br\/cnbb-app\/wp\/v2\/users\/83"}],"replies":[{"embeddable":true,"href":"https:\/\/www.cnbb.org.br\/cnbb-app\/wp\/v2\/comments?post=31404"}],"version-history":[{"count":0,"href":"https:\/\/www.cnbb.org.br\/cnbb-app\/wp\/v2\/posts\/31404\/revisions"}],"wp:featuredmedia":[{"embeddable":true,"href":"https:\/\/www.cnbb.org.br\/cnbb-app\/wp\/v2\/media\/31405"}],"wp:attachment":[{"href":"https:\/\/www.cnbb.org.br\/cnbb-app\/wp\/v2\/media?parent=31404"}],"wp:term":[{"taxonomy":"category","embeddable":true,"href":"https:\/\/www.cnbb.org.br\/cnbb-app\/wp\/v2\/categories?post=31404"},{"taxonomy":"post_tag","embeddable":true,"href":"https:\/\/www.cnbb.org.br\/cnbb-app\/wp\/v2\/tags?post=31404"}],"curies":[{"name":"wp","href":"https:\/\/api.w.org\/{rel}","templated":true}]}}