{"id":31455,"date":"2018-08-20T00:00:00","date_gmt":"2018-08-20T03:00:00","guid":{"rendered":"https:\/\/www.cnbb.org.br\/diocese-de-campos-recebe-encontros-de-seminaristas-da-provincia-eclesiastica-de-niteroi\/"},"modified":"2018-08-20T00:00:00","modified_gmt":"2018-08-20T03:00:00","slug":"diocese-de-campos-recebe-encontros-de-seminaristas-da-provincia-eclesiastica-de-niteroi","status":"publish","type":"post","link":"https:\/\/www.cnbb.org.br\/diocese-de-campos-recebe-encontros-de-seminaristas-da-provincia-eclesiastica-de-niteroi\/","title":{"rendered":"Campos recebe Encontro de Seminaristas da Prov\u00edncia Eclesi\u00e1stica de Niter\u00f3i"},"content":{"rendered":"<p style=\"text-align: justify\">Seminaristas e Formadores participaram, no dia 17 de agosto, do\u00a0Encontro dos Seminaristas das Dioceses de Campos, Petr\u00f3polis, Arquidiocese de Niter\u00f3i e Administra\u00e7\u00e3o Apost\u00f3lica Pessoal S\u00e3o Jo\u00e3o Maria Vianey, da Prov\u00edncia Eclesi\u00e1stica de Niter\u00f3i. No evento, os religiosos participaram de momento de espiritualidade, forma\u00e7\u00e3o e conviv\u00eancia fraterna.<\/p>\n<p>A not\u00edcia completa est\u00e1 no site do <a href=\"http:\/\/cnbbleste1.org.br\/2018\/08\/diocese-de-campos-recebe-encontros-de-seminaristas-da-provincia-eclesiastica-de-niteroi\/\" target=\"_blank\" rel=\"noopener\">Regional Leste 1 da CNBB<\/a><\/p>\n","protected":false},"excerpt":{"rendered":"<p>Seminaristas e Formadores participaram, no dia 17 de agosto, do\u00a0Encontro dos Seminaristas das Dioceses de Campos, Petr\u00f3polis, Arquidiocese de Niter\u00f3i e Administra\u00e7\u00e3o Apost\u00f3lica Pessoal S\u00e3o Jo\u00e3o Maria Vianey, da Prov\u00edncia Eclesi\u00e1stica de Niter\u00f3i. No evento, os religiosos participaram de momento de espiritualidade, forma\u00e7\u00e3o e conviv\u00eancia fraterna. A not\u00edcia completa est\u00e1 no site do Regional Leste &hellip;<\/p>\n<p class=\"read-more\"> <a class=\"\" href=\"https:\/\/www.cnbb.org.br\/diocese-de-campos-recebe-encontros-de-seminaristas-da-provincia-eclesiastica-de-niteroi\/\"> <span class=\"screen-reader-text\">Campos recebe Encontro de Seminaristas da Prov\u00edncia Eclesi\u00e1stica de Niter\u00f3i<\/span> Leia mais &raquo;<\/a><\/p>\n","protected":false},"author":83,"featured_media":31456,"comment_status":"closed","ping_status":"open","sticky":false,"template":"","format":"standard","meta":{"site-sidebar-layout":"default","site-content-layout":"default","ast-global-header-display":"","ast-banner-title-visibility":"","ast-main-header-display":"","ast-hfb-above-header-display":"","ast-hfb-below-header-display":"","ast-hfb-mobile-header-display":"","site-post-title":"","ast-breadcrumbs-content":"","ast-featured-img":"","footer-sml-layout":"","theme-transparent-header-meta":"","adv-header-id-meta":"","stick-header-meta":"","header-above-stick-meta":"","header-main-stick-meta":"","header-below-stick-meta":""},"categories":[787,769],"tags":[],"acf":[],"_links":{"self":[{"href":"https:\/\/www.cnbb.org.br\/cnbb-app\/wp\/v2\/posts\/31455"}],"collection":[{"href":"https:\/\/www.cnbb.org.br\/cnbb-app\/wp\/v2\/posts"}],"about":[{"href":"https:\/\/www.cnbb.org.br\/cnbb-app\/wp\/v2\/types\/post"}],"author":[{"embeddable":true,"href":"https:\/\/www.cnbb.org.br\/cnbb-app\/wp\/v2\/users\/83"}],"replies":[{"embeddable":true,"href":"https:\/\/www.cnbb.org.br\/cnbb-app\/wp\/v2\/comments?post=31455"}],"version-history":[{"count":0,"href":"https:\/\/www.cnbb.org.br\/cnbb-app\/wp\/v2\/posts\/31455\/revisions"}],"wp:featuredmedia":[{"embeddable":true,"href":"https:\/\/www.cnbb.org.br\/cnbb-app\/wp\/v2\/media\/31456"}],"wp:attachment":[{"href":"https:\/\/www.cnbb.org.br\/cnbb-app\/wp\/v2\/media?parent=31455"}],"wp:term":[{"taxonomy":"category","embeddable":true,"href":"https:\/\/www.cnbb.org.br\/cnbb-app\/wp\/v2\/categories?post=31455"},{"taxonomy":"post_tag","embeddable":true,"href":"https:\/\/www.cnbb.org.br\/cnbb-app\/wp\/v2\/tags?post=31455"}],"curies":[{"name":"wp","href":"https:\/\/api.w.org\/{rel}","templated":true}]}}