{"id":31484,"date":"2018-08-23T00:00:00","date_gmt":"2018-08-23T03:00:00","guid":{"rendered":"https:\/\/www.cnbb.org.br\/rio-em-romaria\/"},"modified":"2018-08-23T00:00:00","modified_gmt":"2018-08-23T03:00:00","slug":"rio-em-romaria","status":"publish","type":"post","link":"https:\/\/www.cnbb.org.br\/rio-em-romaria\/","title":{"rendered":"Rio em romaria"},"content":{"rendered":"<p style=\"text-align: right\"><strong>Cardeal Orani Jo\u00e3o Tempesta<br \/>\n<\/strong><strong>Arcebispo Metropolitano de S\u00e3o Sebasti\u00e3o do Rio de Janeiro (RJ)<\/strong><em>\u00a0<\/em><\/p>\n<p style=\"text-align: justify\"><em>Somos Peregrinos do Senhor \u00e0 Casa da M\u00e3e de Deus e nossa, Romeiros de Senhora Aparecida Rainha e Padroeira do Brasil! <\/em>Quanta alegria e paz sentimos no cora\u00e7\u00e3o por estarmos mais uma vez como Peregrinos de Deus \u00e0 casa da M\u00e3e.\u00a0 Nossa Arquidiocese se rejubila de alegria por celebrar a peregrina\u00e7\u00e3o anual ao Santu\u00e1rio Nacional.\u00a0 Viemos a casa da M\u00e3e Aparecida, a Senhora do Brasil, nossa M\u00e3e, Rainha e Padroeira.<\/p>\n<p style=\"text-align: justify\">No site do Santu\u00e1rio Nacional quando se refere \u00e0s primeiras peregrina\u00e7\u00f5es recorda que \u201cem 1900 come\u00e7aram as grandes romarias que vinham ao Santu\u00e1rio para celebrar o ano jubilar da reden\u00e7\u00e3o, organizada pelas par\u00f3quias, dioceses, padres e bispos\u201d. Entre as grandes romarias destaque tamb\u00e9m para a \u201cArquidiocese do Rio de Janeiro em 16 de dezembro do mesmo ano\u201d. Portanto h\u00e1 118 anos que temos not\u00edcias do Rio de Janeiro peregrinando a Aparecida.<\/p>\n<p style=\"text-align: justify\">Essas peregrina\u00e7\u00f5es espor\u00e1dicas tornaram-se mais frequentes a partir de 1931 depois que a imagem hist\u00f3rica visitou o Rio de Janeiro para a proclama\u00e7\u00e3o como \u201cpadroeira do Brasil\u201d: conforme o portal de Aparecida, \u201clogo ap\u00f3s a realiza\u00e7\u00e3o do Congresso Mariano de 1929, por empenho do ent\u00e3o arcebispo do Rio de Janeiro, Dom Sebasti\u00e3o Leme, e do reitor do Santu\u00e1rio na \u00e9poca, padre Ant\u00e3o Jorge Hechenblaickner, os bispos presentes no Congresso pediram e obtiveram do Papa Pio XI, a gra\u00e7a de Nossa Senhora Aparecida ser declarada Padroeira do Brasil. O decreto foi assinado pelo papa no dia 16 de julho daquele ano e<strong>\u00a0a proclama\u00e7\u00e3o oficial se deu no Rio de Janeiro<\/strong>, ent\u00e3o Capital Federal, no dia 31 de maio de\u00a0<strong>1931<\/strong>, perante uma multid\u00e3o de fi\u00e9is, do Presidente da Rep\u00fablica, Dr. Get\u00falio Vargas, do Corpo Diplom\u00e1tico, de 25 bispos, do N\u00fancio Apost\u00f3lico, Dom Alo\u00edsio Masela, de autoridades civis e militares\u201d. Portanto, contando com a tradi\u00e7\u00e3o que vem desde D. Sebasti\u00e3o Lemes, nosso predecessor estamos na 87\u00ba romaria neste ano.<\/p>\n<p style=\"text-align: justify\">A partir do tricenten\u00e1rio da cria\u00e7\u00e3o da Diocese do Rio de Janeiro (1976), D. Eug\u00eanio de Ara\u00fajo Sales estabeleceu a ocasi\u00e3o e a organiza\u00e7\u00e3o da romaria: todo o \u00faltimo s\u00e1bado do m\u00eas de agosto. Portanto a tradi\u00e7\u00e3o do dia da peregrina\u00e7\u00e3o j\u00e1 tem 42 anos.<\/p>\n<p style=\"text-align: justify\">Neste ano em que o Santu\u00e1rio Nacional celebra o 40\u00ba anivers\u00e1rio da restaura\u00e7\u00e3o da imagem a nossa arquidiocese escolheu como lema de sua romaria \u201cbem-aventurada Virgem Maria, Aux\u00edlio dos crist\u00e3os\u201d.<\/p>\n<p style=\"text-align: justify\">Vivemos neste dia o clima de peregrina\u00e7\u00e3o presidida pelo Arcebispo Metropolitano, com seus bispos auxiliares, bispos em\u00e9ritos, sacerdotes, consagrados e consagradas, seminaristas e os fi\u00e9is que todos os anos, no \u00faltimo s\u00e1bado de agosto, acorreram ao Santu\u00e1rio Nacional.<\/p>\n<p style=\"text-align: justify\">A nossa peregrina\u00e7\u00e3o de ora\u00e7\u00e3o e comunh\u00e3o com a M\u00e3e de Deus e nossa, encontra as suas ra\u00edzes na devo\u00e7\u00e3o mariana que sempre marcou a vida de nosso Povo, o povo brasileiro cultiva este amor terno e filial a M\u00e3e acorrendo a este santu\u00e1rio todos os dias, um santu\u00e1rio que a todos acolhe com carinho e est\u00e1 ligado a um dos mais importantes santu\u00e1rios marianos do Mundo, lugar de ora\u00e7\u00e3o, ben\u00e7\u00e3o e prote\u00e7\u00e3o da M\u00e3e.<\/p>\n<p style=\"text-align: justify\">Nossa peregrina\u00e7\u00e3o ao Santu\u00e1rio Nacional marca o ano do Laicato para a Igreja No Brasil e enriquece de motiva\u00e7\u00e3o e b\u00ean\u00e7\u00e3os a caminhada pastoral de nossa igreja arquidiocesana.<\/p>\n<p style=\"text-align: justify\">Escolhemos como lema para a nossa peregrina\u00e7\u00e3o: \u201cBem-Aventurada Virgem Maria, aux\u00edlio dos crist\u00e3os\u201d. Invocar Nossa Senhora, como aux\u00edlio dos crist\u00e3os honra, louva, glorifica e foi institu\u00eddo para comprovar as in\u00fameras virtudes de Maria e a plenitude de gra\u00e7as com que foi favorecida. Esta invoca\u00e7\u00e3o mariana, conforme o site Cle\u00f3fas, encontra suas ra\u00edzes no ano de 1571, quando Selim I, imperador dos turcos, depois de conquistar v\u00e1rias ilhas do Mediterr\u00e2neo, lan\u00e7ou seu olhar de cobi\u00e7a sobre a Europa. Diante da in\u00e9rcia das na\u00e7\u00f5es crist\u00e3s, o Papa S\u00e3o Pio V resolveu organizar uma poderosa esquadra para salvar os crist\u00e3os da escravid\u00e3o que amea\u00e7ava. E para isso invocou o aux\u00edlio da Virgem Maria. Dom Jo\u00e3o D\u2019\u00c1ustria foi quem comandou as tropas crist\u00e3s. O Papa havia enviado para o Pr\u00edncipe um estandarte bordado com a imagem de Jesus crucificado e a recomenda\u00e7\u00e3o de que pedissem a prote\u00e7\u00e3o, o aux\u00edlio de Nossa Senhora. A prepara\u00e7\u00e3o dos soldados para a batalha consistiu em tr\u00eas dias de jejuns, ora\u00e7\u00f5es, recita\u00e7\u00e3o do ros\u00e1rio e prociss\u00f5es, suplicando a Deus a gra\u00e7a da vit\u00f3ria. O inimigo era superior em n\u00famero. Depois de receberem a Santa Comunh\u00e3o, partiram todos para a batalha. No dia 7 de outubro de 1571, invocando o nome de Maria, Aux\u00edlio dos Crist\u00e3os, os combatentes cat\u00f3licos travaram dura e decisiva batalha nas \u00e1guas da regi\u00e3o denominada Lepanto. Depois de horas de violentos combates quando, em v\u00e1rios momentos, a derrota parecia iminente, veio a vit\u00f3ria. Foi uma vit\u00f3ria obtida numa atmosfera carregada de religiosidade. Os gritos de \u201cViva Maria\u201d eram ouvidos com tanto fervor e intensidade que cobriam os gritos de guerra dos inimigos e abafavam o ru\u00eddo das ondas do mar. Narram as cr\u00f4nicas dos derrotados que uma \u201cformosa senhora\u201d foi vista no c\u00e9u e que seu olhar fulminante espalhava p\u00e2nico entre eles e alimentava o \u00e2nimo e disposi\u00e7\u00e3o de luta dos crist\u00e3os.<\/p>\n<p style=\"text-align: justify\">Hoje, diante de tantas dificuldades, viol\u00eancias, guerras, insultos e dificuldades de toda a sorte que tiram a paz das cidades e dos campos queremos aos p\u00e9s da Virgem Aparecida, como auxiliadora dos crist\u00e3os, pedir paz e conc\u00f3rdia para a cidade e o Estado do Rio de Janeiro. A Senhora Aparecida constituir\u00e1 o aux\u00edlio para os crist\u00e3os reencontrarem a paz e viverem a solidariedade.<\/p>\n<p style=\"text-align: justify\">Por isso \u00e9 muito bom estarmos aqui, para nos encontrar juntos da M\u00e3e e aos seus p\u00e9s invocar- lhe um novo impulso e um novo entusiasmo para a continua\u00e7\u00e3o do nosso caminho de f\u00e9 e evangeliza\u00e7\u00e3o. O Espirito de comunh\u00e3o e miss\u00e3o resumem os objetivos essenciais do nosso programa pastoral.<\/p>\n<p style=\"text-align: justify\">A nossa Igreja, m\u00e3e e mestra, \u00e9 rica do testemunho de tantos santos e santas, homens e mulheres que marcaram nossa hist\u00f3ria pelo testemunho da santidade evang\u00e9lica de profecia e comunh\u00e3o. \u00a0Todos eles se emprenharam em viver sua voca\u00e7\u00e3o, conforme inspira\u00e7\u00e3o do esp\u00edrito deixando seu legado \u00e0s gera\u00e7\u00f5es de hoje, a boa not\u00edcia de que somos filhos de Deus, que Jesus nos ama e d\u00e1 a sua vida por n\u00f3s.<\/p>\n<p style=\"text-align: justify\">Abramos nossos cora\u00e7\u00f5es ao Esp\u00edrito Santo para irmos ao encontro de nossos irm\u00e3os e irm\u00e3s dispostos a acolher, abra\u00e7ar e encorajar na caminhada, recordado sempre aquele apelo do Papa Francisco de que somos uma igreja em constante sa\u00edda.<\/p>\n<p style=\"text-align: justify\">Que o testemunho silencioso e ao mesmo tempo prof\u00e9tico de Maria, a Senhora de Aparecida, sempre nos inspire, nos ilumine e reacenda em n\u00f3s o desejo de sermos cada vez mais disc\u00edpulos e mission\u00e1rios de Jesus Cristo, para que todos tenham vida e a tenham em abund\u00e2ncia.\u00a0 Intercede por n\u00f3s M\u00e3e querida, acompanha nossa Arquidiocese em sua miss\u00e3o de ser e fazer disc\u00edpulos.<\/p>\n<p style=\"text-align: justify\">Rezemos: \u201cestamos M\u00e3e querida, teus filhos e filhas peregrinos de S\u00e3o Sebasti\u00e3o do Rio de Janeiro, estamos em esp\u00edrito e vida, unidos em comunh\u00e3o de irm\u00e3os e irm\u00e3s junto com seus pastores.<\/p>\n<p style=\"text-align: justify\">Aqui trazemos as alegrias, dores e esperan\u00e7a de nosso Povo, especialmente o povo sofrido que conta com a prote\u00e7\u00e3o da M\u00e3e, esta M\u00e3e que acolhe, ampara e acompanha no seu cora\u00e7\u00e3o materno, todos os seus filhos e filhas.<\/p>\n<p style=\"text-align: justify\">Neste ano de tantas b\u00ean\u00e7\u00e3os e a\u00e7\u00e3o de gra\u00e7as, nossa Igreja celebra o ano do Laicato, trazemos todos os dons que s\u00e3o ofertados constantemente a Deus e a servi\u00e7o do seu reino, por tantos irm\u00e3os leigos e leigas testemunhas do Ressuscitado.<\/p>\n<p style=\"text-align: justify\">Trazemos M\u00e3e querida os teus filhos que n\u00e3o puderam vir fisicamente, mas com certeza aqui se encontram em esp\u00edrito, e pela f\u00e9, estamos em comunh\u00e3o com todos. Muitos deles nos acompanham pelos meios de comunica\u00e7\u00e3o social. Destes irm\u00e3os e im\u00e3s queremos recordar os enfermos, os pobres e sofredores, tantas vezes v\u00edtimas da viol\u00eancia, da opress\u00e3o do abandono, estes tamb\u00e9m vieram e aqui se encontram pela comunh\u00e3o fraterna de irm\u00e3os que oram e intercede uns pelos outros.<\/p>\n<p style=\"text-align: justify\">Estamos aqui M\u00e3e Aparecida, nos passos de antigos peregrinos que ao longo de nossa hist\u00f3ria j\u00e1 vieram a este santu\u00e1rio viver a experiencia da f\u00e9 e do amor maternal da M\u00e3e.<\/p>\n<p style=\"text-align: justify\">Queremos fazer memoria da tradi\u00e7\u00e3o devocional de percorrer caminhos, de peregrinar os lugares sagrados, este lugar \u00e9 sagrado, \u00e9 a casa da M\u00e3e querida, companheira fiel, protetora do Povo brasileiro.<\/p>\n<p style=\"text-align: justify\">Estamos em peregrina\u00e7\u00e3o, pois sabemos que nossa vida \u00e9 um constante peregrinar, sim todos os dias peregrinamos em busca de um mundo mais justo, humano e fraterno. Somos peregrinos de uma p\u00e1tria que n\u00e3o \u00e9 terrena.<\/p>\n<p style=\"text-align: justify\">Consagramos nossa Arquidiocese, com seus pastores e todo povo de Deus presente, a fim de que sejamos cada vez mais peregrinos do Senhor a servi\u00e7o do seu reino hoje e sempre. Rogai por n\u00f3s M\u00e3e querida Nossa Senhora Aparecida, aux\u00edlio dos crist\u00e3os, am\u00e9m! Viva Nossa Senhora Aparecida Rainha e Padroeira do Brasil!\u201d<\/p>\n","protected":false},"excerpt":{"rendered":"<p>Cardeal Orani Jo\u00e3o Tempesta Arcebispo Metropolitano de S\u00e3o Sebasti\u00e3o do Rio de Janeiro (RJ)\u00a0 Somos Peregrinos do Senhor \u00e0 Casa da M\u00e3e de Deus e nossa, Romeiros de Senhora Aparecida Rainha e Padroeira do Brasil! Quanta alegria e paz sentimos no cora\u00e7\u00e3o por estarmos mais uma vez como Peregrinos de Deus \u00e0 casa da M\u00e3e.\u00a0 &hellip;<\/p>\n<p class=\"read-more\"> <a class=\"\" href=\"https:\/\/www.cnbb.org.br\/rio-em-romaria\/\"> <span class=\"screen-reader-text\">Rio em romaria<\/span> Leia mais &raquo;<\/a><\/p>\n","protected":false},"author":31,"featured_media":0,"comment_status":"closed","ping_status":"open","sticky":false,"template":"","format":"standard","meta":{"site-sidebar-layout":"default","site-content-layout":"default","ast-global-header-display":"","ast-banner-title-visibility":"","ast-main-header-display":"","ast-hfb-above-header-display":"","ast-hfb-below-header-display":"","ast-hfb-mobile-header-display":"","site-post-title":"","ast-breadcrumbs-content":"","ast-featured-img":"","footer-sml-layout":"","theme-transparent-header-meta":"","adv-header-id-meta":"","stick-header-meta":"","header-above-stick-meta":"","header-main-stick-meta":"","header-below-stick-meta":""},"categories":[758],"tags":[],"acf":[],"_links":{"self":[{"href":"https:\/\/www.cnbb.org.br\/cnbb-app\/wp\/v2\/posts\/31484"}],"collection":[{"href":"https:\/\/www.cnbb.org.br\/cnbb-app\/wp\/v2\/posts"}],"about":[{"href":"https:\/\/www.cnbb.org.br\/cnbb-app\/wp\/v2\/types\/post"}],"author":[{"embeddable":true,"href":"https:\/\/www.cnbb.org.br\/cnbb-app\/wp\/v2\/users\/31"}],"replies":[{"embeddable":true,"href":"https:\/\/www.cnbb.org.br\/cnbb-app\/wp\/v2\/comments?post=31484"}],"version-history":[{"count":0,"href":"https:\/\/www.cnbb.org.br\/cnbb-app\/wp\/v2\/posts\/31484\/revisions"}],"wp:attachment":[{"href":"https:\/\/www.cnbb.org.br\/cnbb-app\/wp\/v2\/media?parent=31484"}],"wp:term":[{"taxonomy":"category","embeddable":true,"href":"https:\/\/www.cnbb.org.br\/cnbb-app\/wp\/v2\/categories?post=31484"},{"taxonomy":"post_tag","embeddable":true,"href":"https:\/\/www.cnbb.org.br\/cnbb-app\/wp\/v2\/tags?post=31484"}],"curies":[{"name":"wp","href":"https:\/\/api.w.org\/{rel}","templated":true}]}}