{"id":31500,"date":"2018-08-23T00:00:00","date_gmt":"2018-08-23T03:00:00","guid":{"rendered":"https:\/\/www.cnbb.org.br\/o-grito-de-nossa-gente\/"},"modified":"2018-08-23T00:00:00","modified_gmt":"2018-08-23T03:00:00","slug":"o-grito-de-nossa-gente","status":"publish","type":"post","link":"https:\/\/www.cnbb.org.br\/o-grito-de-nossa-gente\/","title":{"rendered":"O grito de nossa gente"},"content":{"rendered":"<p style=\"text-align: right\"><strong>Dom Reginaldo Andrietta<\/strong><br \/>\n<strong> Bispo de Jales<\/strong><\/p>\n<p>&nbsp;<\/p>\n<p style=\"text-align: justify\">Segundo o Tribunal Superior Eleitoral, cerca de 147 milh\u00f5es de eleitores dever\u00e3o ir \u00e0s urnas este ano, para eleger presidente da rep\u00fablica, senadores, governadores, deputados federais, estaduais e do Distrito Federal. Essa \u201cRomaria \u00e0s urnas\u201d, na qual muitos dizem que n\u00e3o participar\u00e3o por n\u00e3o acreditarem nos \u201cmilagres prometidos\u201d pelos candidatos e partidos, \u00e9, no entanto, de grande import\u00e2ncia, especialmente para a classe trabalhadora.<\/p>\n<p style=\"text-align: justify\">As decis\u00f5es do governo federal est\u00e3o sendo catastr\u00f3ficas para a classe trabalhadora. Por isso, quanto mais os trabalhadores e trabalhadoras participarem na vida pol\u00edtica, mais as elites econ\u00f4micas ser\u00e3o extirpadas de espa\u00e7os institucionais que legitimam suas pol\u00edticas antissociais. Essas elites, aliadas ao capital internacional, querem um Estado forte a seu favor, dirigido por pol\u00edticos mancomunados, subservientes e f\u00e1ceis de serem manipulados.<\/p>\n<p style=\"text-align: justify\">A pol\u00edtica, que na antiguidade grega era tida como virtude, tem sido estigmatizada para que o povo trabalhador se aparte dela e as elites se tornem beneficiadas. Por isso, os meios de comunica\u00e7\u00e3o, em m\u00e3os dessas elites, disseminam a ideia de que pol\u00edtica \u00e9 coisa suja. Sua descredibiliza\u00e7\u00e3o ostensiva tem gerado avers\u00e3o popular \u00e0 vida p\u00fablica e at\u00e9 mesmo preconceito ao termo pol\u00edtica, sobretudo em ambientes religiosos conservadores.<\/p>\n<p style=\"text-align: justify\">O Papa Francisco, ao falar sobre a necessidade de \u201creabilitar a dignidade da pol\u00edtica\u201d, na sua mensagem aos pol\u00edticos cat\u00f3licos reunidos em um encontro continental, na Col\u00f4mbia, em dezembro de 2017, ressalta a import\u00e2ncia dessa \u201cnobre forma de caridade\u201d e de \u201cpol\u00edticos que anteponham o bem comum aos seus interesses privados, que n\u00e3o se deixem intimidar pelos grandes poderes financeiros e midi\u00e1ticos\u201d.<\/p>\n<p style=\"text-align: justify\">\u201cN\u00e3o podemos nos resignar \u00e0 situa\u00e7\u00e3o deteriorada na qual nos debatemos\u201d, diz o Papa nessa mensagem. Por isso, a Igreja incentiva sobretudo os crist\u00e3os leigos e leigas a assumirem sua miss\u00e3o \u201cno mundo vasto e complicado da pol\u00edtica, da realidade social e da economia\u201d conforme indica a Constitui\u00e7\u00e3o Pastoral <em>Gaudium et Spes<\/em> (Alegria e Esperan\u00e7a), do Conc\u00edlio Vaticano II. Como essa miss\u00e3o deve ser assumida no Brasil atual?<\/p>\n<p style=\"text-align: justify\">A Confer\u00eancia Nacional dos Bispos do Brasil, em sua mensagem sobre as elei\u00e7\u00f5es, em abril deste ano, prop\u00f5e identificarmos claramente os interesses subjacentes a cada candidatura, ressaltando que \u201cn\u00e3o merecem ser eleitos ou reeleitos candidatos que se rendem a uma economia que coloca o lucro acima de tudo e n\u00e3o assumem o bem comum como sua meta, nem os que prop\u00f5em e defendem reformas que atentam contra a vida dos pobres e sua dignidade.\u201d<\/p>\n<p style=\"text-align: justify\">Os pr\u00f3prios pobres devem, ent\u00e3o, saber escolher candidatos comprometidos com a classe trabalhadora. O tempo da confian\u00e7a cega, no entanto, acabou. O tempo, agora, \u00e9 de participa\u00e7\u00e3o organizada e de luta permanente. Esse \u00e9 um dos recados da 34\u00aa. Romaria Diocesana de Jales, ocorrida no \u00faltimo dia 19 de agosto. O recado da 31\u00aa. Romaria dos Trabalhadores e Trabalhadoras que ocorrer\u00e1 em Aparecida, no pr\u00f3ximo dia 7 de setembro, ser\u00e1 assim, igualmente.<\/p>\n<p style=\"text-align: justify\">Seu lema o comprova: \u201cO povo trabalhador, com esperan\u00e7a, f\u00e9 e a\u00e7\u00e3o, derruba o sistema de maldade e explora\u00e7\u00e3o\u201d. O 24\u00ba Grito dos Exclu\u00eddos e Exclu\u00eddas, promovido tamb\u00e9m pela Igreja Cat\u00f3lica no Brasil, se somar\u00e1 a essa Romaria, nesse dia. Esse \u201cGrito\u201d, inspirado no lema \u201cDesigualdade gera viol\u00eancia: basta de privil\u00e9gios\u201d, dever\u00e1 ecoar em todo o pa\u00eds, em favor de uma na\u00e7\u00e3o independente e diferente. Que seja, ent\u00e3o, um \u201cGrito\u201d de toda a nossa gente!<\/p>\n<p style=\"text-align: justify\">\n<p>&nbsp;<\/p>\n","protected":false},"excerpt":{"rendered":"<p>Dom Reginaldo Andrietta Bispo de Jales &nbsp; Segundo o Tribunal Superior Eleitoral, cerca de 147 milh\u00f5es de eleitores dever\u00e3o ir \u00e0s urnas este ano, para eleger presidente da rep\u00fablica, senadores, governadores, deputados federais, estaduais e do Distrito Federal. Essa \u201cRomaria \u00e0s urnas\u201d, na qual muitos dizem que n\u00e3o participar\u00e3o por n\u00e3o acreditarem nos \u201cmilagres prometidos\u201d &hellip;<\/p>\n<p class=\"read-more\"> <a class=\"\" href=\"https:\/\/www.cnbb.org.br\/o-grito-de-nossa-gente\/\"> <span class=\"screen-reader-text\">O grito de nossa gente<\/span> Leia mais &raquo;<\/a><\/p>\n","protected":false},"author":32,"featured_media":0,"comment_status":"closed","ping_status":"open","sticky":false,"template":"","format":"standard","meta":{"site-sidebar-layout":"default","site-content-layout":"default","ast-global-header-display":"","ast-banner-title-visibility":"","ast-main-header-display":"","ast-hfb-above-header-display":"","ast-hfb-below-header-display":"","ast-hfb-mobile-header-display":"","site-post-title":"","ast-breadcrumbs-content":"","ast-featured-img":"","footer-sml-layout":"","theme-transparent-header-meta":"","adv-header-id-meta":"","stick-header-meta":"","header-above-stick-meta":"","header-main-stick-meta":"","header-below-stick-meta":""},"categories":[758],"tags":[],"acf":[],"_links":{"self":[{"href":"https:\/\/www.cnbb.org.br\/cnbb-app\/wp\/v2\/posts\/31500"}],"collection":[{"href":"https:\/\/www.cnbb.org.br\/cnbb-app\/wp\/v2\/posts"}],"about":[{"href":"https:\/\/www.cnbb.org.br\/cnbb-app\/wp\/v2\/types\/post"}],"author":[{"embeddable":true,"href":"https:\/\/www.cnbb.org.br\/cnbb-app\/wp\/v2\/users\/32"}],"replies":[{"embeddable":true,"href":"https:\/\/www.cnbb.org.br\/cnbb-app\/wp\/v2\/comments?post=31500"}],"version-history":[{"count":0,"href":"https:\/\/www.cnbb.org.br\/cnbb-app\/wp\/v2\/posts\/31500\/revisions"}],"wp:attachment":[{"href":"https:\/\/www.cnbb.org.br\/cnbb-app\/wp\/v2\/media?parent=31500"}],"wp:term":[{"taxonomy":"category","embeddable":true,"href":"https:\/\/www.cnbb.org.br\/cnbb-app\/wp\/v2\/categories?post=31500"},{"taxonomy":"post_tag","embeddable":true,"href":"https:\/\/www.cnbb.org.br\/cnbb-app\/wp\/v2\/tags?post=31500"}],"curies":[{"name":"wp","href":"https:\/\/api.w.org\/{rel}","templated":true}]}}