{"id":31502,"date":"2018-08-23T00:00:00","date_gmt":"2018-08-23T03:00:00","guid":{"rendered":"https:\/\/www.cnbb.org.br\/ministerios-e-servicos-na-comunidade\/"},"modified":"2018-08-23T00:00:00","modified_gmt":"2018-08-23T03:00:00","slug":"ministerios-e-servicos-na-comunidade","status":"publish","type":"post","link":"https:\/\/www.cnbb.org.br\/ministerios-e-servicos-na-comunidade\/","title":{"rendered":"Minist\u00e9rios e servi\u00e7os na comunidade"},"content":{"rendered":"<p style=\"text-align: right\"><strong>Dom Jos\u00e9 Gislon<br \/>\nBispo de Erexim<\/p>\n<p><\/strong><\/p>\n<p style=\"text-align: justify\">Estimados Diocesanos! A Igreja, comunidade de f\u00e9, neste \u00faltimo domingo do m\u00eas vocacional, com alegria e esp\u00edrito de gratid\u00e3o, coloca diante do Senhor os milhares de leigos e leigas, que atrav\u00e9s dos minist\u00e9rios e servi\u00e7os, d\u00e3o vida \u00e0s nossas comunidades.<\/p>\n<p style=\"text-align: justify\">Neste Ano Nacional do Laicato, como n\u00e3o ter presente o rosto de tantos homens, mulheres e jovens, que em nome da f\u00e9 no Senhor Jesus, e seguindo o exemplo de Maria, sua m\u00e3e, como disc\u00edpulos e mission\u00e1rios, est\u00e3o servindo o Senhor e os irm\u00e3os, nas comunidades dispersas em tantas realidades dif\u00edceis e isoladas! Gra\u00e7as aos irm\u00e3os e irm\u00e3s, que assumem os minist\u00e9rios e servi\u00e7os na Igreja, o povo de Deus pode alimentar a caminhada de f\u00e9 em comunidade, semanalmente, atrav\u00e9s do P\u00e3o da Palavra e do P\u00e3o da Eucaristia.<\/p>\n<p style=\"text-align: justify\">\u00c9 atrav\u00e9s do amor servi\u00e7o das e dos catequistas que as crian\u00e7as e jovens das nossas comunidades, atrav\u00e9s da catequese, podem aprofundar o conhecimento de Jesus e se colocarem como disc\u00edpulos e mission\u00e1rios a servi\u00e7o do Reino, na Igreja comunidade de irm\u00e3os e irm\u00e3s, que celebram a vida de f\u00e9 no Senhor Ressuscitado.<\/p>\n<p style=\"text-align: justify\">Quanta disponibilidade no cora\u00e7\u00e3o dos nossos crist\u00e3os leigos e leigas, que, atrav\u00e9s dos minist\u00e9rios e servi\u00e7os junto ao povo de Deus das nossas comunidades, revelam o amor do Senhor, manifestado no amor pelos irm\u00e3os e irm\u00e3s, de modo especial pelos enfermos.<\/p>\n<p style=\"text-align: justify\">O Papa Francisco nos motiva a sermos uma Igreja em sa\u00edda. O primeiro passo de uma Igreja em sa\u00edda acontece na nossa comunidade, come\u00e7a com a nossa disponibilidade de assumir um minist\u00e9rio ou servi\u00e7o na realidade onde vivemos e celebramos a nossa vida de f\u00e9. Minha gratid\u00e3o aos leigos e leigas que, pela f\u00e9 no Senhor Jesus, assumiram minist\u00e9rios e servi\u00e7os nas nossas comunidades para servir o Senhor e a Igreja povo de Deus.<\/p>\n<p style=\"text-align: justify\">\n<p style=\"text-align: justify\">\n","protected":false},"excerpt":{"rendered":"<p>Dom Jos\u00e9 Gislon Bispo de Erexim Estimados Diocesanos! A Igreja, comunidade de f\u00e9, neste \u00faltimo domingo do m\u00eas vocacional, com alegria e esp\u00edrito de gratid\u00e3o, coloca diante do Senhor os milhares de leigos e leigas, que atrav\u00e9s dos minist\u00e9rios e servi\u00e7os, d\u00e3o vida \u00e0s nossas comunidades. Neste Ano Nacional do Laicato, como n\u00e3o ter presente &hellip;<\/p>\n<p class=\"read-more\"> <a class=\"\" href=\"https:\/\/www.cnbb.org.br\/ministerios-e-servicos-na-comunidade\/\"> <span class=\"screen-reader-text\">Minist\u00e9rios e servi\u00e7os na comunidade<\/span> Leia mais &raquo;<\/a><\/p>\n","protected":false},"author":20,"featured_media":0,"comment_status":"closed","ping_status":"open","sticky":false,"template":"","format":"standard","meta":{"site-sidebar-layout":"default","site-content-layout":"default","ast-global-header-display":"","ast-banner-title-visibility":"","ast-main-header-display":"","ast-hfb-above-header-display":"","ast-hfb-below-header-display":"","ast-hfb-mobile-header-display":"","site-post-title":"","ast-breadcrumbs-content":"","ast-featured-img":"","footer-sml-layout":"","theme-transparent-header-meta":"","adv-header-id-meta":"","stick-header-meta":"","header-above-stick-meta":"","header-main-stick-meta":"","header-below-stick-meta":""},"categories":[758],"tags":[],"acf":[],"_links":{"self":[{"href":"https:\/\/www.cnbb.org.br\/cnbb-app\/wp\/v2\/posts\/31502"}],"collection":[{"href":"https:\/\/www.cnbb.org.br\/cnbb-app\/wp\/v2\/posts"}],"about":[{"href":"https:\/\/www.cnbb.org.br\/cnbb-app\/wp\/v2\/types\/post"}],"author":[{"embeddable":true,"href":"https:\/\/www.cnbb.org.br\/cnbb-app\/wp\/v2\/users\/20"}],"replies":[{"embeddable":true,"href":"https:\/\/www.cnbb.org.br\/cnbb-app\/wp\/v2\/comments?post=31502"}],"version-history":[{"count":0,"href":"https:\/\/www.cnbb.org.br\/cnbb-app\/wp\/v2\/posts\/31502\/revisions"}],"wp:attachment":[{"href":"https:\/\/www.cnbb.org.br\/cnbb-app\/wp\/v2\/media?parent=31502"}],"wp:term":[{"taxonomy":"category","embeddable":true,"href":"https:\/\/www.cnbb.org.br\/cnbb-app\/wp\/v2\/categories?post=31502"},{"taxonomy":"post_tag","embeddable":true,"href":"https:\/\/www.cnbb.org.br\/cnbb-app\/wp\/v2\/tags?post=31502"}],"curies":[{"name":"wp","href":"https:\/\/api.w.org\/{rel}","templated":true}]}}