{"id":31512,"date":"2018-08-23T00:00:00","date_gmt":"2018-08-23T03:00:00","guid":{"rendered":"https:\/\/www.cnbb.org.br\/cursos-do-ccm-terao-novo-formato-a-partir-de-2019\/"},"modified":"2020-10-23T16:23:48","modified_gmt":"2020-10-23T19:23:48","slug":"cursos-do-ccm-terao-novo-formato-a-partir-de-2019","status":"publish","type":"post","link":"https:\/\/www.cnbb.org.br\/cursos-do-ccm-terao-novo-formato-a-partir-de-2019\/","title":{"rendered":"Cursos do CCM ter\u00e3o novo formato a partir de 2019"},"content":{"rendered":"<p style=\"text-align: justify\">O Centro Cultural Mission\u00e1rio (CCM) divulgou no dia 16 de agosto o calend\u00e1rio de cursos para o ano de 2019. De acordo com o organismo vinculado \u00e0 Confer\u00eancia Nacional dos Bispos do Brasil (CNBB) e voltado para a forma\u00e7\u00e3o na \u00e1rea da miss\u00e3o, foi criado um novo formato a partir de avalia\u00e7\u00f5es com os participantes dos cursos e com a equipe do Centro de Anima\u00e7\u00e3o e Estudos Mission\u00e1rios.<\/p>\n<p style=\"text-align: justify\">Anteriormente oferecido no m\u00ednimo duas vezes ao ano, o curso de forma\u00e7\u00e3o de inicia\u00e7\u00e3o \u00e0 miss\u00e3o no Brasil, conhecido como curso do Cenfi (Centro de Forma\u00e7\u00e3o Intercultural), acontecer\u00e1 somente uma vez em 2019. De 21 de junho a 31 de outubro de 2019, somando 100 dias de forma\u00e7\u00e3o. \u201cEstaremos realizando um \u00fanico curso do CENFI que se destina exclusivamente para mission\u00e1rios\/as que vem para viver a miss\u00e3o no Brasil por um tempo mais longo. Esse curso contempla as quatro \u00e1reas integradas: Vida comunit\u00e1ria; estudo da forma\u00e7\u00e3o da sociedade brasileira e da vida eclesial; est\u00e1gio em casa de fam\u00edlia e estudo da l\u00edngua portuguesa\u201d, informa a dire\u00e7\u00e3o do CCM.<\/p>\n<p style=\"text-align: justify\">Por outro lado, haver\u00e1 uma nova modalidade de forma\u00e7\u00e3o. Ser\u00e1 oferecido o Curso de Inicia\u00e7\u00e3o \u00e0 L\u00edngua Portuguesa para as pessoas que vem ao Brasil por um tempo mais curto, como seminaristas, religiosos e religiosas e padres. A forma\u00e7\u00e3o contempla duas \u00e1reas integradas: vida comunit\u00e1ria e estudo da l\u00edngua portuguesa com o tempo de 6 semanas. Ser\u00e1 realizado de 3 de mar\u00e7o a 19 de abril.<\/p>\n<p style=\"text-align: justify\">Outra forma\u00e7\u00e3o na \u00e1rea da L\u00edngua Portuguesa \u00e9 o Curso de Aprimoramento, dirigido a mission\u00e1rias e mission\u00e1rios que j\u00e1 est\u00e3o no Brasil h\u00e1 algum tempo, ou \u00e0queles que est\u00e3o de volta ao pa\u00eds depois de um longo per\u00edodo. Este curso contempla duas \u00e1reas: vida comunit\u00e1ria e estudo. Est\u00e1 programado para o per\u00edodo de 2 de junho a 28 de junho de 2019.<\/p>\n<p style=\"text-align: justify\">Com o objetivo de oferecer forma\u00e7\u00e3o b\u00e1sica para os mission\u00e1rios e mission\u00e1rias que s\u00e3o enviados para outros pa\u00edses, o curso Ad Gentes passa a ser oferecido entre o m\u00eas de novembro e dezembro. No pr\u00f3ximo ano, ser\u00e1 entre 10 de novembro e 6 de dezembro. \u201cEste curso requer que o mission\u00e1rio participe integralmente do curso e prime pela vida comunit\u00e1ria\u201d, ressalta a dire\u00e7\u00e3o do CCM.<\/p>\n<p style=\"text-align: justify\">Para mais informa\u00e7\u00f5es, acesse <a href=\"http:\/\/www.ccm.org.br\" target=\"_blank\" rel=\"noopener\">www.ccm.org.br<\/a><\/p>\n","protected":false},"excerpt":{"rendered":"<p>Voltado para mission\u00e1rios que vem para viver no Brasil por tempo longo, curso do Cenfi ser\u00e1 oferecido somente uma vez ao ano<\/p>\n","protected":false},"author":83,"featured_media":31513,"comment_status":"closed","ping_status":"open","sticky":false,"template":"","format":"standard","meta":{"site-sidebar-layout":"default","site-content-layout":"default","ast-global-header-display":"","ast-banner-title-visibility":"","ast-main-header-display":"","ast-hfb-above-header-display":"","ast-hfb-below-header-display":"","ast-hfb-mobile-header-display":"","site-post-title":"","ast-breadcrumbs-content":"","ast-featured-img":"","footer-sml-layout":"","theme-transparent-header-meta":"","adv-header-id-meta":"","stick-header-meta":"","header-above-stick-meta":"","header-main-stick-meta":"","header-below-stick-meta":""},"categories":[871,762],"tags":[1173],"acf":[],"_links":{"self":[{"href":"https:\/\/www.cnbb.org.br\/cnbb-app\/wp\/v2\/posts\/31512"}],"collection":[{"href":"https:\/\/www.cnbb.org.br\/cnbb-app\/wp\/v2\/posts"}],"about":[{"href":"https:\/\/www.cnbb.org.br\/cnbb-app\/wp\/v2\/types\/post"}],"author":[{"embeddable":true,"href":"https:\/\/www.cnbb.org.br\/cnbb-app\/wp\/v2\/users\/83"}],"replies":[{"embeddable":true,"href":"https:\/\/www.cnbb.org.br\/cnbb-app\/wp\/v2\/comments?post=31512"}],"version-history":[{"count":0,"href":"https:\/\/www.cnbb.org.br\/cnbb-app\/wp\/v2\/posts\/31512\/revisions"}],"wp:featuredmedia":[{"embeddable":true,"href":"https:\/\/www.cnbb.org.br\/cnbb-app\/wp\/v2\/media\/31513"}],"wp:attachment":[{"href":"https:\/\/www.cnbb.org.br\/cnbb-app\/wp\/v2\/media?parent=31512"}],"wp:term":[{"taxonomy":"category","embeddable":true,"href":"https:\/\/www.cnbb.org.br\/cnbb-app\/wp\/v2\/categories?post=31512"},{"taxonomy":"post_tag","embeddable":true,"href":"https:\/\/www.cnbb.org.br\/cnbb-app\/wp\/v2\/tags?post=31512"}],"curies":[{"name":"wp","href":"https:\/\/api.w.org\/{rel}","templated":true}]}}