{"id":31610,"date":"2018-08-31T00:00:00","date_gmt":"2018-08-31T03:00:00","guid":{"rendered":"https:\/\/www.cnbb.org.br\/empreendedor-cristao-em-saida-pelo-reino\/"},"modified":"2018-08-31T00:00:00","modified_gmt":"2018-08-31T03:00:00","slug":"empreendedor-cristao-em-saida-pelo-reino","status":"publish","type":"post","link":"https:\/\/www.cnbb.org.br\/empreendedor-cristao-em-saida-pelo-reino\/","title":{"rendered":"Empreendedor crist\u00e3o em sa\u00edda pelo Reino"},"content":{"rendered":"<p style=\"margin: 0cm 0cm 0.0001pt;text-align: right\"><b><span style=\"color: black\">Dom Roberto Francisco Ferreria Paz<\/span><\/b><\/p>\n<p style=\"margin: 0cm 0cm 0.0001pt;text-align: right\"><b><span style=\"color: black\">Bispo de Campos (RJ)<\/span><\/b><\/p>\n<p>&nbsp;<\/p>\n<p style=\"margin: 0cm;margin-bottom: .0001pt;text-align: justify\"><span style=\"color: black\">Foi realizado, nos dias 24 e 25 de agosto, em Guarulhos &#8211; S\u00e3o Paulo, o XII Encontro de Di\u00e1logo entre Bispos e Empres\u00e1rios. No Ano Nacional do Laicato, importa reconhecer o rosto e o contributo do empreendedor crist\u00e3o como sujeito na Igreja e na Sociedade. A interface e a troca entre o gestor p\u00fablico e o empres\u00e1rio tornam-se cada vez mais necess\u00e1rios para dar \u00e0 economia (Norma da Casa) uma face humana e solid\u00e1ria.<\/p>\n<p><\/span><\/p>\n<p style=\"margin: 0cm;margin-bottom: .0001pt;text-align: justify\"><span style=\"color: black\">O Papa Francisco, na <i>Laudato Si,<\/i> convida a um di\u00e1logo fecundo entre a Economia e a Pol\u00edtica, no Plano local e Mundial, vencendo as desconfian\u00e7as e os particularismos. Precisamos de Empres\u00e1rios criativos e inovadores, para gerar uma cultura de trabalho inclusiva e transformadora, que desenvolva empresas com valores e um controle e responsabilidade social que supere capitalismos de compadrio danosos, para o bem comum e a verdadeira rentabilidade.<\/p>\n<p><\/span><\/p>\n<p style=\"margin: 0cm;margin-bottom: .0001pt;text-align: justify\"><span style=\"color: black\">Empreendedores com espiritualidade, que respondam assertivamente \u00e0 par\u00e1bola dos talentos, multiplicando bens para distribu\u00ed-los generosamente a um maior n\u00famero de comensais. Santos Empres\u00e1rios, como Enrique Shaw, Le\u00e3o Harmel e Marcelo Candia, que se santificaram com o trabalho, pelo trabalho, e no trabalho, servindo ao pr\u00f3ximo com caridade e compet\u00eancia, glorificando a Deus, gerenciando com ternura e responsabilidade a Casa Comum.<\/p>\n<p><\/span><\/p>\n<p style=\"margin: 0cm;margin-bottom: .0001pt;text-align: justify\"><span style=\"color: black\">\u00c9 hora de quebramos paradigmas e deixarmos de lado preconceitos; o empreendedorismo \u00e9 uma voca\u00e7\u00e3o nobre e desafiadora pelos riscos e incompreens\u00f5es que enfrenta, por isso a M\u00e3e Igreja os abra\u00e7a e reconhece sua dignidade e relev\u00e2ncia a servi\u00e7o do Reino, que traz vida em abund\u00e2ncia.<\/span><\/p>\n<p style=\"margin: 0cm;margin-bottom: .0001pt;text-align: justify\"><span style=\"color: black\"><br \/>\nTemos certeza que, quanto mais gestores sigam, como Mateus, Zaqueu e Barnab\u00e9, a Cristo, partilhando seus bens na justi\u00e7a e na ternura compassiva, o mundo se tornar\u00e1 uma fam\u00edlia unida e fraterna. Cumprindo os objetivos de um desenvolvimento sustent\u00e1vel, para o Ano 2030, investir na prosperidade integral que ven\u00e7a a miserabilidade e inclua num trabalho digno e decente a milh\u00f5es de irm\u00e3os, \u00e9 o prop\u00f3sito e a voca\u00e7\u00e3o aben\u00e7oada dos empreendedores crist\u00e3os. Deus seja louvado!<\/span><\/p>\n","protected":false},"excerpt":{"rendered":"<p>Dom Roberto Francisco Ferreria Paz Bispo de Campos (RJ) &nbsp; Foi realizado, nos dias 24 e 25 de agosto, em Guarulhos &#8211; S\u00e3o Paulo, o XII Encontro de Di\u00e1logo entre Bispos e Empres\u00e1rios. No Ano Nacional do Laicato, importa reconhecer o rosto e o contributo do empreendedor crist\u00e3o como sujeito na Igreja e na Sociedade. &hellip;<\/p>\n<p class=\"read-more\"> <a class=\"\" href=\"https:\/\/www.cnbb.org.br\/empreendedor-cristao-em-saida-pelo-reino\/\"> <span class=\"screen-reader-text\">Empreendedor crist\u00e3o em sa\u00edda pelo Reino<\/span> Leia mais &raquo;<\/a><\/p>\n","protected":false},"author":23,"featured_media":0,"comment_status":"closed","ping_status":"open","sticky":false,"template":"","format":"standard","meta":{"site-sidebar-layout":"default","site-content-layout":"default","ast-global-header-display":"","ast-banner-title-visibility":"","ast-main-header-display":"","ast-hfb-above-header-display":"","ast-hfb-below-header-display":"","ast-hfb-mobile-header-display":"","site-post-title":"","ast-breadcrumbs-content":"","ast-featured-img":"","footer-sml-layout":"","theme-transparent-header-meta":"","adv-header-id-meta":"","stick-header-meta":"","header-above-stick-meta":"","header-main-stick-meta":"","header-below-stick-meta":""},"categories":[758],"tags":[],"acf":[],"_links":{"self":[{"href":"https:\/\/www.cnbb.org.br\/cnbb-app\/wp\/v2\/posts\/31610"}],"collection":[{"href":"https:\/\/www.cnbb.org.br\/cnbb-app\/wp\/v2\/posts"}],"about":[{"href":"https:\/\/www.cnbb.org.br\/cnbb-app\/wp\/v2\/types\/post"}],"author":[{"embeddable":true,"href":"https:\/\/www.cnbb.org.br\/cnbb-app\/wp\/v2\/users\/23"}],"replies":[{"embeddable":true,"href":"https:\/\/www.cnbb.org.br\/cnbb-app\/wp\/v2\/comments?post=31610"}],"version-history":[{"count":0,"href":"https:\/\/www.cnbb.org.br\/cnbb-app\/wp\/v2\/posts\/31610\/revisions"}],"wp:attachment":[{"href":"https:\/\/www.cnbb.org.br\/cnbb-app\/wp\/v2\/media?parent=31610"}],"wp:term":[{"taxonomy":"category","embeddable":true,"href":"https:\/\/www.cnbb.org.br\/cnbb-app\/wp\/v2\/categories?post=31610"},{"taxonomy":"post_tag","embeddable":true,"href":"https:\/\/www.cnbb.org.br\/cnbb-app\/wp\/v2\/tags?post=31610"}],"curies":[{"name":"wp","href":"https:\/\/api.w.org\/{rel}","templated":true}]}}