{"id":31619,"date":"2018-09-03T00:00:00","date_gmt":"2018-09-03T03:00:00","guid":{"rendered":"https:\/\/www.cnbb.org.br\/basta-de-privilegios-grito-dos-excluidos-chama-atencao-para-a-questao-da-desigualdade-social\/"},"modified":"2018-09-03T00:00:00","modified_gmt":"2018-09-03T03:00:00","slug":"basta-de-privilegios-grito-dos-excluidos-chama-atencao-para-a-questao-da-desigualdade-social","status":"publish","type":"post","link":"https:\/\/www.cnbb.org.br\/basta-de-privilegios-grito-dos-excluidos-chama-atencao-para-a-questao-da-desigualdade-social\/","title":{"rendered":"Basta de privil\u00e9gios: Grito dos Exclu\u00eddos chama aten\u00e7\u00e3o para a quest\u00e3o da desigualdade social"},"content":{"rendered":"<p style=\"text-align: justify\">No dia 7 de Setembro, data na qual oficialmente se comemora a independ\u00eancia do Brasil, ser\u00e1 realizado em todo pa\u00eds o 24\u00ba Grito dos Exclu\u00eddos que, este ano, tem como lema \u201cDesigualdade gera viol\u00eancia: BASTA DE PRIVIL\u00c9GIOS!\u201d e tema \u201cVida em primeiro lugar\u201d, pelos quais, segundo a Coordena\u00e7\u00e3o Nacional, quer chamar a aten\u00e7\u00e3o da sociedade para a quest\u00e3o da desigualdade social, cada vez maior, entre os poucos endinheirados e os milh\u00f5es de despossu\u00eddos. \u201cEste sistema n\u00e3o permite que a vida esteja em primeiro lugar, porque privilegia o capital\u201d, diz a coordena\u00e7\u00e3o.<\/p>\n<p style=\"text-align: justify\">Ainda segundo a coordena\u00e7\u00e3o, o Grito se constitui em um espa\u00e7o onde as pessoas se sintam capazes de lutar pela mudan\u00e7a, atrav\u00e9s da organiza\u00e7\u00e3o, mobiliza\u00e7\u00e3o e resist\u00eancia popular. Nesse contexto, em coletiva de imprensa, realizada no dia 30 de agosto, na sede do regional Sul 1 da Confer\u00eancia Nacional dos Bispos do Brasil (CNBB), em S\u00e3o Paulo, o bispo auxiliar da arquidiocese de S\u00e3o Paulo, dom Eduardo Vieira dos Santos afirmou que as den\u00fancias trazidas pelo Grito s\u00e3o pertinentes, porque, de acordo com ele \u201ctemos uma sociedade excludente\u201d.<\/p>\n<figure id=\"attachment_200118\" aria-describedby=\"caption-attachment-200118\" style=\"width: 300px\" class=\"wp-caption alignright\"><img decoding=\"async\" loading=\"lazy\" class=\"wp-image-200118 size-medium\" src=\"https:\/\/www.cnbb.org.br\/wp-content\/uploads\/2020\/03\/Coletiva-Rede-Rua-Zeca-8-scaled.jpg\" alt=\"\" width=\"300\" height=\"213\" \/><figcaption id=\"caption-attachment-200118\" class=\"wp-caption-text\">Em coletiva de imprensa, o bispo auxiliar da arquidiocese de S\u00e3o Paulo, dom Eduardo Vieira dos Santos fala sobre o Grito. Cr\u00e9dito:\u00a0Luciney Martins<\/figcaption><\/figure>\n<p style=\"text-align: justify\">&#8220;Uma grande camada da sociedade vive \u00e0 margem dessa mesma sociedade, sem direito \u00e0 moradia, sem direito \u00e0 alimenta\u00e7\u00e3o adequada, sem direito \u00e0 sa\u00fade, ao trabalho, e todos esses aspectos fazem parte da vida e da dignidade humana. Enquanto tivermos uma parcela, que seja um da sociedade que passe por essa situa\u00e7\u00e3o, h\u00e1 sim sentido no Grito dos Exclu\u00eddos, ainda que esse exclu\u00eddo n\u00e3o seja o que grite, mas os seus irm\u00e3os devem gritar por ele&#8221;, afirmou o bispo.<\/p>\n<p style=\"text-align: justify\">Segundo dom Eduardo, a base do cristianismo \u00e9 a solidariedade. &#8220;Aquele que se omite diante do sofrimento do irm\u00e3o, aquele que recua em defender o seu irm\u00e3o diante do sofrimento ele n\u00e3o est\u00e1 vivendo o Evangelho, n\u00e3o est\u00e1 seguindo a Cristo&#8221;, assegurou.\u00a0A fala do bispo se deu ap\u00f3s a den\u00fancia de Bruna Silva. Jovem, a moradora do complexo da Mar\u00e9, no Rio de Janeiro, teve seu filho Marcus Vin\u00edcius, 14 anos, morto no dia 20 de junho pela Pol\u00edcia Civil, quando estava a caminho de sua escola. Marcus era estudante da rede municipal de ensino do Rio de Janeiro.<\/p>\n<figure id=\"attachment_200119\" aria-describedby=\"caption-attachment-200119\" style=\"width: 300px\" class=\"wp-caption alignleft\"><img decoding=\"async\" loading=\"lazy\" class=\"wp-image-200119 size-medium\" src=\"https:\/\/www.cnbb.org.br\/wp-content\/uploads\/2020\/03\/Coletiva-Marcelo-MAB-3-300x200.jpg\" alt=\"\" width=\"300\" height=\"200\" \/><figcaption id=\"caption-attachment-200119\" class=\"wp-caption-text\">O economista Pl\u00ednio de Arruda Sampaio Filho tamb\u00e9m esteve presente na coletiva. Cr\u00e9dito:\u00a0Luciney Martins<\/figcaption><\/figure>\n<p style=\"text-align: justify\">Para o economista Pl\u00ednio de Arruda Sampaio Filho, tamb\u00e9m presente na coletiva, a viol\u00eancia que mata 62 mil pessoas no Brasil \u00e9 o resultado da administra\u00e7\u00e3o da barb\u00e1rie, com a crescente explora\u00e7\u00e3o dos mais pobres e da militariza\u00e7\u00e3o. \u201cAs v\u00edtimas s\u00e3o os mais pobres e 70% deles s\u00e3o negros\u201d, lembrou. Ainda segundo o economista, a desigualdade social que existe, e que mais uma vez o Grito dos Exclu\u00eddos denuncia, \u00e9 resultado de um sistema que n\u00e3o enxerga e pauta as necessidades de sua popula\u00e7\u00e3o e sim a manuten\u00e7\u00e3o do sistema atual que exclui e promove a barb\u00e1rie aos mais pobres. \u201cNa economia, essa barb\u00e1rie, \u00e9 o chamado ajuste fiscal, o ataque \u00e0 previd\u00eancia, \u00e0 pol\u00edtica p\u00fablica. Por que nenhum candidato [\u00e0 presid\u00eancia da Rep\u00fablica] tem a coragem de pautar a D\u00edvida P\u00fablica? \u201d, questiona.<\/p>\n<p style=\"text-align: justify\">Para a soci\u00f3loga Rosilene Wansetto, uma das coordenadoras do Grito, enquanto a PEC dos gastos n\u00e3o for revogada nada de diferente poder\u00e1 ser feito no pa\u00eds. \u201c\u00c9 preciso que as pessoas questionem quais s\u00e3o as prioridades da popula\u00e7\u00e3o brasileira? Por que congelar investimentos na Sa\u00fade e Educa\u00e7\u00e3o por 20 anos? Para que o Estado brasileiro est\u00e1 servindo\u201d, questionou a soci\u00f3loga, que tamb\u00e9m denunciou a presen\u00e7a militar do Estado nas comunidades e favelas brasileiras.<\/p>\n<p style=\"text-align: left\"><span style=\"color: #800000\"><strong><img decoding=\"async\" loading=\"lazy\" class=\"size-medium wp-image-200117 alignright\" src=\"https:\/\/www.cnbb.org.br\/wp-content\/uploads\/2020\/03\/cartaz_grito-245x300.jpg\" alt=\"\" width=\"245\" height=\"300\" \/>O Cartaz<\/strong><\/span><\/p>\n<p style=\"text-align: justify\">O cartaz do 24\u00ba Grito dos Exclu\u00eddos \u00e9 de autoria de Nivalmir Santana, artista pl\u00e1stico formado pela Belas Artes de S\u00e3o Paulo e Unesp. Ele\u00a0trabalha h\u00e1 mais de 28 anos com arte sacra em igrejas espalhadas por todo o Brasil. Atua como m\u00fasico no curso de ver\u00e3o na Pontif\u00edcia Universidade Cat\u00f3lica de S\u00e3o Paulo, desde 1991.<\/p>\n<p style=\"text-align: justify\">Segundo Nivalmir Santana, o cartaz retrata a uni\u00e3o dos marginalizados e do povo sofrido que luta por vida mais digna. \u201cEsse povo unido caminha para o sol, que ilumina todas as classes. O sol para o qual esse povo se volta \u00e9 Cristo, que pela p\u00e1scoa\u00a0dissipa todas as trevas e clareia todas as coisas\u201d, explica. Ainda de acordo com ele, a mulher como figura principal retrata a gera\u00e7\u00e3o da vida, que une as for\u00e7as e luta com o povo sofrido, especialmente na atual conjuntura que vive o povo brasileiro.<\/p>\n<p style=\"text-align: justify\"><span style=\"color: #800000\"><strong>Hist\u00f3ria do Grito<\/strong><\/span><\/p>\n<p style=\"text-align: justify\">A proposta do Grito dos Exclu\u00eddos brotou do seio da Igreja, em 1995, para aprofundar o tema da Campanha da Fraternidade daquele ano, que tinha como lema \u201cEras tu, Senhor\u201d, e para responder aos desafios levantados na 2\u00aa Semana Social Brasileira, realizada em 1994, cujo tema era \u201cBrasil, alternativas e protagonistas\u201d. Em 1999 o Grito rompeu fronteiras e estendeu-se para as Am\u00e9ricas.<\/p>\n<p><strong>Com informa\u00e7\u00f5es da Rede Jubileu Sul Brasil<\/strong><\/p>\n","protected":false},"excerpt":{"rendered":"<p>24\u00ba Grito dos Exclu\u00eddos tem, este ano, como lema \u201cDesigualdade gera viol\u00eancia: BASTA DE PRIVIL\u00c9GIOS!\u201d e tema \u201cVida em primeiro lugar\u201d<\/p>\n","protected":false},"author":83,"featured_media":31621,"comment_status":"closed","ping_status":"open","sticky":false,"template":"","format":"standard","meta":{"site-sidebar-layout":"default","site-content-layout":"default","ast-global-header-display":"","ast-banner-title-visibility":"","ast-main-header-display":"","ast-hfb-above-header-display":"","ast-hfb-below-header-display":"","ast-hfb-mobile-header-display":"","site-post-title":"","ast-breadcrumbs-content":"","ast-featured-img":"","footer-sml-layout":"","theme-transparent-header-meta":"","adv-header-id-meta":"","stick-header-meta":"","header-above-stick-meta":"","header-main-stick-meta":"","header-below-stick-meta":""},"categories":[785],"tags":[],"acf":[],"_links":{"self":[{"href":"https:\/\/www.cnbb.org.br\/cnbb-app\/wp\/v2\/posts\/31619"}],"collection":[{"href":"https:\/\/www.cnbb.org.br\/cnbb-app\/wp\/v2\/posts"}],"about":[{"href":"https:\/\/www.cnbb.org.br\/cnbb-app\/wp\/v2\/types\/post"}],"author":[{"embeddable":true,"href":"https:\/\/www.cnbb.org.br\/cnbb-app\/wp\/v2\/users\/83"}],"replies":[{"embeddable":true,"href":"https:\/\/www.cnbb.org.br\/cnbb-app\/wp\/v2\/comments?post=31619"}],"version-history":[{"count":0,"href":"https:\/\/www.cnbb.org.br\/cnbb-app\/wp\/v2\/posts\/31619\/revisions"}],"wp:featuredmedia":[{"embeddable":true,"href":"https:\/\/www.cnbb.org.br\/cnbb-app\/wp\/v2\/media\/31621"}],"wp:attachment":[{"href":"https:\/\/www.cnbb.org.br\/cnbb-app\/wp\/v2\/media?parent=31619"}],"wp:term":[{"taxonomy":"category","embeddable":true,"href":"https:\/\/www.cnbb.org.br\/cnbb-app\/wp\/v2\/categories?post=31619"},{"taxonomy":"post_tag","embeddable":true,"href":"https:\/\/www.cnbb.org.br\/cnbb-app\/wp\/v2\/tags?post=31619"}],"curies":[{"name":"wp","href":"https:\/\/api.w.org\/{rel}","templated":true}]}}