{"id":31635,"date":"2018-09-03T00:00:00","date_gmt":"2018-09-03T03:00:00","guid":{"rendered":"https:\/\/www.cnbb.org.br\/basilica-do-bom-jesus-um-presente-de-papa-francisco-a-arquidiocese-de-juiz-de-fora\/"},"modified":"2018-09-03T00:00:00","modified_gmt":"2018-09-03T03:00:00","slug":"basilica-do-bom-jesus-um-presente-de-papa-francisco-a-arquidiocese-de-juiz-de-fora","status":"publish","type":"post","link":"https:\/\/www.cnbb.org.br\/basilica-do-bom-jesus-um-presente-de-papa-francisco-a-arquidiocese-de-juiz-de-fora\/","title":{"rendered":"Bas\u00edlica do Bom Jesus: um presente de Papa Francisco \u00e0 Arquidiocese de Juiz de Fora"},"content":{"rendered":"<p style=\"text-align: right\"><strong>Dom Gil Ant\u00f4nio Moreira<br \/>\nArcebispo de Juiz de Fora<br \/>\n<\/strong><\/p>\n<p><strong>\u00a0<\/strong><\/p>\n<p style=\"text-align: justify\">O t\u00edtulo de bas\u00edlica a uma igreja s\u00f3 pode ser dado pelo Sumo Pont\u00edfice. A nosso pedido, o nosso t\u00e3o amado Papa Francisco, atrav\u00e9s de sua Congrega\u00e7\u00e3o para o Culto Divino e Disciplina dos Sacramentos, presidida hoje pelo Emmo. Cardeal Robert Sarah, concedeu \u00e0 Igreja Matriz da Par\u00f3quia do Senhor Bom Jesus do Livramento, na cidade de Liberdade, desta nossa Arquidiocese, o nobil\u00edssimo t\u00edtulo.<\/p>\n<p style=\"text-align: justify\">O mencionado privil\u00e9gio destaca o templo, sobretudo em tr\u00eas aspectos: o lit\u00fargico, o eclesial e o art\u00edstico. Quanto ao aspecto lit\u00fargico, a Bas\u00edlica deve ser centro vivo da celebra\u00e7\u00e3o dos Mist\u00e9rios de Cristo, distinguindo-se pelo esmero na prepara\u00e7\u00e3o das mesmas, tendo cuidado no estrito cumprimento das normas lit\u00fargicas universais, evitando os exageros e desvirtua\u00e7\u00f5es. Importante \u00e9 o aspecto penitencial da Liturgia nas bas\u00edlicas. Elas se tornam um local da miseric\u00f3rdia de Deus, enquanto recebem, pelo ato de sua cria\u00e7\u00e3o, o benepl\u00e1cito das indulg\u00eancias plen\u00e1rias em v\u00e1rias datas, como no anivers\u00e1rio da sua Dedica\u00e7\u00e3o, na festa lit\u00fargica do seu titular (em nosso caso, 14 de setembro); na solenidade dos Santos Ap\u00f3stolos S\u00e3o Pedro e S\u00e3o Paulo (29 de junho); no anivers\u00e1rio da concess\u00e3o do t\u00edtulo (em nosso caso, 6 de agosto). Al\u00e9m dessas datas, a Santa S\u00e9 concede ao Bispo o direito de escolher outro dia e assim, em nosso caso, determinamos que seja o primeiro domingo de setembro de cada ano, quando ocorre a abertura do Jubileu com o translado da imagem votiva do Bom Jesus.\u00a0 Da mesma forma, \u00e9 concedido aos fi\u00e9is que, na impossibilidade de comparecer a uma dessas datas, possa escolher ele mesmo um dia para visitar o Santu\u00e1rio Bas\u00edlica e lucrar a indulg\u00eancia, o que significa que, na pr\u00e1tica, todos os dias do ano s\u00e3o dias de indulg\u00eancia plen\u00e1ria nas bas\u00edlicas. Em todos estes casos, para obter o mencionado benef\u00edcio espiritual, o fiel deve cumprir as costumeiras condi\u00e7\u00f5es que s\u00e3o: rezar ao menos a ora\u00e7\u00e3o ensinada por Jesus, ou seja, o Pai Nosso, recitar o Creio, fazer a Confiss\u00e3o sacramental, receber a Comunh\u00e3o Eucar\u00edstica e rezar pelas inten\u00e7\u00f5es do Papa.<\/p>\n<p style=\"text-align: justify\">O segundo distintivo das Bas\u00edlicas \u00e9 o eclesial, porquanto celebra, refor\u00e7a e amplia o sentido de unidade universal da Igreja simbolizada pela pessoa do Sucessor de Pedro. Sendo as bas\u00edlicas menores como que decorrentes das quatro bas\u00edlicas maiores presentes em Roma. Por isso, nas bas\u00edlicas, celebram-se, com mais solenidade, os anivers\u00e1rios da elei\u00e7\u00e3o e in\u00edcio do minist\u00e9rio do Sucessor de Pedro.<\/p>\n<p style=\"text-align: justify\">N\u00e3o menos importante \u00e9 o aspecto art\u00edstico que distingue as bas\u00edlicas. Na arte se expressa o amor. A beleza que vemos na terra \u00e9 um reflexo da perfeita beleza de Deus. Ele \u00e9 belo em seu ser e em tudo que faz. Por isso os crist\u00e3os o louvam tamb\u00e9m pelas artes. Oferecer o que h\u00e1 de melhor e de mais belo a Deus \u00e9 mais que um dever, \u00e9 um prazer que preenche o cora\u00e7\u00e3o da pessoa humana e inebria a sua alma. A arte tem algo de espiritual, capaz de ir al\u00e9m da mat\u00e9ria e de enlevar os cora\u00e7\u00f5es. Se n\u00e3o houvesse arte, a vida seria insuport\u00e1vel. A arte inspira paz, ajuda a vencer o mal e faz compreender com serenidade at\u00e9 a morte. Quando vemos uma igreja feita com arte, ornamentada condignamente, bem cuidada, o nosso cora\u00e7\u00e3o encontra um ambiente prop\u00edcio para a ora\u00e7\u00e3o e a experi\u00eancia de aut\u00eantica comunh\u00e3o com Deus e com os irm\u00e3os. Por isso a Igreja enaltece com o t\u00edtulo de bas\u00edlica aqueles templos constru\u00eddos com especiais cuidados art\u00edsticos e com isso, ela presta seu louvor \u00e0s comunidades que investiram neste item.<\/p>\n<p style=\"text-align: justify\">O presente do Santo Padre Francisco ser\u00e1 entregue \u00e0 nossa Arquidiocese no dia 14 setembro pr\u00f3ximo, \u00e0s 16h30min, na cidade de Liberdade, que passar\u00e1 a ser a \u00fanica par\u00f3quia com este privil\u00e9gio em nossa Igreja Local.<\/p>\n<p style=\"text-align: justify\">\n<p>&nbsp;<\/p>\n","protected":false},"excerpt":{"rendered":"<p>Dom Gil Ant\u00f4nio Moreira Arcebispo de Juiz de Fora \u00a0 O t\u00edtulo de bas\u00edlica a uma igreja s\u00f3 pode ser dado pelo Sumo Pont\u00edfice. A nosso pedido, o nosso t\u00e3o amado Papa Francisco, atrav\u00e9s de sua Congrega\u00e7\u00e3o para o Culto Divino e Disciplina dos Sacramentos, presidida hoje pelo Emmo. Cardeal Robert Sarah, concedeu \u00e0 Igreja &hellip;<\/p>\n<p class=\"read-more\"> <a class=\"\" href=\"https:\/\/www.cnbb.org.br\/basilica-do-bom-jesus-um-presente-de-papa-francisco-a-arquidiocese-de-juiz-de-fora\/\"> <span class=\"screen-reader-text\">Bas\u00edlica do Bom Jesus: um presente de Papa Francisco \u00e0 Arquidiocese de Juiz de Fora<\/span> Leia mais &raquo;<\/a><\/p>\n","protected":false},"author":12,"featured_media":0,"comment_status":"closed","ping_status":"open","sticky":false,"template":"","format":"standard","meta":{"site-sidebar-layout":"default","site-content-layout":"default","ast-global-header-display":"","ast-banner-title-visibility":"","ast-main-header-display":"","ast-hfb-above-header-display":"","ast-hfb-below-header-display":"","ast-hfb-mobile-header-display":"","site-post-title":"","ast-breadcrumbs-content":"","ast-featured-img":"","footer-sml-layout":"","theme-transparent-header-meta":"","adv-header-id-meta":"","stick-header-meta":"","header-above-stick-meta":"","header-main-stick-meta":"","header-below-stick-meta":""},"categories":[758],"tags":[],"acf":[],"_links":{"self":[{"href":"https:\/\/www.cnbb.org.br\/cnbb-app\/wp\/v2\/posts\/31635"}],"collection":[{"href":"https:\/\/www.cnbb.org.br\/cnbb-app\/wp\/v2\/posts"}],"about":[{"href":"https:\/\/www.cnbb.org.br\/cnbb-app\/wp\/v2\/types\/post"}],"author":[{"embeddable":true,"href":"https:\/\/www.cnbb.org.br\/cnbb-app\/wp\/v2\/users\/12"}],"replies":[{"embeddable":true,"href":"https:\/\/www.cnbb.org.br\/cnbb-app\/wp\/v2\/comments?post=31635"}],"version-history":[{"count":0,"href":"https:\/\/www.cnbb.org.br\/cnbb-app\/wp\/v2\/posts\/31635\/revisions"}],"wp:attachment":[{"href":"https:\/\/www.cnbb.org.br\/cnbb-app\/wp\/v2\/media?parent=31635"}],"wp:term":[{"taxonomy":"category","embeddable":true,"href":"https:\/\/www.cnbb.org.br\/cnbb-app\/wp\/v2\/categories?post=31635"},{"taxonomy":"post_tag","embeddable":true,"href":"https:\/\/www.cnbb.org.br\/cnbb-app\/wp\/v2\/tags?post=31635"}],"curies":[{"name":"wp","href":"https:\/\/api.w.org\/{rel}","templated":true}]}}