{"id":31653,"date":"2018-09-06T00:00:00","date_gmt":"2018-09-06T03:00:00","guid":{"rendered":"https:\/\/www.cnbb.org.br\/arquidiocese-de-curitiba-se-une-a-entidades-evangelicas-em-favor-da-vida\/"},"modified":"2018-09-06T00:00:00","modified_gmt":"2018-09-06T03:00:00","slug":"arquidiocese-de-curitiba-se-une-a-entidades-evangelicas-em-favor-da-vida","status":"publish","type":"post","link":"https:\/\/www.cnbb.org.br\/arquidiocese-de-curitiba-se-une-a-entidades-evangelicas-em-favor-da-vida\/","title":{"rendered":"Arquidiocese de Curitiba se une a entidades evang\u00e9licas"},"content":{"rendered":"<p style=\"text-align: justify\">Est\u00e1 marcada para o dia 15 de setembro a \u201cManifesta\u00e7\u00e3o pela vida\u201d. Esta \u00e9 uma mobiliza\u00e7\u00e3o da arquidiocese de Curitiba (PR) e de centenas de entidades paranaenses, como Igrejas evang\u00e9licas, ONGs e movimentos que pretende levar dezenas de milhares de pessoas \u00e0s ruas da capital do Paran\u00e1 para dizer n\u00e3o ao aborto e sim \u00e0s vidas da m\u00e3e e do beb\u00ea. O evento est\u00e1 marcado para o per\u00edodo de 14h \u00e0s 18h, em frente ao Pal\u00e1cio Igua\u00e7u.<\/p>\n<p style=\"text-align: justify\">Est\u00e3o previstas apresenta\u00e7\u00f5es musicais, testemunhos, ora\u00e7\u00f5es e discursos num ato sem vincula\u00e7\u00f5es pol\u00edtico-partid\u00e1rias, destinado a toda a cidade e que promete lotar a Pra\u00e7a Nossa Senhora da Salete. Durante a manifesta\u00e7\u00e3o ser\u00e1 gravada uma mensagem em v\u00eddeo destinada aos 11 ministros do STF, na qual toda a multid\u00e3o presente dir\u00e1 o que espera do tribunal.<\/p>\n<p style=\"text-align: justify\"><a href=\"http:\/\/cnbbs2.org.br\/2018\/09\/curitiba-tera-grande-manifestacao-em-defesa-da-vida\/\" target=\"_blank\" rel=\"noopener\">Leia a not\u00edcia completa.\u00a0<\/a><\/p>\n","protected":false},"excerpt":{"rendered":"<p>Durante manifesta\u00e7\u00e3o ser\u00e1 gravada uma mensagem em v\u00eddeo destinada aos ministros do STF pedindo que n\u00e3o fa\u00e7am legaliza\u00e7\u00e3o do aborto por meio judicial<\/p>\n","protected":false},"author":83,"featured_media":31654,"comment_status":"closed","ping_status":"open","sticky":false,"template":"","format":"standard","meta":{"site-sidebar-layout":"default","site-content-layout":"default","ast-global-header-display":"","ast-banner-title-visibility":"","ast-main-header-display":"","ast-hfb-above-header-display":"","ast-hfb-below-header-display":"","ast-hfb-mobile-header-display":"","site-post-title":"","ast-breadcrumbs-content":"","ast-featured-img":"","footer-sml-layout":"","theme-transparent-header-meta":"","adv-header-id-meta":"","stick-header-meta":"","header-above-stick-meta":"","header-main-stick-meta":"","header-below-stick-meta":""},"categories":[769,781],"tags":[],"acf":[],"_links":{"self":[{"href":"https:\/\/www.cnbb.org.br\/cnbb-app\/wp\/v2\/posts\/31653"}],"collection":[{"href":"https:\/\/www.cnbb.org.br\/cnbb-app\/wp\/v2\/posts"}],"about":[{"href":"https:\/\/www.cnbb.org.br\/cnbb-app\/wp\/v2\/types\/post"}],"author":[{"embeddable":true,"href":"https:\/\/www.cnbb.org.br\/cnbb-app\/wp\/v2\/users\/83"}],"replies":[{"embeddable":true,"href":"https:\/\/www.cnbb.org.br\/cnbb-app\/wp\/v2\/comments?post=31653"}],"version-history":[{"count":0,"href":"https:\/\/www.cnbb.org.br\/cnbb-app\/wp\/v2\/posts\/31653\/revisions"}],"wp:featuredmedia":[{"embeddable":true,"href":"https:\/\/www.cnbb.org.br\/cnbb-app\/wp\/v2\/media\/31654"}],"wp:attachment":[{"href":"https:\/\/www.cnbb.org.br\/cnbb-app\/wp\/v2\/media?parent=31653"}],"wp:term":[{"taxonomy":"category","embeddable":true,"href":"https:\/\/www.cnbb.org.br\/cnbb-app\/wp\/v2\/categories?post=31653"},{"taxonomy":"post_tag","embeddable":true,"href":"https:\/\/www.cnbb.org.br\/cnbb-app\/wp\/v2\/tags?post=31653"}],"curies":[{"name":"wp","href":"https:\/\/api.w.org\/{rel}","templated":true}]}}