{"id":31660,"date":"2018-09-05T00:00:00","date_gmt":"2018-09-05T03:00:00","guid":{"rendered":"https:\/\/www.cnbb.org.br\/a-catequese-nao-pode-falhar\/"},"modified":"2018-09-05T00:00:00","modified_gmt":"2018-09-05T03:00:00","slug":"a-catequese-nao-pode-falhar","status":"publish","type":"post","link":"https:\/\/www.cnbb.org.br\/a-catequese-nao-pode-falhar\/","title":{"rendered":"A catequese n\u00e3o pode falhar"},"content":{"rendered":"<div class=\"m_6370387623640410748gmail-node_titulo\" style=\"text-align: justify\"><\/div>\n<div class=\"m_6370387623640410748gmail-row\" style=\"text-align: justify\">\n<div id=\"m_6370387623640410748gmail-sharebar_control_box\" class=\"m_6370387623640410748gmail-twelve m_6370387623640410748gmail-columns\">\n<div class=\"m_6370387623640410748gmail-sharebar\">\n<div class=\"m_6370387623640410748gmail-region m_6370387623640410748gmail-region-sharebar\">\n<div id=\"m_6370387623640410748gmail-block-sharethis-sharethis-block\" class=\"m_6370387623640410748gmail-block m_6370387623640410748gmail-block-sharethis\">\n<div style=\"text-align: right\"><strong>Cardeal Odilo Pedro Scherer<\/strong><br \/>\n<strong> Arcebispo de S\u00e3o Paulo (SP)\u00a0<\/strong><\/div>\n<div><\/div>\n<div class=\"m_6370387623640410748gmail-content\">Na \u00faltima semana de agosto, est\u00e1 em destaque a voca\u00e7\u00e3o dos crist\u00e3os leigos e as muitas maneiras como eles participam da vida e da miss\u00e3o da Igreja. A Igreja \u00e9 formada por um imenso \u201cpovo de batizados\u201d, um \u201cpovo de vocacionados\u201d, em que cada um recebeu de Deus um dom para o seu pr\u00f3prio proveito, mas tamb\u00e9m para o proveito da Igreja inteira. Recebemos os dons em fun\u00e7\u00e3o de miss\u00f5es que devemos cumprir.<\/div>\n<\/div>\n<\/div>\n<\/div>\n<\/div>\n<\/div>\n<p style=\"text-align: justify\">Dois s\u00e3o os vastos campos da vida e da miss\u00e3o da Igreja onde os leigos s\u00e3o chamados a participar: na vida interna da Igreja, eles exercem diversos minist\u00e9rios n\u00e3o ordenados e tamb\u00e9m partilham, com o clero, as responsabilidades pelo an\u00fancio do Evangelho, a organiza\u00e7\u00e3o dos v\u00e1rios servi\u00e7os nas comunidades e o testemunho da vida crist\u00e3.<\/p>\n<p style=\"text-align: justify\">O outro vast\u00edssimo campo da miss\u00e3o dos leigos \u00e9 o \u201cmundo secular\u201d, onde eles s\u00e3o cidad\u00e3os ao lado dos demais cidad\u00e3os, encarregados de promover a \u201cobra boa\u201d em rela\u00e7\u00e3o \u00e0 vida familiar e matrimonial, \u00e0 educa\u00e7\u00e3o, \u00e0 cultura e ao trabalho profissional, \u00e0s responsabilidades p\u00fablicas e pol\u00edticas. Os leigos s\u00e3o mensageiros do Evangelho pela palavra, a a\u00e7\u00e3o e o testemunho nos ambientes do \u201cmundo\u201d, onde a Igreja n\u00e3o est\u00e1 presente como institui\u00e7\u00e3o.<\/p>\n<p style=\"text-align: justify\">Os crist\u00e3os leigos t\u00eam a miss\u00e3o, em nome da Igreja, de edificar o\u00a0mundo conforme o reino de Deus. Em todas as inst\u00e2ncias da vida e da atividade humana em que est\u00e3o inseridos, eles devem fazer levar a luz, o sal e o fermento do Evangelho de Cristo. S\u00e3o testemunhas de Deus e ajudam as pessoas a se encaminharem para Deus. E cabelhes a miss\u00e3o nada f\u00e1cil de fazer a s\u00edntese entre a f\u00e9 professada e a vida de cada dia.<\/p>\n<p style=\"text-align: justify\">Entre os leigos que desempenham servi\u00e7os na vida interna da Igreja lembramos especialmente os catequistas. Eles t\u00eam a miss\u00e3o de ajudar os irm\u00e3os na inicia\u00e7\u00e3o \u00e0 vida crist\u00e3 e na f\u00e9 da Igreja Cat\u00f3lica. S\u00e3o pedagogos da f\u00e9, que ajudam crian\u00e7as, adolescentes, jovens e adultos a conhecerem os mist\u00e9rios da f\u00e9 e da vida crist\u00e3 e os introduzem, pouco a pouco, na vida da comunidade eclesial.<\/p>\n<p style=\"text-align: justify\">A f\u00e9 e a vida crist\u00e3 despertam do encontro com Deus e com Jesus Cristo Salvador e, por isso, a a\u00e7\u00e3o dos catequistas tem o objetivo de ajudar as pessoas a terem esse encontro com Deus atrav\u00e9s do conhecimento das verdades da f\u00e9 e atrav\u00e9s da pr\u00e1tica crist\u00e3. Os catequistas ajudam a fazer a experi\u00eancia da f\u00e9 vivida, conforme o convite do salmo: \u201cprovai e vede como o Senhor \u00e9 bom!\u201d (Sl 33\/34).<\/p>\n<p style=\"text-align: justify\">A catequese \u00e9 um aspecto fundamental da evangeliza\u00e7\u00e3o e n\u00e3o pode faltar em nenhuma par\u00f3quia ou comunidade crist\u00e3. Ela possui diversos momentos, que v\u00e3o do \u201cprimeiro an\u00fancio\u201d, ou querigma, ao aprofundamento do conhecimento e da ades\u00e3o de f\u00e9, e deve levar \u00e0 maturidade da f\u00e9, que se traduz na vida crist\u00e3 coerente e na pr\u00e1tica das virtudes e das bem-aventuran\u00e7as. De fato, a catequese\u00a0continua ao longo de toda a vida e requer sempre novos aprofundamentos diante das situa\u00e7\u00f5es e circunst\u00e2ncias novas da vida.<\/p>\n<p style=\"text-align: justify\">A boa catequese n\u00e3o pode ater-se apenas ao conhecimento intelectual da f\u00e9 e da religi\u00e3o, mas precisa ser orientada necessariamente \u00e0 pr\u00e1tica da vida crist\u00e3: deve levar \u00e0 ora\u00e7\u00e3o, nas suas m\u00faltiplas formas; \u00e0 vida moral coerente com os mandamentos de Deus e com os ensinamentos de Jesus; deve levar \u00e0 pr\u00e1tica das virtudes, \u00e0 vida honesta e ao envolvimento social para a edifica\u00e7\u00e3o do mundo \u201cconforme Deus\u201d. A catequese deve tamb\u00e9m levar \u00e0 participa\u00e7\u00e3o ativa e generosa na vida e na miss\u00e3o da comunidade crist\u00e3. O caminho da catequese n\u00e3o pode deixar de ser um caminho paciente e perseverante de inser\u00e7\u00e3o na comunidade eclesial, onde os cat\u00f3licos se sentem como em sua casa e em sua fam\u00edlia. Por isso, a catequese n\u00e3o pode deixar de apresentar uma boa e correta vis\u00e3o da Igreja de Cristo, da qual os catequizandos tamb\u00e9m s\u00e3o parte e devem sentir-se participantes. A catequese seria muito incompleta se n\u00e3o conseguisse transmitir tamb\u00e9m um amor sincero e filial \u00e0 Igreja.<\/p>\n<p style=\"text-align: justify\">O s\u00ednodo arquidiocesano que estamos realizando dever\u00e1 fazer uma boa avalia\u00e7\u00e3o sobre a situa\u00e7\u00e3o real da catequese em nossas par\u00f3quias e comunidades. A catequese \u00e9 uma a\u00e7\u00e3o priorit\u00e1ria da Igreja e deve merecer o melhor de nossas aten\u00e7\u00f5es. Se ela for falha, estaremos colocando seriamente em risco o futuro da evangeliza\u00e7\u00e3o e da transmiss\u00e3o da f\u00e9 crist\u00e3.<\/p>\n","protected":false},"excerpt":{"rendered":"<p>Cardeal Odilo Pedro Scherer Arcebispo de S\u00e3o Paulo (SP)\u00a0 Na \u00faltima semana de agosto, est\u00e1 em destaque a voca\u00e7\u00e3o dos crist\u00e3os leigos e as muitas maneiras como eles participam da vida e da miss\u00e3o da Igreja. A Igreja \u00e9 formada por um imenso \u201cpovo de batizados\u201d, um \u201cpovo de vocacionados\u201d, em que cada um recebeu &hellip;<\/p>\n<p class=\"read-more\"> <a class=\"\" href=\"https:\/\/www.cnbb.org.br\/a-catequese-nao-pode-falhar\/\"> <span class=\"screen-reader-text\">A catequese n\u00e3o pode falhar<\/span> Leia mais &raquo;<\/a><\/p>\n","protected":false},"author":9,"featured_media":0,"comment_status":"closed","ping_status":"open","sticky":false,"template":"","format":"standard","meta":{"site-sidebar-layout":"default","site-content-layout":"default","ast-global-header-display":"","ast-banner-title-visibility":"","ast-main-header-display":"","ast-hfb-above-header-display":"","ast-hfb-below-header-display":"","ast-hfb-mobile-header-display":"","site-post-title":"","ast-breadcrumbs-content":"","ast-featured-img":"","footer-sml-layout":"","theme-transparent-header-meta":"","adv-header-id-meta":"","stick-header-meta":"","header-above-stick-meta":"","header-main-stick-meta":"","header-below-stick-meta":""},"categories":[758],"tags":[],"acf":[],"_links":{"self":[{"href":"https:\/\/www.cnbb.org.br\/cnbb-app\/wp\/v2\/posts\/31660"}],"collection":[{"href":"https:\/\/www.cnbb.org.br\/cnbb-app\/wp\/v2\/posts"}],"about":[{"href":"https:\/\/www.cnbb.org.br\/cnbb-app\/wp\/v2\/types\/post"}],"author":[{"embeddable":true,"href":"https:\/\/www.cnbb.org.br\/cnbb-app\/wp\/v2\/users\/9"}],"replies":[{"embeddable":true,"href":"https:\/\/www.cnbb.org.br\/cnbb-app\/wp\/v2\/comments?post=31660"}],"version-history":[{"count":0,"href":"https:\/\/www.cnbb.org.br\/cnbb-app\/wp\/v2\/posts\/31660\/revisions"}],"wp:attachment":[{"href":"https:\/\/www.cnbb.org.br\/cnbb-app\/wp\/v2\/media?parent=31660"}],"wp:term":[{"taxonomy":"category","embeddable":true,"href":"https:\/\/www.cnbb.org.br\/cnbb-app\/wp\/v2\/categories?post=31660"},{"taxonomy":"post_tag","embeddable":true,"href":"https:\/\/www.cnbb.org.br\/cnbb-app\/wp\/v2\/tags?post=31660"}],"curies":[{"name":"wp","href":"https:\/\/api.w.org\/{rel}","templated":true}]}}